{"id":26578,"date":"2024-09-11T02:09:49","date_gmt":"2024-09-11T05:09:49","guid":{"rendered":"https:\/\/revistaepocadigital.com.ar\/?p=26578"},"modified":"2024-09-11T02:10:22","modified_gmt":"2024-09-11T05:10:22","slug":"epoca-en-tomalo-con-calma-en-fm-studio-90-5","status":"publish","type":"post","link":"https:\/\/revistaepocadigital.com.ar\/?p=26578","title":{"rendered":"EPOCA EN &#8220;T\u00d3MALO CON CALMA&#8221; EN FM STUDIO 90.5"},"content":{"rendered":"<p>&nbsp;<\/p>\n<p><strong>UN IDA Y VUELTA QUE ABARC\u00d3 DIVERSOS TEMAS.<\/strong><!--more--><\/p>\n<p>En el programa que se emite por FM Studio 90.5, y que tambi\u00e9n se puede ver y escuchar por el canal en YouTube de FM Studio 90.5, producido y conducido por Fabi\u00e1n Deantoni, con la colaboraci\u00f3n de Pablo De Brito, dialogaron con el director de EPOCA, Carlos Saavedra.<\/p>\n<p><img loading=\"lazy\" decoding=\"async\" class=\"alignleft size-medium wp-image-26581\" src=\"https:\/\/revistaepocadigital.com.ar\/wp-content\/uploads\/2024\/09\/epoca-3-fm-studi-300x225.jpg\" alt=\"\" width=\"300\" height=\"225\" \/> <img loading=\"lazy\" decoding=\"async\" class=\"alignright size-medium wp-image-26583\" src=\"https:\/\/revistaepocadigital.com.ar\/wp-content\/uploads\/2024\/09\/epocac-2-fm-studo99-300x225.jpg\" alt=\"\" width=\"300\" height=\"225\" srcset=\"https:\/\/revistaepocadigital.com.ar\/wp-content\/uploads\/2024\/09\/epocac-2-fm-studo99-300x225.jpg 300w, https:\/\/revistaepocadigital.com.ar\/wp-content\/uploads\/2024\/09\/epocac-2-fm-studo99-80x60.jpg 80w, https:\/\/revistaepocadigital.com.ar\/wp-content\/uploads\/2024\/09\/epocac-2-fm-studo99-160x120.jpg 160w, https:\/\/revistaepocadigital.com.ar\/wp-content\/uploads\/2024\/09\/epocac-2-fm-studo99-265x198.jpg 265w, https:\/\/revistaepocadigital.com.ar\/wp-content\/uploads\/2024\/09\/epocac-2-fm-studo99.jpg 320w\" sizes=\"auto, (max-width: 300px) 100vw, 300px\" \/><\/p>\n<p>&nbsp;<\/p>\n<p>&nbsp;<\/p>\n<p>&nbsp;<\/p>\n<p>&nbsp;<\/p>\n<p>Durante el programa radial mencionado, que se emite de lunes a jueves, fueron abarcados temas que hacen al quehacer pol\u00edtico de Exaltaci\u00f3n de la Cruz, a la gesti\u00f3n municipal actual que lleva adelante el intendente Diego Nanni, as\u00ec como hubo un repaso a la pol\u00ectica y a gestiones municipales en los \u00f9ltimos cuarenta a\u00f1os, y no escap\u00f3 el an\u00e1lisis sobre el rol y desempe\u00f1o del periodismo centralizado en el \u00e1mbito exaltacrucense.<\/p>\n<p><img loading=\"lazy\" decoding=\"async\" class=\"alignleft size-medium wp-image-26584\" src=\"https:\/\/revistaepocadigital.com.ar\/wp-content\/uploads\/2024\/09\/epoca-I-fm-studio-300x225.jpg\" alt=\"\" width=\"300\" height=\"225\" srcset=\"https:\/\/revistaepocadigital.com.ar\/wp-content\/uploads\/2024\/09\/epoca-I-fm-studio-300x225.jpg 300w, https:\/\/revistaepocadigital.com.ar\/wp-content\/uploads\/2024\/09\/epoca-I-fm-studio-1200x900.jpg 1200w, https:\/\/revistaepocadigital.com.ar\/wp-content\/uploads\/2024\/09\/epoca-I-fm-studio-768x576.jpg 768w, https:\/\/revistaepocadigital.com.ar\/wp-content\/uploads\/2024\/09\/epoca-I-fm-studio-1536x1152.jpg 1536w, https:\/\/revistaepocadigital.com.ar\/wp-content\/uploads\/2024\/09\/epoca-I-fm-studio-80x60.jpg 80w, https:\/\/revistaepocadigital.com.ar\/wp-content\/uploads\/2024\/09\/epoca-I-fm-studio-160x120.jpg 160w, https:\/\/revistaepocadigital.com.ar\/wp-content\/uploads\/2024\/09\/epoca-I-fm-studio-265x198.jpg 265w, https:\/\/revistaepocadigital.com.ar\/wp-content\/uploads\/2024\/09\/epoca-I-fm-studio-530x396.jpg 530w, https:\/\/revistaepocadigital.com.ar\/wp-content\/uploads\/2024\/09\/epoca-I-fm-studio-696x522.jpg 696w, https:\/\/revistaepocadigital.com.ar\/wp-content\/uploads\/2024\/09\/epoca-I-fm-studio-1068x801.jpg 1068w, https:\/\/revistaepocadigital.com.ar\/wp-content\/uploads\/2024\/09\/epoca-I-fm-studio-560x420.jpg 560w, https:\/\/revistaepocadigital.com.ar\/wp-content\/uploads\/2024\/09\/epoca-I-fm-studio-1120x840.jpg 1120w, https:\/\/revistaepocadigital.com.ar\/wp-content\/uploads\/2024\/09\/epoca-I-fm-studio.jpg 1600w\" sizes=\"auto, (max-width: 300px) 100vw, 300px\" \/><\/p>\n<p>Entre los temas abordados, Deantoni mencion\u00f2 la trayectoria y vigencia de la Revista EPOCA, que iniciara su camino ininterrumpido hasta la actualidad, en junio de 1983 como resultado del emprendimiento com<em>enzado en<\/em> forma conjunta por el desaparecido periodista Marcos Parodi y Carlos Saavedra.<\/p>\n<p>&nbsp;<\/p>\n<p><img loading=\"lazy\" decoding=\"async\" class=\"alignright size-medium wp-image-26586\" src=\"https:\/\/revistaepocadigital.com.ar\/wp-content\/uploads\/2024\/09\/epoca-fm-stu-4-1-300x225.jpg\" alt=\"\" width=\"300\" height=\"225\" srcset=\"https:\/\/revistaepocadigital.com.ar\/wp-content\/uploads\/2024\/09\/epoca-fm-stu-4-1-300x225.jpg 300w, https:\/\/revistaepocadigital.com.ar\/wp-content\/uploads\/2024\/09\/epoca-fm-stu-4-1-1200x900.jpg 1200w, https:\/\/revistaepocadigital.com.ar\/wp-content\/uploads\/2024\/09\/epoca-fm-stu-4-1-768x576.jpg 768w, https:\/\/revistaepocadigital.com.ar\/wp-content\/uploads\/2024\/09\/epoca-fm-stu-4-1-1536x1152.jpg 1536w, https:\/\/revistaepocadigital.com.ar\/wp-content\/uploads\/2024\/09\/epoca-fm-stu-4-1-80x60.jpg 80w, https:\/\/revistaepocadigital.com.ar\/wp-content\/uploads\/2024\/09\/epoca-fm-stu-4-1-160x120.jpg 160w, https:\/\/revistaepocadigital.com.ar\/wp-content\/uploads\/2024\/09\/epoca-fm-stu-4-1-265x198.jpg 265w, https:\/\/revistaepocadigital.com.ar\/wp-content\/uploads\/2024\/09\/epoca-fm-stu-4-1-530x396.jpg 530w, https:\/\/revistaepocadigital.com.ar\/wp-content\/uploads\/2024\/09\/epoca-fm-stu-4-1-696x522.jpg 696w, https:\/\/revistaepocadigital.com.ar\/wp-content\/uploads\/2024\/09\/epoca-fm-stu-4-1-1068x801.jpg 1068w, https:\/\/revistaepocadigital.com.ar\/wp-content\/uploads\/2024\/09\/epoca-fm-stu-4-1-560x420.jpg 560w, https:\/\/revistaepocadigital.com.ar\/wp-content\/uploads\/2024\/09\/epoca-fm-stu-4-1-1120x840.jpg 1120w, https:\/\/revistaepocadigital.com.ar\/wp-content\/uploads\/2024\/09\/epoca-fm-stu-4-1.jpg 1600w\" sizes=\"auto, (max-width: 300px) 100vw, 300px\" \/><\/p>\n<p>&#8220;<em>En el 2023, la Revista \u00c9POCA cumpli\u00f3 40 a\u00f1os ininterrumpidos, en formato impreso hasta 2020 en la Imprenta J\u00e0uregui de gran importancia en la vida periodistica de la revista, reformul\u00e1ndose luego en la edici\u00f3n digital como puede leerse en la actualidad&#8221;, <\/em>rese\u00f1\u00f3 nuestro director quien luego cuando se habl\u00f3 del rol de los periodistas afirm\u00f3: <em>&#8220;una cosa es la opini\u00f3n personal que se puede dar en una mesa de caf\u00e9, y otra es hacer periodismo<\/em>&#8220;. Tambi\u00e9n remarc\u00f3 respecto a la relaci\u00f3n con pol\u00ecticos locales que, <em>&#8220;no tengo, ni tuve devoluciones comerciales nunca por parte de ning\u00fan pol\u00edtico&#8221;,<\/em> a la vez que consider\u00f3,<em> &#8220;se puede decir que\u00a0 pudieron darse momentos r\u00edspidos con los intendentes que pasaron por la comuna, y a su vez en estos 40 a\u00f1os hubo cordialidad en la relaci\u00f3n entre EPOCA y cada uno de los intendentes&#8221;<\/em>.<\/p>\n<p>\ud83c\udfa7 FM 90.5. \ud83d\udda5\ufe0f fmstudioradio.com. \ud83d\udcf1 APP: FM Studio 90.5. Facebook: FM Studio<br \/>\nInstagram: @fmstudioradio. WhatsApp; +549 2323545390. www.capillaonline.com<\/p>\n","protected":false},"excerpt":{"rendered":"<p>&nbsp; UN IDA Y VUELTA QUE ABARC\u00d3 DIVERSOS TEMAS.<\/p>\n","protected":false},"author":4,"featured_media":26580,"comment_status":"open","ping_status":"open","sticky":false,"template":"","format":"standard","meta":{"footnotes":"","jetpack_publicize_message":"","jetpack_publicize_feature_enabled":true,"jetpack_social_post_already_shared":true,"jetpack_social_options":{"image_generator_settings":{"template":"highway","default_image_id":0,"font":"","enabled":false},"version":2}},"categories":[15],"tags":[37,2875,2872],"class_list":["post-26578","post","type-post","status-publish","format-standard","has-post-thumbnail","hentry","category-lo-que-tenes-que-saber","tag-destacada","tag-fm-90-5","tag-tomalo-con-calma"],"jetpack_publicize_connections":[],"jetpack_featured_media_url":"https:\/\/revistaepocadigital.com.ar\/wp-content\/uploads\/2024\/09\/epoca-0-fm-stu.jpg","jetpack_likes_enabled":true,"_links":{"self":[{"href":"https:\/\/revistaepocadigital.com.ar\/index.php?rest_route=\/wp\/v2\/posts\/26578","targetHints":{"allow":["GET"]}}],"collection":[{"href":"https:\/\/revistaepocadigital.com.ar\/index.php?rest_route=\/wp\/v2\/posts"}],"about":[{"href":"https:\/\/revistaepocadigital.com.ar\/index.php?rest_route=\/wp\/v2\/types\/post"}],"author":[{"embeddable":true,"href":"https:\/\/revistaepocadigital.com.ar\/index.php?rest_route=\/wp\/v2\/users\/4"}],"replies":[{"embeddable":true,"href":"https:\/\/revistaepocadigital.com.ar\/index.php?rest_route=%2Fwp%2Fv2%2Fcomments&post=26578"}],"version-history":[{"count":0,"href":"https:\/\/revistaepocadigital.com.ar\/index.php?rest_route=\/wp\/v2\/posts\/26578\/revisions"}],"wp:featuredmedia":[{"embeddable":true,"href":"https:\/\/revistaepocadigital.com.ar\/index.php?rest_route=\/wp\/v2\/media\/26580"}],"wp:attachment":[{"href":"https:\/\/revistaepocadigital.com.ar\/index.php?rest_route=%2Fwp%2Fv2%2Fmedia&parent=26578"}],"wp:term":[{"taxonomy":"category","embeddable":true,"href":"https:\/\/revistaepocadigital.com.ar\/index.php?rest_route=%2Fwp%2Fv2%2Fcategories&post=26578"},{"taxonomy":"post_tag","embeddable":true,"href":"https:\/\/revistaepocadigital.com.ar\/index.php?rest_route=%2Fwp%2Fv2%2Ftags&post=26578"}],"curies":[{"name":"wp","href":"https:\/\/api.w.org\/{rel}","templated":true}]}}