{"id":26604,"date":"2024-09-12T14:06:57","date_gmt":"2024-09-12T17:06:57","guid":{"rendered":"https:\/\/revistaepocadigital.com.ar\/?p=26604"},"modified":"2024-09-13T14:12:34","modified_gmt":"2024-09-13T17:12:34","slug":"allanamientos-en-san-miguel-esclarecieron-robo-en-el-barrio-los-pinos","status":"publish","type":"post","link":"https:\/\/revistaepocadigital.com.ar\/?p=26604","title":{"rendered":"ALLANAMIENTOS EN SAN MIGUEL, ESCLARECIERON ROBO EN EL BARRIO LOS PINOS"},"content":{"rendered":"<p><strong>ALLANAMIENTOS Y RECUPERACI\u00d3N DE OBJETOS ROBADOS.<\/strong><!--more--><\/p>\n<p>La polic\u00eda de Exaltaci\u00f3n de la Cruz logr\u00f3 esclarecer totalmente un robo perpetrado el pasado 3 de septiembre en el barrio Los Pinos, y adem\u00e1s detuvo al autor del il\u00edcito, que tambi\u00e9n estar\u00eda involucrado en otros hechos acaecidos en la zona del Corredor de Ruta 8.<\/p>\n<p>El resultado fue tras un par de allanamientos que se efectuaron durante las \u00faltimas horas en la localidad de San Miguel, en los que tambi\u00e9n se recuperaron elementos sustra\u00eddos y se secuestraron numerosos elementos de valor para la pesquisa.<\/p>\n<p>El hecho investigado se registr\u00f3 el martes 3 de septiembre pasado, en una propiedad de la calle Sarmiento en el barrio Los Pinos. Varios delincuentes ingresaron en la finca, redujeron al matrimonio propietario del lugar y los encerraron en el ba\u00f1o. Mientras tanto sustrajeron dinero en efectivo, celulares, un televisor y una notebook.<\/p>\n<p>Entonces comenz\u00f3 la investigaci\u00f3n liderada por el fiscal Juan Manuel Esperante, que incluy\u00f3 tareas de campo, el relevamiento de c\u00e1maras privadas y del Centro de Apoyo Vecinal (CAV), y labores encubiertas en San Miguel.\u00a0A pedido de Esperante, el Juzgado orden\u00f3 los allanamientos solicitados, que se realizaron esta madrugada.<\/p>\n<p>El primero de ellos se efectiviz\u00f3 en una vivienda de la calle San Jos\u00e9 al 3400 de San Miguel, donde se detuvo a un hombre de 36 a\u00f1os, acusado de haber perpetrado este robo. Adem\u00e1s se secuestr\u00f3 un Ford Fiesta negro utilizado en el momento del hecho, cuatro tel\u00e9fonos celulares, un televisor Smart Philco y otros elementos de valor para la causa.\u00a0El segundo procedimiento se concret\u00f3 en un taller mec\u00e1nico ubicado a una cuadra del otro blanco pero arroj\u00f3 resultado negativo en cuanto a la requisa del lugar.<\/p>\n","protected":false},"excerpt":{"rendered":"<p>ALLANAMIENTOS Y RECUPERACI\u00d3N DE OBJETOS ROBADOS.<\/p>\n","protected":false},"author":3,"featured_media":26605,"comment_status":"open","ping_status":"open","sticky":false,"template":"","format":"standard","meta":{"footnotes":"","jetpack_publicize_message":"","jetpack_publicize_feature_enabled":true,"jetpack_social_post_already_shared":true,"jetpack_social_options":{"image_generator_settings":{"template":"highway","default_image_id":0,"font":"","enabled":false},"version":2}},"categories":[13],"tags":[2879,176],"class_list":["post-26604","post","type-post","status-publish","format-standard","has-post-thumbnail","hentry","category-interes-general","tag-los-pinos","tag-robos"],"jetpack_publicize_connections":[],"jetpack_featured_media_url":"https:\/\/revistaepocadigital.com.ar\/wp-content\/uploads\/2024\/09\/polll.jpg","jetpack_likes_enabled":true,"_links":{"self":[{"href":"https:\/\/revistaepocadigital.com.ar\/index.php?rest_route=\/wp\/v2\/posts\/26604","targetHints":{"allow":["GET"]}}],"collection":[{"href":"https:\/\/revistaepocadigital.com.ar\/index.php?rest_route=\/wp\/v2\/posts"}],"about":[{"href":"https:\/\/revistaepocadigital.com.ar\/index.php?rest_route=\/wp\/v2\/types\/post"}],"author":[{"embeddable":true,"href":"https:\/\/revistaepocadigital.com.ar\/index.php?rest_route=\/wp\/v2\/users\/3"}],"replies":[{"embeddable":true,"href":"https:\/\/revistaepocadigital.com.ar\/index.php?rest_route=%2Fwp%2Fv2%2Fcomments&post=26604"}],"version-history":[{"count":0,"href":"https:\/\/revistaepocadigital.com.ar\/index.php?rest_route=\/wp\/v2\/posts\/26604\/revisions"}],"wp:featuredmedia":[{"embeddable":true,"href":"https:\/\/revistaepocadigital.com.ar\/index.php?rest_route=\/wp\/v2\/media\/26605"}],"wp:attachment":[{"href":"https:\/\/revistaepocadigital.com.ar\/index.php?rest_route=%2Fwp%2Fv2%2Fmedia&parent=26604"}],"wp:term":[{"taxonomy":"category","embeddable":true,"href":"https:\/\/revistaepocadigital.com.ar\/index.php?rest_route=%2Fwp%2Fv2%2Fcategories&post=26604"},{"taxonomy":"post_tag","embeddable":true,"href":"https:\/\/revistaepocadigital.com.ar\/index.php?rest_route=%2Fwp%2Fv2%2Ftags&post=26604"}],"curies":[{"name":"wp","href":"https:\/\/api.w.org\/{rel}","templated":true}]}}