{"id":26610,"date":"2024-09-13T23:54:58","date_gmt":"2024-09-14T02:54:58","guid":{"rendered":"https:\/\/revistaepocadigital.com.ar\/?p=26610"},"modified":"2024-09-13T23:58:34","modified_gmt":"2024-09-14T02:58:34","slug":"el-55o-aniversario-de-cepral","status":"publish","type":"post","link":"https:\/\/revistaepocadigital.com.ar\/?p=26610","title":{"rendered":"55 A\u00d1OS DE CEPRAL, TAMBI\u00c9N CELEBRA EL 14 DE SEPTIEMBRE"},"content":{"rendered":"<div class=\"I_ZkbNhI D_FY W_6D6F\" data-test-id=\"message-view-body\">\n<div class=\"msg-body P_wpofO mq_AS\" data-test-id=\"message-view-body-content\">\n<div class=\"jb_0 X_6MGW N_6Fd5\">\n<div id=\"yiv7522349451\">\n<div><strong>\u00a1En Contacto!<\/strong><\/div>\n<div>\n<table class=\"yiv7522349451nl2go-body-table\" role=\"presentation\" border=\"0\" width=\"100%\" cellspacing=\"0\" cellpadding=\"0\">\n<tbody>\n<tr>\n<td>\n<table class=\"yiv7522349451r0-o\" role=\"presentation\" border=\"0\" width=\"590\" cellspacing=\"0\" cellpadding=\"0\" align=\"center\">\n<tbody>\n<tr>\n<td class=\"yiv7522349451r1-i\" valign=\"top\">\n<table class=\"yiv7522349451r7-o\" role=\"presentation\" border=\"0\" width=\"100%\" cellspacing=\"0\" cellpadding=\"0\" align=\"center\">\n<tbody>\n<tr>\n<td class=\"yiv7522349451r9-i\">\n<table role=\"presentation\" border=\"0\" width=\"100%\" cellspacing=\"0\" cellpadding=\"0\">\n<tbody>\n<tr>\n<th class=\"yiv7522349451r5-c\" valign=\"top\" width=\"100%\">\n<table class=\"yiv7522349451r10-o\" role=\"presentation\" border=\"0\" width=\"100%\" cellspacing=\"0\" cellpadding=\"0\" align=\"left\">\n<tbody>\n<tr>\n<td class=\"yiv7522349451r11-i yiv7522349451nl2go-default-textstyle\" valign=\"top\">&nbsp;<\/p>\n<p><strong>Estimados vecinos y usuarios:<\/strong><\/p>\n<p>&nbsp;<\/p>\n<p><strong>Nos complace celebrar el 55\u00b0 Aniversario,<\/strong> y continuar compartiendoles informaci\u00f3n de su inter\u00e9s.<\/p>\n<p>&nbsp;<\/p>\n<p>Cumplimos un a\u00f1o m\u00e1s de trabajo, avanzando con nuestros planes de mejora, alcanzando las metas propuestas y proyectando nuevos servicios. Es nuestra manera de reafirmar el compromiso con cada uno de nuestros usuarios y con nuestra comunidad.<\/p>\n<p>&nbsp;<\/p>\n<p><strong>Servicio El\u00e9ctrico:\u00a0<\/strong>Seguimos con las tareas de mantenimiento, renovando tramos de cableado de las Redes de Media Tensi\u00f3n, esto sumado a la instalaci\u00f3n de los\u00a0<strong>Dispositivos de Telemedici\u00f3n<\/strong>, se ver\u00e1 reflejado en una notable mejora en el servicio<strong>.<\/strong><\/p>\n<p>&nbsp;<\/p>\n<p><strong>Servicio de Telecomunicaciones:<\/strong>\u00a0<strong>Finalizamos la obra del tendido de Fibra \u00d3ptica\u00a0<\/strong>que nos permitir\u00e1 cubrir las necesidades de todo<strong>\u00a0el barrio Parque Parada Robles.\u00a0<\/strong><\/p>\n<p>&nbsp;<\/p>\n<p>Con este nuevo barrio que sumamos,\u00a0<strong>ya alcanzamos el 90% de nuestra red de Telecomunicaciones con Fibra \u00d3ptica<\/strong>\u00a0en toda nuestra zona de concesi\u00f3n.<\/p>\n<p>&nbsp;<\/p>\n<p>Pero esto no es todo,\u00a0<strong>algo nuevo est\u00e1 llegando de la mano de Fibra \u00d3ptica en Tu Hogar y muy pronto se los estaremos presentando.<\/strong><\/p>\n<p>&nbsp;<\/p>\n<p><strong>F\u00e1brica de Columnas de Hormig\u00f3n:<\/strong>\u00a0Se cumplieron<strong>\u00a044 a\u00f1os desde que el 28 de agosto de 1980 nuestra f\u00e1brica produc\u00eda su primer poste de 10 metros<\/strong>. Felicitamos a todo el equipo que hoy se desempe\u00f1a agradeci\u00e9ndoles a ellos y a todos los trabajadores que hicieron posible el crecimiento continuo de esta importante Unidad de Negocio.<\/p>\n<p>&nbsp;<\/p>\n<p><em><strong>En nuestro cumplea\u00f1os 55\u00b0, saludamos a Exaltaci\u00f3n de la Cruz en su 289\u00b0 Aniversario.\u00a0<\/strong><\/em><\/p>\n<p>&nbsp;<\/p>\n<p>Como siempre, a disposici\u00f3n de los usuarios por todas nuestras v\u00edas de comunicaci\u00f3n, ante cualquier inquietud que pueda surgirles.<\/p>\n<p><strong>Consejo de Administraci\u00f3n\u00a0<\/strong><br \/>\n<strong>Cepral<\/strong><\/p>\n<p>&nbsp;<\/p>\n<p>&nbsp;<\/td>\n<\/tr>\n<\/tbody>\n<\/table>\n<table class=\"yiv7522349451r7-o\" role=\"presentation\" border=\"0\" width=\"550\" cellspacing=\"0\" cellpadding=\"0\" align=\"center\">\n<tbody>\n<tr>\n<td class=\"yiv7522349451r12-i\"><img decoding=\"async\" src=\"https:\/\/ecp.yusercontent.com\/mail?url=https%3A%2F%2F41sau.img.ag.d.sendibm3.com%2Fim%2Fsh%2FsG1AbEYN2oE5.jpg%3Fu%3D2BpAyz2gMiWncci5QY1rcU4DSlfPmZVsl0&amp;t=1726281764&amp;ymreqid=a1e28384-e738-286e-1c43-b00012019d00&amp;sig=iGwHDfSX1JdmoIXRE2a6gQ--~D\" width=\"550\" border=\"0\" \/><\/td>\n<\/tr>\n<\/tbody>\n<\/table>\n<table class=\"yiv7522349451r7-o\" role=\"presentation\" border=\"0\" width=\"550\" cellspacing=\"0\" cellpadding=\"0\" align=\"center\">\n<tbody>\n<tr>\n<td class=\"yiv7522349451r12-i\"><img decoding=\"async\" src=\"https:\/\/ecp.yusercontent.com\/mail?url=https%3A%2F%2F41sau.img.ag.d.sendibm3.com%2Fim%2Fsh%2FHmH9XsjTgyBA.png%3Fu%3D2BpAyz2gMiWncgU4TYdokwyIBPHkVZ5Me2&amp;t=1726281764&amp;ymreqid=a1e28384-e738-286e-1c43-b00012019d00&amp;sig=17OW3rzSbQfehlQj80zLXQ--~D\" width=\"550\" border=\"0\" \/><\/td>\n<\/tr>\n<\/tbody>\n<\/table>\n<table class=\"yiv7522349451r10-o\" role=\"presentation\" border=\"0\" width=\"100%\" cellspacing=\"0\" cellpadding=\"0\" align=\"left\">\n<tbody>\n<tr>\n<td class=\"yiv7522349451r13-i yiv7522349451nl2go-default-textstyle\" valign=\"top\">\n<div>\n<p><strong>Entrevista en FM Studio &#8220;El Diario de la Ma\u00f1ana&#8221;<\/strong><\/p>\n<p>&nbsp;<\/p>\n<p>Con motivo del 55\u00b0 Aniversario, fueron entrevistados por Andreina Dur\u00e1n en su programa diario en FM Studio 90.5, el Presidente de nuestra Cooperativa, Omar Palavacino y el Gerente, Jos\u00e9 Luis Hermida, en cuyo transcurso se convers\u00f3 acerca de la situaci\u00f3n contractual, las inversiones y proyectos de Cepral.<\/p>\n<p>Para acceder a la entrevista, ingresar al siguiente link:<\/p>\n<p>&nbsp;<\/p>\n<p><a href=\"https:\/\/41sau.r.ag.d.sendibm3.com\/mk\/cl\/f\/sh\/1t6Af4OiGsDg0dtECwUktAHTAZdnnO\/xcHFi98ryXwr\" target=\"_blank\" rel=\"nofollow noopener noreferrer\">https:\/\/www.youtube.com\/live\/Ei6H3IMBlMg<\/a><\/p>\n<p><strong>\u00a0\u00a0<\/strong><\/p>\n<\/div>\n<\/td>\n<\/tr>\n<\/tbody>\n<\/table>\n<table class=\"yiv7522349451r7-o\" role=\"presentation\" border=\"0\" width=\"550\" cellspacing=\"0\" cellpadding=\"0\" align=\"center\">\n<tbody>\n<tr>\n<td class=\"yiv7522349451r14-i\">\n<table role=\"presentation\" border=\"0\" width=\"100%\" cellspacing=\"0\" cellpadding=\"0\">\n<tbody>\n<tr>\n<td>\n<table class=\"yiv7522349451r14-i\" role=\"presentation\" border=\"0\" width=\"100%\" cellspacing=\"0\" cellpadding=\"0\">\n<tbody>\n<tr>\n<td height=\"0\">\u00ad<\/td>\n<\/tr>\n<\/tbody>\n<\/table>\n<\/td>\n<\/tr>\n<\/tbody>\n<\/table>\n<\/td>\n<\/tr>\n<\/tbody>\n<\/table>\n<table class=\"yiv7522349451r10-o\" role=\"presentation\" border=\"0\" width=\"100%\" cellspacing=\"0\" cellpadding=\"0\" align=\"left\">\n<tbody>\n<tr>\n<td class=\"yiv7522349451r15-i yiv7522349451nl2go-default-textstyle\" valign=\"top\">\n<div>\n<p><strong>Hagamos un uso racional de la Energ\u00eda El\u00e9ctrica<\/strong><\/p>\n<p>&nbsp;<\/p>\n<ul>\n<li>Mantengamos el aire acondicionado a 24\u00b0<\/li>\n<li>Apaguemoslo en los ambientes cuando quedan desocupados<\/li>\n<li>Reemplacemos las l\u00e1mparas comunes por artefactos led<\/li>\n<\/ul>\n<p><strong>\u00a0\u00a0<\/strong><\/p>\n<\/div>\n<\/td>\n<\/tr>\n<\/tbody>\n<\/table>\n<table class=\"yiv7522349451r7-o\" role=\"presentation\" border=\"0\" width=\"550\" cellspacing=\"0\" cellpadding=\"0\" align=\"center\">\n<tbody>\n<tr>\n<td class=\"yiv7522349451r14-i\">\n<table role=\"presentation\" border=\"0\" width=\"100%\" cellspacing=\"0\" cellpadding=\"0\">\n<tbody>\n<tr>\n<td>\n<table class=\"yiv7522349451r14-i\" role=\"presentation\" border=\"0\" width=\"100%\" cellspacing=\"0\" cellpadding=\"0\">\n<tbody>\n<tr>\n<td height=\"0\">\u00ad<\/td>\n<\/tr>\n<\/tbody>\n<\/table>\n<\/td>\n<\/tr>\n<\/tbody>\n<\/table>\n<\/td>\n<\/tr>\n<\/tbody>\n<\/table>\n<table class=\"yiv7522349451r10-o\" role=\"presentation\" border=\"0\" width=\"100%\" cellspacing=\"0\" cellpadding=\"0\" align=\"left\">\n<tbody>\n<tr>\n<td class=\"yiv7522349451r16-i yiv7522349451nl2go-default-textstyle\" valign=\"top\">\n<div>\n<p>&nbsp;<\/p>\n<p>El hurto de energ\u00eda es un delito que \u00a0pone en riesgo la vida de los vecinos adem\u00e1s de ocasionar problemas en el servicio de los usuarios.<\/p>\n<p>&nbsp;<\/p>\n<p><strong>\u00a0\u00a0<\/strong><\/p>\n<\/div>\n<\/td>\n<\/tr>\n<\/tbody>\n<\/table>\n<table class=\"yiv7522349451r7-o\" role=\"presentation\" border=\"0\" width=\"550\" cellspacing=\"0\" cellpadding=\"0\" align=\"center\">\n<tbody>\n<tr>\n<td class=\"yiv7522349451r12-i\"><img decoding=\"async\" src=\"https:\/\/ecp.yusercontent.com\/mail?url=https%3A%2F%2F41sau.img.ag.d.sendibm3.com%2Fim%2Fsh%2FKuAzr5BZR487.jpg%3Fu%3DWtVElij8PJZGdmbYsPY4F4jxIsHVGfBK&amp;t=1726281764&amp;ymreqid=a1e28384-e738-286e-1c43-b00012019d00&amp;sig=9hf9.gPvRKHB3ztqeOMXlQ--~D\" width=\"550\" border=\"0\" \/><\/td>\n<\/tr>\n<\/tbody>\n<\/table>\n<\/th>\n<\/tr>\n<\/tbody>\n<\/table>\n<\/td>\n<\/tr>\n<\/tbody>\n<\/table>\n<table class=\"yiv7522349451r7-o\" role=\"presentation\" border=\"0\" width=\"100%\" cellspacing=\"0\" cellpadding=\"0\" align=\"center\">\n<tbody>\n<tr>\n<td class=\"yiv7522349451r9-i\">\n<table role=\"presentation\" border=\"0\" width=\"100%\" cellspacing=\"0\" cellpadding=\"0\">\n<tbody>\n<tr>\n<th class=\"yiv7522349451r5-c\" valign=\"top\" width=\"100%\">\n<table class=\"yiv7522349451r6-o\" role=\"presentation\" border=\"0\" width=\"100%\" cellspacing=\"0\" cellpadding=\"0\">\n<tbody>\n<tr>\n<td class=\"yiv7522349451r17-i\" valign=\"top\">\n<table role=\"presentation\" border=\"0\" width=\"100%\" cellspacing=\"0\" cellpadding=\"0\">\n<tbody>\n<tr>\n<td class=\"yiv7522349451r18-c\" align=\"center\"><img decoding=\"async\" src=\"https:\/\/ecp.yusercontent.com\/mail?url=https%3A%2F%2F41sau.img.ag.d.sendibm3.com%2Fim%2Fsh%2FwdW4wPT6-udk.jpg%3Fu%3DWtVElij8PJZGeEwH4pwQKzuDMhfKFOtO&amp;t=1726281764&amp;ymreqid=a1e28384-e738-286e-1c43-b00012019d00&amp;sig=6VplpRs1gBaYkQdQ_M5tKg--~D\" width=\"560\" border=\"0\" \/><\/td>\n<\/tr>\n<tr>\n<td class=\"yiv7522349451r19-c\" align=\"left\">\n<table class=\"yiv7522349451r10-o\" role=\"presentation\" border=\"0\" width=\"100%\" cellspacing=\"0\" cellpadding=\"0\">\n<tbody>\n<tr>\n<td class=\"yiv7522349451r20-i yiv7522349451nl2go-default-textstyle\" valign=\"top\">\n<div>\n<p><strong>\u00a1Feliz 44\u00b0 Cumplea\u00f1os para nuestra querida F\u00e1brica de Columnas de Hormig\u00f3n Pretensado!<\/strong><\/p>\n<p>&nbsp;<\/p>\n<p>Celebramos un nuevo hito en la historia de CEPRAL, el 28 de agosto de 1980 se\u00a0produc\u00eda el primer poste de 10 metros en nuestra f\u00e1brica.<\/p>\n<p>&nbsp;<\/p>\n<p>Agradecemos a todas las personas que se desempe\u00f1an y a las que han pasado por la F\u00e1brica, ya que todos dejaron su granito de arena, \u00a0m\u00e1s all\u00e1 de las inclemencias clim\u00e1ticas y el devenir econ\u00f3mico del pa\u00eds, pusieron todos sus esfuerzos en hacer crecer esta Unidad de Negocio.<\/p>\n<p>&nbsp;<\/p>\n<p>Hoy no solo nos autoabastece, sino que provee de columnas y otros materiales a nuestras cooperativas hermanas y otras empresas de distintas partes del pa\u00eds.<\/p>\n<p>&nbsp;<\/p>\n<p>Otro motivo de orgullo para nuestra Cooperativa.<\/p>\n<\/div>\n<\/td>\n<\/tr>\n<\/tbody>\n<\/table>\n<\/td>\n<\/tr>\n<tr>\n<td class=\"yiv7522349451r18-c\" align=\"center\"><img decoding=\"async\" src=\"https:\/\/ecp.yusercontent.com\/mail?url=https%3A%2F%2F41sau.img.ag.d.sendibm3.com%2Fim%2Fsh%2FWDCBBWzzs0Ds.jpg%3Fu%3D2BpAyz2gMiWnceb4x3KqBiWFp5Ta94IchW&amp;t=1726281764&amp;ymreqid=a1e28384-e738-286e-1c43-b00012019d00&amp;sig=WaRzTTDMuNrt7fraMVlA3w--~D\" width=\"560\" border=\"0\" \/><\/td>\n<\/tr>\n<tr>\n<td class=\"yiv7522349451r19-c\" align=\"left\">\n<table class=\"yiv7522349451r10-o\" role=\"presentation\" border=\"0\" width=\"100%\" cellspacing=\"0\" cellpadding=\"0\">\n<tbody>\n<tr>\n<td class=\"yiv7522349451r21-i yiv7522349451nl2go-default-textstyle\" valign=\"top\">\n<div>\n<p><strong>Cepral estuvo presente en el XXII Congreso Nacional de FACE<\/strong><\/p>\n<p>&nbsp;<\/p>\n<p>Cepral particip\u00f3 a trav\u00e9s de la presencia de su Gerente, Jos\u00e9 Luis Hermida, quien estuvo a cargo de la Charla sobre Telecomunicaciones, en el Congreso Nacional de FACE (Federaci\u00f3n de Cooperativas El\u00e9ctricas y de Otros Servicios P\u00fablicos Ltda.) llevado a cabo en la Pcia. de C\u00f3rdoba el jueves y viernes 5 y 6 de septiembre.<\/p>\n<p>&nbsp;<\/p>\n<p>Con mas de 1200 asistentes, se aprendi\u00f3, reflexion\u00f3 y debati\u00f3 acerca del estado actual y del futuro de las cooperativas de electricidad bajo la premisa \u00a0&#8220;Innovaci\u00f3n Cooperativa para el Desarrollo Sostenible&#8221;.<\/p>\n<p>&nbsp;<\/p>\n<p>Las cooperativas el\u00e9ctricas desempe\u00f1an un rol fundamental en el desarrollo de las zonas rurales del pa\u00eds, llevando el servicio el\u00e9ctrico a lugares donde las empresas privadas no llegan. Con m\u00e1s de siete millones de usuarios en todo el territorio nacional, las cooperativas son un actor clave en la matriz energ\u00e9tica argentina.<\/p>\n<p>&nbsp;<\/p>\n<p>Para leer toda la nota, ingresa a:\u00a0<a title=\"Nota Congreso FACE en C\u00f3rdoba\" href=\"https:\/\/41sau.r.ag.d.sendibm3.com\/mk\/cl\/f\/sh\/1t6Af4OiGsE8LM5ebIag3QLIYOcXVS\/QcDdrvZGxj2T\" target=\"_blank\" rel=\"nofollow noopener noreferrer\">https:\/\/comercioyjusticia.info\/valormas\/congreso-de-face-tenemos-que-prepararnos-para-ofrecer-los-servicios-que-hoy-se-estan-requiriendo\/?fbclid=IwY2xjawFQRq1leHRuA2FlbQIxMQABHU-IB9j1TnQDNJ9x-XePTtAAKWeXkE-Qm0Xrc7cQk2na7nrDLS6CiEjAUQ_aem_cAlYljU6we4BBZiGhGgkqA#google_vignette<\/a>:<\/p>\n<\/div>\n<\/td>\n<\/tr>\n<\/tbody>\n<\/table>\n<\/td>\n<\/tr>\n<tr>\n<td class=\"yiv7522349451r22-c\" align=\"center\">\n<table role=\"presentation\" border=\"0\" width=\"100%\" cellspacing=\"0\" cellpadding=\"0\">\n<tbody>\n<tr>\n<td height=\"0\">\u00ad<\/td>\n<\/tr>\n<\/tbody>\n<\/table>\n<\/td>\n<\/tr>\n<tr>\n<td class=\"yiv7522349451r18-c\" align=\"center\"><img decoding=\"async\" src=\"https:\/\/ecp.yusercontent.com\/mail?url=https%3A%2F%2F41sau.img.ag.d.sendibm3.com%2Fim%2Fsh%2Fq4UKN6sjJX_N.jpg%3Fu%3DWtVElij8PJZGehGzHGKmQv4TQX39E8bS&amp;t=1726281764&amp;ymreqid=a1e28384-e738-286e-1c43-b00012019d00&amp;sig=Pu4HanpxZ7vUfgPBY5mr5A--~D\" width=\"560\" border=\"0\" \/><\/td>\n<\/tr>\n<tr>\n<td class=\"yiv7522349451r19-c\" align=\"left\">\n<table class=\"yiv7522349451r10-o\" role=\"presentation\" border=\"0\" width=\"100%\" cellspacing=\"0\" cellpadding=\"0\">\n<tbody>\n<tr>\n<td class=\"yiv7522349451r23-i yiv7522349451nl2go-default-textstyle\" valign=\"top\">\n<div>\n<p><strong>Servicio El\u00e9ctrico &#8211; Dispositivos de Telemedici\u00f3n<\/strong><\/p>\n<p>&nbsp;<\/p>\n<p>Dentro del esquema de renovaci\u00f3n tecnol\u00f3gica encarado por la Cooperativa a principios de junio de 2020, el equipo t\u00e9cnico del Sector El\u00e9ctrico viene trabajando en la implementaci\u00f3n de un proyecto de Medidores con Telemetr\u00eda.<\/p>\n<p>Estos medidores est\u00e1n dise\u00f1ados para que mediante un software especial se puedan\u00a0<strong>monitorear la tensi\u00f3n, la corriente y el consumo del usuario de manera inmediata<\/strong>\u00a0desde la central de la cooperativa.<\/p>\n<p>En la primera etapa comenzamos con barrios testigo como Indio Cu\u00e1 y Sakura y<strong>\u00a0a la fecha ya tenemos 240 medidores instalados en la mayor\u00eda de los barrios de nuestra concesi\u00f3n, lo que nos permite detectar de manera temprana las contingencias.<\/strong><\/p>\n<p>Otro de los beneficios de estos medidores es que\u00a0<strong>cuando detectan que el usuario tiene baja tensi\u00f3n, autom\u00e1ticamente corta el suministro el\u00e9ctrico evitando de esta manera desperfectos en el domicilio y protegiendo los electrodom\u00e9sticos del hogar<\/strong>.<\/p>\n<p>Nos permitir\u00e1 tambi\u00e9n\u00a0<strong>tomar el estado de los medidores de manera de manera remota desde la propia central<\/strong>. A su vez,\u00a0<strong>el usuario podr\u00e1 saber cu\u00e1nto est\u00e1 consumiendo en tiempo real.<\/strong><\/p>\n<p>&nbsp;<\/p>\n<\/div>\n<\/td>\n<\/tr>\n<\/tbody>\n<\/table>\n<\/td>\n<\/tr>\n<tr>\n<td class=\"yiv7522349451r18-c\" align=\"center\"><img decoding=\"async\" src=\"https:\/\/ecp.yusercontent.com\/mail?url=https%3A%2F%2F41sau.img.ag.d.sendibm3.com%2Fim%2Fsh%2FxaTmPZzQuX6S.jpg%3Fu%3DWtVElij8PJZGf9bhTgj8WqEjUMQyCsJW&amp;t=1726281764&amp;ymreqid=a1e28384-e738-286e-1c43-b00012019d00&amp;sig=4TVwKuBMaUqohkNAEq6yZw--~D\" width=\"560\" border=\"0\" \/><\/td>\n<\/tr>\n<tr>\n<td class=\"yiv7522349451r19-c\" align=\"left\">\n<table class=\"yiv7522349451r10-o\" role=\"presentation\" border=\"0\" width=\"100%\" cellspacing=\"0\" cellpadding=\"0\">\n<tbody>\n<tr>\n<td class=\"yiv7522349451r23-i yiv7522349451nl2go-default-textstyle\" valign=\"top\">\n<div>\n<p><strong>Cepral<\/strong>\u00a0viene realizando compras mensuales de estos nuevos equipos, ya que planifica \u00a0implementar un cambio de medidores de manera paulatina en toda su \u00e1rea de concesi\u00f3n.<\/p>\n<p>&nbsp;<\/p>\n<p><strong>Este importante proyecto mejora la calidad t\u00e9cnica del Servicio al mismo tiempo que permite un control exhaustivo tanto por parte de la Cooperativa como del propio usuario.<\/strong><\/p>\n<p>&nbsp;<\/p>\n<p>Mediante una App desarrollada para celulares\u00a0<strong>Android e iPhone,\u00a0<\/strong>el usuario puede<strong>\u00a0conocer en tiempo real sus consumos y verificar el estado del Servicio.\u00a0<\/strong><\/p>\n<p>&nbsp;<\/p>\n<p><strong>Por ejemplo, le permite detectar variaciones en la tensi\u00f3n, designar alertas de consumo para que se le notifique una vez que se pasa del consumo estimado para el mes.<\/strong><\/p>\n<p>&nbsp;<\/p>\n<p>Entre otros beneficios de estos medidores inteligentes que se ir\u00e1n implementando en un futuro, es que contar\u00e1n con la posibilidad de que ante un evento de sobre-tensi\u00f3n, autom\u00e1ticamente realicen un corte de energ\u00eda evitando as\u00ed desperfectos en los electrodom\u00e9sticos de los usuarios.<\/p>\n<p>&nbsp;<\/p>\n<p>Seguimos trabajando e invirtiendo en pos de brindarles cada d\u00eda mejores servicios a nuestros usuarios.<\/p>\n<p>&nbsp;<\/p>\n<\/div>\n<\/td>\n<\/tr>\n<\/tbody>\n<\/table>\n<\/td>\n<\/tr>\n<tr>\n<td class=\"yiv7522349451r22-c\" align=\"center\">\n<table role=\"presentation\" border=\"0\" width=\"100%\" cellspacing=\"0\" cellpadding=\"0\">\n<tbody>\n<tr>\n<td height=\"0\">\u00ad<\/td>\n<\/tr>\n<\/tbody>\n<\/table>\n<\/td>\n<\/tr>\n<tr>\n<td class=\"yiv7522349451r19-c\" align=\"left\">\n<table class=\"yiv7522349451r10-o\" role=\"presentation\" border=\"0\" width=\"100%\" cellspacing=\"0\" cellpadding=\"0\">\n<tbody>\n<tr>\n<td class=\"yiv7522349451r24-i yiv7522349451nl2go-default-textstyle\" valign=\"top\">\n<div>\n<p><strong>Penalizaciones por Transgresiones en el Servicio El\u00e9ctrico<\/strong><\/p>\n<p>&nbsp;<\/p>\n<p>Las conexiones directas a la red, puentes o modificaciones en el medidor tanto como cualquier acci\u00f3n que altere y viole la seguridad el\u00e9ctrica de la acometida domiciliaria, est\u00e1n siendo fuertemente PENALIZADAS seg\u00fan marca el Reglamento de Servicio.<\/p>\n<p>&nbsp;<\/p>\n<p>En el \u00faltimo semestre se han penalizado a 14 usuarios, llevando a cabo Operativos Policiales con labrado de Actas e interrupci\u00f3n inmediata de los servicios con irregularidades.<\/p>\n<p>&nbsp;<\/p>\n<p><strong>Todo usuario que incurra en una transgresi\u00f3n -establecida en el mencionado Reglamento de Servicio- deber\u00e1 afrontar dichos cargos sumado a la posibilidad de cursar la DENUNCIA PENAL correspondiente<\/strong>.<\/p>\n<p>&nbsp;<\/p>\n<p>Acorde a ello, desde la Cooperativa hemos tomado la decisi\u00f3n de comenzar a elevar dichos fraudes a fueros judiciales con denuncias penales.<\/p>\n<p>&nbsp;<\/p>\n<p>Estas acciones irresponsables no solo causan prejuicios a la Cooperativa sino impactan directamente en sus vecinos, afectando la calidad del servicio, como as\u00ed tambi\u00e9n ponen en juego la integridad f\u00edsica de las personas.<\/p>\n<p>&nbsp;<\/p>\n<p><strong>Tomemos conciencia de los riesgos a los que se expone a toda la comunidad ante un caso de fraude el\u00e9ctrico<\/strong>.<\/p>\n<\/div>\n<\/td>\n<\/tr>\n<\/tbody>\n<\/table>\n<\/td>\n<\/tr>\n<\/tbody>\n<\/table>\n<\/td>\n<\/tr>\n<\/tbody>\n<\/table>\n<\/th>\n<\/tr>\n<\/tbody>\n<\/table>\n<\/td>\n<\/tr>\n<\/tbody>\n<\/table>\n<table class=\"yiv7522349451r7-o\" role=\"presentation\" border=\"0\" width=\"100%\" cellspacing=\"0\" cellpadding=\"0\" align=\"center\">\n<tbody>\n<tr>\n<td class=\"yiv7522349451r9-i\">\n<table role=\"presentation\" border=\"0\" width=\"100%\" cellspacing=\"0\" cellpadding=\"0\">\n<tbody>\n<tr>\n<th class=\"yiv7522349451r5-c\" valign=\"top\" width=\"100%\">\n<table class=\"yiv7522349451r6-o\" role=\"presentation\" border=\"0\" width=\"100%\" cellspacing=\"0\" cellpadding=\"0\">\n<tbody>\n<tr>\n<td class=\"yiv7522349451r17-i\" valign=\"top\">\n<table role=\"presentation\" border=\"0\" width=\"100%\" cellspacing=\"0\" cellpadding=\"0\">\n<tbody>\n<tr>\n<td class=\"yiv7522349451r22-c\" align=\"center\">\n<table role=\"presentation\" border=\"0\" width=\"100%\" cellspacing=\"0\" cellpadding=\"0\">\n<tbody>\n<tr>\n<td height=\"0\">\u00ad<\/td>\n<\/tr>\n<\/tbody>\n<\/table>\n<\/td>\n<\/tr>\n<\/tbody>\n<\/table>\n<\/td>\n<\/tr>\n<\/tbody>\n<\/table>\n<\/th>\n<\/tr>\n<\/tbody>\n<\/table>\n<\/td>\n<\/tr>\n<\/tbody>\n<\/table>\n<table class=\"yiv7522349451r7-o\" role=\"presentation\" border=\"0\" width=\"100%\" cellspacing=\"0\" cellpadding=\"0\" align=\"center\">\n<tbody>\n<tr>\n<td class=\"yiv7522349451r9-i\">\n<table role=\"presentation\" border=\"0\" width=\"100%\" cellspacing=\"0\" cellpadding=\"0\">\n<tbody>\n<tr>\n<th class=\"yiv7522349451r5-c\" valign=\"top\" width=\"100%\">\n<table class=\"yiv7522349451r6-o\" role=\"presentation\" border=\"0\" width=\"100%\" cellspacing=\"0\" cellpadding=\"0\">\n<tbody>\n<tr>\n<td class=\"yiv7522349451r17-i\" valign=\"top\">\n<table role=\"presentation\" border=\"0\" width=\"100%\" cellspacing=\"0\" cellpadding=\"0\">\n<tbody>\n<tr>\n<td class=\"yiv7522349451r18-c\" align=\"center\"><img decoding=\"async\" src=\"https:\/\/ecp.yusercontent.com\/mail?url=https%3A%2F%2F41sau.img.ag.d.sendibm3.com%2Fim%2Fsh%2FkdZN5qmDfuD9.jpeg%3Fu%3DWtVElij8PJZGfbwPg77UclOzYBonBc1a&amp;t=1726281764&amp;ymreqid=a1e28384-e738-286e-1c43-b00012019d00&amp;sig=dY3Rn6HdNpxe_NfzYR_0Zg--~D\" width=\"560\" border=\"0\" \/><\/td>\n<\/tr>\n<tr>\n<td class=\"yiv7522349451r19-c\" align=\"left\">\n<table class=\"yiv7522349451r10-o\" role=\"presentation\" border=\"0\" width=\"100%\" cellspacing=\"0\" cellpadding=\"0\">\n<tbody>\n<tr>\n<td class=\"yiv7522349451r25-i yiv7522349451nl2go-default-textstyle\" valign=\"top\">\n<div>\n<h4 class=\"yiv7522349451default-heading4\">Fibra \u00d3ptica en Tu Hogar &#8211; Barrio Parque Parada Robles<\/h4>\n<p>&nbsp;<\/p>\n<p>La semana pasada finalizamos con<strong>\u00a0las tareas de tendido de la red de Fibra \u00d3ptica\u00a0<\/strong>que nos permitir\u00e1 brindar el Servicio a los vecinos del Barrio Parque Parada Robles.<\/p>\n<p>&nbsp;<\/p>\n<p><strong>Seguimos incorporando nuevos barrios y extendiendo nuestra red de Fibra \u00d3ptica, la que ya alcanza el 90% de cobertura de toda nuestra zona de concesi\u00f3n.\u00a0<\/strong><\/p>\n<p>&nbsp;<\/p>\n<p>Continuamos trabajando para mejorar la calidad de vida de nuestros vecinos.<\/p>\n<p>&nbsp;<\/p>\n<\/div>\n<\/td>\n<\/tr>\n<\/tbody>\n<\/table>\n<\/td>\n<\/tr>\n<tr>\n<td class=\"yiv7522349451r22-c\" align=\"center\">\n<table role=\"presentation\" border=\"0\" width=\"100%\" cellspacing=\"0\" cellpadding=\"0\">\n<tbody>\n<tr>\n<td height=\"0\">\u00ad<\/td>\n<\/tr>\n<\/tbody>\n<\/table>\n<\/td>\n<\/tr>\n<\/tbody>\n<\/table>\n<\/td>\n<\/tr>\n<\/tbody>\n<\/table>\n<\/th>\n<\/tr>\n<\/tbody>\n<\/table>\n<\/td>\n<\/tr>\n<\/tbody>\n<\/table>\n<table class=\"yiv7522349451r7-o\" role=\"presentation\" border=\"0\" width=\"100%\" cellspacing=\"0\" cellpadding=\"0\" align=\"center\">\n<tbody>\n<tr>\n<td class=\"yiv7522349451r9-i\">\n<table role=\"presentation\" border=\"0\" width=\"100%\" cellspacing=\"0\" cellpadding=\"0\">\n<tbody>\n<tr>\n<th class=\"yiv7522349451r5-c\" valign=\"top\" width=\"100%\">\n<table class=\"yiv7522349451r6-o\" role=\"presentation\" border=\"0\" width=\"100%\" cellspacing=\"0\" cellpadding=\"0\">\n<tbody>\n<tr>\n<td class=\"yiv7522349451r17-i\" valign=\"top\">\n<table role=\"presentation\" border=\"0\" width=\"100%\" cellspacing=\"0\" cellpadding=\"0\">\n<tbody>\n<tr>\n<td class=\"yiv7522349451r19-c\" align=\"left\">\n<table class=\"yiv7522349451r10-o\" role=\"presentation\" border=\"0\" width=\"100%\" cellspacing=\"0\" cellpadding=\"0\">\n<tbody>\n<tr>\n<td class=\"yiv7522349451r26-i yiv7522349451nl2go-default-textstyle\" valign=\"top\">\n<div>\n<h4 class=\"yiv7522349451default-heading4\"><\/h4>\n<p>AHORA INTERNET ES IGUAL A VER&#8230;<\/p>\n<p>AL<strong>GO<\/strong>\u00a0NUEVO EST\u00c1 LLEGANDO A\u00a0<strong>CEPRAL<\/strong><\/p>\n<p>&nbsp;<\/p>\n<\/div>\n<\/td>\n<\/tr>\n<\/tbody>\n<\/table>\n<\/td>\n<\/tr>\n<tr>\n<td class=\"yiv7522349451r22-c\" align=\"center\">\n<table role=\"presentation\" border=\"0\" width=\"100%\" cellspacing=\"0\" cellpadding=\"0\">\n<tbody>\n<tr>\n<td height=\"0\">\u00ad<\/td>\n<\/tr>\n<\/tbody>\n<\/table>\n<\/td>\n<\/tr>\n<\/tbody>\n<\/table>\n<\/td>\n<\/tr>\n<\/tbody>\n<\/table>\n<\/th>\n<\/tr>\n<\/tbody>\n<\/table>\n<\/td>\n<\/tr>\n<\/tbody>\n<\/table>\n<table class=\"yiv7522349451r7-o\" role=\"presentation\" border=\"0\" width=\"100%\" cellspacing=\"0\" cellpadding=\"0\" align=\"center\">\n<tbody>\n<tr>\n<td class=\"yiv7522349451r9-i\">\n<table role=\"presentation\" border=\"0\" width=\"100%\" cellspacing=\"0\" cellpadding=\"0\">\n<tbody>\n<tr>\n<th class=\"yiv7522349451r5-c\" valign=\"top\" width=\"100%\">\n<table class=\"yiv7522349451r6-o\" role=\"presentation\" border=\"0\" width=\"100%\" cellspacing=\"0\" cellpadding=\"0\">\n<tbody>\n<tr>\n<td class=\"yiv7522349451r17-i\" valign=\"top\">\n<table role=\"presentation\" border=\"0\" width=\"100%\" cellspacing=\"0\" cellpadding=\"0\">\n<tbody>\n<tr>\n<td class=\"yiv7522349451r19-c\" align=\"left\">\n<table class=\"yiv7522349451r10-o\" role=\"presentation\" border=\"0\" width=\"100%\" cellspacing=\"0\" cellpadding=\"0\">\n<tbody>\n<tr>\n<td class=\"yiv7522349451r27-i yiv7522349451nl2go-default-textstyle\" valign=\"top\">\n<div>\n<h4 class=\"yiv7522349451default-heading4\">BAJA DEFINITIVA DEL SERVICIO DE INTERNET ADSL<\/h4>\n<p>&nbsp;<\/p>\n<p><strong>Recordamos que a partir del 30 de noviembre se dar\u00e1 de baja al servicio de ADSL. Esto se debe principalmente al deterioro de las instalaciones y la imposibilidad de conseguir materias primas para su mantenimiento y reparaci\u00f3n.<\/strong><\/p>\n<\/div>\n<\/td>\n<\/tr>\n<\/tbody>\n<\/table>\n<\/td>\n<\/tr>\n<\/tbody>\n<\/table>\n<\/td>\n<\/tr>\n<\/tbody>\n<\/table>\n<\/th>\n<\/tr>\n<\/tbody>\n<\/table>\n<\/td>\n<\/tr>\n<\/tbody>\n<\/table>\n<table class=\"yiv7522349451r7-o\" role=\"presentation\" border=\"0\" width=\"100%\" cellspacing=\"0\" cellpadding=\"0\" align=\"center\">\n<tbody>\n<tr>\n<td class=\"yiv7522349451r9-i\">\n<table role=\"presentation\" border=\"0\" width=\"100%\" cellspacing=\"0\" cellpadding=\"0\">\n<tbody>\n<tr>\n<th class=\"yiv7522349451r5-c\" valign=\"top\" width=\"100%\">\n<table class=\"yiv7522349451r6-o\" role=\"presentation\" border=\"0\" width=\"100%\" cellspacing=\"0\" cellpadding=\"0\">\n<tbody>\n<tr>\n<td class=\"yiv7522349451r17-i\" valign=\"top\">\n<table role=\"presentation\" border=\"0\" width=\"100%\" cellspacing=\"0\" cellpadding=\"0\">\n<tbody>\n<tr>\n<td class=\"yiv7522349451r18-c\" align=\"center\"><img decoding=\"async\" src=\"https:\/\/ecp.yusercontent.com\/mail?url=https%3A%2F%2F41sau.img.ag.d.sendibm3.com%2Fim%2Fsh%2FBWj95qSy15bl.jpg%3Fu%3DWtVElij8PJZGg4H7sXVqigZFc1CcALje&amp;t=1726281764&amp;ymreqid=a1e28384-e738-286e-1c43-b00012019d00&amp;sig=cJQwVdlT9pGQ_UsghqUcHw--~D\" width=\"560\" border=\"0\" \/><\/td>\n<\/tr>\n<\/tbody>\n<\/table>\n<\/td>\n<\/tr>\n<\/tbody>\n<\/table>\n<\/th>\n<\/tr>\n<\/tbody>\n<\/table>\n<\/td>\n<\/tr>\n<\/tbody>\n<\/table>\n<table class=\"yiv7522349451r7-o\" role=\"presentation\" border=\"0\" width=\"100%\" cellspacing=\"0\" cellpadding=\"0\" align=\"center\">\n<tbody>\n<tr>\n<td class=\"yiv7522349451r9-i\">\n<table role=\"presentation\" border=\"0\" width=\"100%\" cellspacing=\"0\" cellpadding=\"0\">\n<tbody>\n<tr>\n<th class=\"yiv7522349451r5-c\" valign=\"top\" width=\"100%\">\n<table class=\"yiv7522349451r6-o\" role=\"presentation\" border=\"0\" width=\"100%\" cellspacing=\"0\" cellpadding=\"0\">\n<tbody>\n<tr>\n<td class=\"yiv7522349451r17-i\" valign=\"top\">\n<table role=\"presentation\" border=\"0\" width=\"100%\" cellspacing=\"0\" cellpadding=\"0\">\n<tbody>\n<tr>\n<td class=\"yiv7522349451r22-c\" align=\"center\">\n<table role=\"presentation\" border=\"0\" width=\"100%\" cellspacing=\"0\" cellpadding=\"0\">\n<tbody>\n<tr>\n<td height=\"0\">\u00ad<\/td>\n<\/tr>\n<\/tbody>\n<\/table>\n<\/td>\n<\/tr>\n<\/tbody>\n<\/table>\n<\/td>\n<\/tr>\n<\/tbody>\n<\/table>\n<\/th>\n<\/tr>\n<\/tbody>\n<\/table>\n<\/td>\n<\/tr>\n<\/tbody>\n<\/table>\n<table class=\"yiv7522349451r7-o\" role=\"presentation\" border=\"0\" width=\"100%\" cellspacing=\"0\" cellpadding=\"0\" align=\"center\">\n<tbody>\n<tr>\n<td class=\"yiv7522349451r9-i\">\n<table role=\"presentation\" border=\"0\" width=\"100%\" cellspacing=\"0\" cellpadding=\"0\">\n<tbody>\n<tr>\n<th class=\"yiv7522349451r5-c\" valign=\"top\" width=\"100%\">\n<table class=\"yiv7522349451r6-o\" role=\"presentation\" border=\"0\" width=\"100%\" cellspacing=\"0\" cellpadding=\"0\">\n<tbody>\n<tr>\n<td class=\"yiv7522349451r17-i\" valign=\"top\">\n<table role=\"presentation\" border=\"0\" width=\"100%\" cellspacing=\"0\" cellpadding=\"0\">\n<tbody>\n<tr>\n<td class=\"yiv7522349451r28-c yiv7522349451nl2go-default-textstyle\" align=\"left\">\n<div>\n<p><strong>TIPS CONSUMO RACIONAL DE ENERG\u00cdA<\/strong><\/p>\n<p>&nbsp;<\/p>\n<p>Las<strong>\u00a0luces encendidas<\/strong>\u00a0<strong>representan entre el 25 y el 35 % de la electricidad total consumida<\/strong>\u00a0en casa.<\/p>\n<p>&nbsp;<\/p>\n<p>La\u00a0<strong>iluminaci\u00f3n eficiente<\/strong>\u00a0contribuye a minimizar esta proporci\u00f3n, a reducir la demanda el\u00e9ctrica y por lo tanto a\u00a0<strong>ahorrar dinero.<\/strong><\/p>\n<p>&nbsp;<\/p>\n<p>&nbsp;<\/p>\n<ul>\n<li><strong>Mantener persianas levantadas<\/strong>\u00a0y cortinas replegadas para aprovechar al m\u00e1ximo la luz solar.<\/li>\n<li><strong>Mantener apagadas las luces de los ambientes desocupados\u00a0<\/strong>y\/o con generosa luz natural.<\/li>\n<li>Evitar el uso de estanter\u00edas, biombos, muebles que tapan la luz natural e incrementan el uso de luz artificial.<\/li>\n<li><strong>Limpiar las l\u00e1mparas con frecuencia, para que conserven su luminosidad original.\u00a0<\/strong><\/li>\n<\/ul>\n<p>&nbsp;<\/p>\n<p><strong>Antes de iluminar y aclimatar la casa<\/strong><\/p>\n<p>&nbsp;<\/p>\n<ul>\n<li>Las<strong>\u00a0l\u00e1mparas LED consumen 8 veces menos<\/strong>\u00a0electricidad\u00a0<strong>y duran 7.5 veces m\u00e1s<\/strong>\u00a0tiempo que las l\u00e1mparas tradicionales o hal\u00f3genas.<\/li>\n<li><strong>En invierno<\/strong>\u00a0tener presente que,\u00a0<strong>de los calefactores el\u00e9ctricos, el caloventor es el que consume m\u00e1s energ\u00eda<\/strong>\u00a0en una hora seguida de uso, incluso\u00a0<strong>m\u00e1s que un equipo de aire acondicionado<\/strong>.<\/li>\n<li>Un equipo de\u00a0<strong>aire acondicionado consume 12 veces m\u00e1s que un ventilador<\/strong>. Recordar esta proporci\u00f3n cuando vuelva el verano.<\/li>\n<\/ul>\n<p>&nbsp;<\/p>\n<p><strong>Variables directamente proporcionales\u00a0<\/strong><\/p>\n<ul>\n<li>Cuando uses el<strong>\u00a0lavarropas<\/strong>, respetar la cantidad indicada de jab\u00f3n l\u00edquido o en polvo: cuando se supera,\u00a0<strong>el ciclo de enjuagado consume m\u00e1s energ\u00eda.\u00a0<\/strong><\/li>\n<li><strong>Cinco minutos antes de que la comida est\u00e9 a punto en el horno el\u00e9ctrico, apagarlo\u00a0<\/strong>y dejar que el calor residual termine la cocci\u00f3n.<\/li>\n<li>Hacer lo mismo con la comida que se cocine o se caliente sobre hornallas el\u00e9ctricas.<\/li>\n<\/ul>\n<p>&nbsp;<\/p>\n<p><strong>Por otro consumo racional<\/strong><\/p>\n<p>&nbsp;<\/p>\n<ul>\n<li>El\u00a0<strong>consumo energ\u00e9tico del termotanque el\u00e9ctrico es proporcional a la cantidad de agua utilizada<\/strong>. Evitar derrocharla al ba\u00f1arse y lavar los platos.<\/li>\n<li><strong>Regular la temperatura del agua desde el termotanque el\u00e9ctrico<\/strong>. Se le exige\u00a0<strong>mayor consumo energ\u00e9tico cuando se mezcla las aguas fr\u00eda y caliente desde las canillas.\u00a0<\/strong><\/li>\n<li>El lavarropas\u00a0<strong>consume m\u00e1s electricidad cuando usa agua caliente<\/strong>. De hecho, el 80 % de la energ\u00eda utilizada sirve para calentar agua durante el lavado.<\/li>\n<li><strong>La mayor parte de la energ\u00eda que consume el lavavajillas tambi\u00e9n sirve para calentar el agua.\u00a0<\/strong><\/li>\n<\/ul>\n<\/div>\n<\/td>\n<\/tr>\n<tr>\n<td class=\"yiv7522349451r22-c\" align=\"center\">\n<table role=\"presentation\" border=\"0\" width=\"100%\" cellspacing=\"0\" cellpadding=\"0\">\n<tbody>\n<tr>\n<td height=\"0\">\u00ad<\/td>\n<\/tr>\n<\/tbody>\n<\/table>\n<\/td>\n<\/tr>\n<tr>\n<td class=\"yiv7522349451r18-c\" align=\"center\"><img decoding=\"async\" src=\"https:\/\/ecp.yusercontent.com\/mail?url=https%3A%2F%2F41sau.img.ag.d.sendibm3.com%2Fim%2Fsh%2FbI7XT4WBtOxU.jpg%3Fu%3DWtVElij8PJZGgWbq4xuCobjVfqaR95Ri&amp;t=1726281764&amp;ymreqid=a1e28384-e738-286e-1c43-b00012019d00&amp;sig=s07P0Nl3vsj0JGoXIhPaJA--~D\" width=\"560\" border=\"0\" \/><\/td>\n<\/tr>\n<tr>\n<td class=\"yiv7522349451r29-c yiv7522349451nl2go-default-textstyle\" align=\"left\">\n<div>\n<p><strong>TIPS PARA UN MEJOR USO DE INTERNET<\/strong><\/p>\n<p>&nbsp;<\/p>\n<p>Aunque la mayor\u00eda de los dispositivos que conectamos a Internet hoy en d\u00eda van por Wi-Fi, \u00a0puede ser \u00fatil optar por\u00a0<strong>cables Ethernet<\/strong>\u00a0en algunos casos.<\/p>\n<p>&nbsp;<\/p>\n<p>El objetivo de usar los aparatos por cable Ethernet, es propiciar una\u00a0<strong>conexi\u00f3n m\u00e1s estable<\/strong>. Permite alcanzar una mayor velocidad, adem\u00e1s de evitar los posibles problemas que tiene el Wi-Fi, como son los cortes, interferencias o no poder alejarse demasiado del punto de acceso.<\/p>\n<p>&nbsp;<\/p>\n<h2 class=\"yiv7522349451default-heading2\">Qu\u00e9 aparatos conectar por cable Ethernet<\/h2>\n<p>Aunque los podamos conectar por Wi-Fi, siempre va a ser mejor hacerlo por cable Ethernet y as\u00ed obtener todas las ventajas que ello ofrece.<\/p>\n<p>&nbsp;<\/p>\n<h3 class=\"yiv7522349451default-heading3\">Televisi\u00f3n<\/h3>\n<p>Si ves\u00a0<strong>contenido en Streaming<\/strong>, como pueden ser pel\u00edculas o series, necesitas que la conexi\u00f3n sea estable y tenga buena velocidad.<\/p>\n<p>&nbsp;<\/p>\n<p>De hecho, si ves contenido en 4K, lo recomendable es tener, al menos, 25 Mbps. Eso no siempre es posible de alcanzar cuando conectas la TV por Wi-Fi, sobre todo si est\u00e1s muy lejos del router o del nodo Mesh.<\/p>\n<p>Muchos televisores traen puerto Gigabit Ethernet incorporado. No obstante, en otros modelos que no tengan, podr\u00edas\u00a0<a href=\"https:\/\/41sau.r.ag.d.sendibm3.com\/mk\/cl\/f\/sh\/1t6Af4OiGsEag4I4zegbDgP7wDbHDW\/WnVVQkVBzd3L\" target=\"_blank\" rel=\"nofollow noopener noreferrer\">a\u00f1adir un puerto de Internet a la Smart TV<\/a>.<\/p>\n<p>&nbsp;<\/p>\n<p>Los modelos de gama alta y gama media, suelen tener\u00a0<strong>puerto Fast-Ethernet (a 100Mbps)<\/strong>, esto es m\u00e1s que suficiente para ver cualquier tipo de contenido multimedia, ya que muy pocas veces tenemos un bitrate tan elevado.<\/p>\n<p>&nbsp;<\/p>\n<p>Si se tiene el router Wi-Fi en la misma habitaci\u00f3n, y la TV soporta los 5GHz, es posible que consigas una mayor velocidad por Wi-Fi que por cable en este caso, pero tambi\u00e9n hay que prestar mucha atenci\u00f3n y valorar la estabilidad de la conexi\u00f3n que te proporcionar\u00e1 el cable de red.<\/p>\n<p>&nbsp;<\/p>\n<h3 class=\"yiv7522349451default-heading3\">Videoconsola<\/h3>\n<p>Algo similar ocurre con las videoconsolas. Algunas como la Xbox o PS5, cuentan con puerto Ethernet para poder conectarla a Internet por cable sin problemas. A la hora de\u00a0<strong>jugar<\/strong>, es importante tener una conexi\u00f3n estable, evitar cortes y problemas que puedan influir a la hora de entrar en una partida.<\/p>\n<p>&nbsp;<\/p>\n<p>Si est\u00e1 demasiado lejos del router, la se\u00f1al podr\u00eda llegar d\u00e9bil. Adem\u00e1s, la zona de la televisi\u00f3n suele estar bastante llena de aparatos, por lo que podr\u00eda haber interferencias con otros dispositivos.<\/p>\n<p>&nbsp;<\/p>\n<p>Al usar cable LAN, todos estos problemas desaparecen, y no solamente eso, sino que a la hora de descargar actualizaciones del sistema operativo e incluso de los juegos que tengas instalados, ser\u00e1 todo mucho m\u00e1s r\u00e1pido, y no tendr\u00e1s que esperar hasta que se descarguen usando el Wi-Fi.<\/p>\n<p>&nbsp;<\/p>\n<p>Por este motivo, si el router no est\u00e1 cerca de donde jug\u00e1s es recomendable que conectes tanto la TV como la consola por cable para tener el mejor rendimiento posible.<\/p>\n<p>&nbsp;<\/p>\n<h3 class=\"yiv7522349451default-heading3\">Sistemas de vigilancia<\/h3>\n<p>Si tienes\u00a0<strong>c\u00e1maras de seguridad<\/strong>\u00a0en tu hogar, conectarlas a Internet es clave para poder tener un control sin importar d\u00f3nde te encuentres.<\/p>\n<p>&nbsp;<\/p>\n<p>Aunque muchas funcionan por Wi-Fi sin problemas, siempre que puedas conectarlas por cable va a ser mejor. Tendr\u00e1s mayor estabilidad y podr\u00edas evitar problemas de interferencias. Es otro ejemplo de cu\u00e1nto cambiar la red inal\u00e1mbrica por el cable Ethernet. Especialmente, si las vas a conectar lejos del router, es buena idea que las conectes de esta manera.<\/p>\n<p>&nbsp;<\/p>\n<p>Un aspecto muy importante de las c\u00e1maras, es que un posible usuario malintencionado podr\u00eda enviar un ataque de desautenticaci\u00f3n, y desconectar la c\u00e1mara IP de la red inal\u00e1mbrica, as\u00ed que nos quedaremos sin ver absolutamente nada.<\/p>\n<p>&nbsp;<\/p>\n<p>Por este motivo, cualquier sistema de videovigilancia siempre va cableado, para evitar tanto las interferencias como tambi\u00e9n posibles ataques a las redes inal\u00e1mbricas.<\/p>\n<p>&nbsp;<\/p>\n<h3 class=\"yiv7522349451default-heading3\">Computadoras<\/h3>\n<p>Es un equipo que puede necesitar de una gran velocidad para usar la nube, descargar archivos o jugar online.<\/p>\n<p>&nbsp;<\/p>\n<p>Aunque los \u00faltimos est\u00e1ndares del Wi-Fi permiten alcanzar buenas velocidades y tener una estabilidad adecuada, contar con cable Ethernet puede mejorar todo esto.<\/p>\n<p>&nbsp;<\/p>\n<p>Hoy en d\u00eda hay tarjetas de red a 10Gbps realmente econ\u00f3micas, perfecto para conseguir altas velocidades en la red local.<\/p>\n<p>&nbsp;<\/p>\n<p>Es clave disponer de puerto Gigabit Ethernet como m\u00ednimo, adem\u00e1s de usar el cable adecuado. Podr\u00edas notar una mejora importante a la hora de navegar y reducir el riesgo de que aparezcan problemas de estabilidad.<\/p>\n<p>&nbsp;<\/p>\n<p>En definitiva, estos son algunos aparatos que \u00a0se pueden conectar a Internet por cable, en vez de por Wi-Fi, y tener as\u00ed mayor cobertura y disminuir el riesgo de que aparezcan cortes continuos.<\/p>\n<p>&nbsp;<\/p>\n<\/div>\n<\/td>\n<\/tr>\n<\/tbody>\n<\/table>\n<\/td>\n<\/tr>\n<\/tbody>\n<\/table>\n<\/th>\n<\/tr>\n<\/tbody>\n<\/table>\n<\/td>\n<\/tr>\n<\/tbody>\n<\/table>\n<table class=\"yiv7522349451r7-o\" role=\"presentation\" border=\"0\" width=\"100%\" cellspacing=\"0\" cellpadding=\"0\" align=\"center\">\n<tbody>\n<tr>\n<td class=\"yiv7522349451r30-i\">\n<table role=\"presentation\" border=\"0\" width=\"100%\" cellspacing=\"0\" cellpadding=\"0\">\n<tbody>\n<tr>\n<th class=\"yiv7522349451r5-c\" valign=\"top\" width=\"100%\">\n<table class=\"yiv7522349451r10-o\" role=\"presentation\" border=\"0\" width=\"100%\" cellspacing=\"0\" cellpadding=\"0\" align=\"left\">\n<tbody>\n<tr>\n<td class=\"yiv7522349451r11-i yiv7522349451nl2go-default-textstyle\" valign=\"top\">\n<div>\n<p>El Uso Racional de la Energ\u00eda El\u00e9ctrica nos beneficia a todos.<\/p>\n<\/div>\n<\/td>\n<\/tr>\n<\/tbody>\n<\/table>\n<\/th>\n<\/tr>\n<\/tbody>\n<\/table>\n<\/td>\n<\/tr>\n<\/tbody>\n<\/table>\n<table class=\"yiv7522349451r7-o\" role=\"presentation\" border=\"0\" width=\"100%\" cellspacing=\"0\" cellpadding=\"0\" align=\"center\">\n<tbody>\n<tr>\n<td class=\"yiv7522349451r31-i\">\n<table role=\"presentation\" border=\"0\" width=\"100%\" cellspacing=\"0\" cellpadding=\"0\">\n<tbody>\n<tr>\n<th class=\"yiv7522349451r5-c\" valign=\"top\" width=\"100%\">\n<table class=\"yiv7522349451r6-o\" role=\"presentation\" border=\"0\" width=\"100%\" cellspacing=\"0\" cellpadding=\"0\">\n<tbody>\n<tr>\n<td class=\"yiv7522349451r17-i\" valign=\"top\"><\/td>\n<\/tr>\n<\/tbody>\n<\/table>\n<\/th>\n<\/tr>\n<\/tbody>\n<\/table>\n<\/td>\n<\/tr>\n<\/tbody>\n<\/table>\n<table class=\"yiv7522349451r7-o\" role=\"presentation\" border=\"0\" width=\"100%\" cellspacing=\"0\" cellpadding=\"0\" align=\"center\">\n<tbody>\n<tr>\n<td class=\"yiv7522349451r33-i\">\n<table role=\"presentation\" border=\"0\" width=\"100%\" cellspacing=\"0\" cellpadding=\"0\">\n<tbody>\n<tr>\n<th class=\"yiv7522349451r5-c\" valign=\"top\" width=\"100%\"><\/th>\n<\/tr>\n<\/tbody>\n<\/table>\n<\/td>\n<\/tr>\n<\/tbody>\n<\/table>\n<\/td>\n<\/tr>\n<\/tbody>\n<\/table>\n<\/td>\n<\/tr>\n<\/tbody>\n<\/table>\n<\/div>\n<\/div>\n<\/div>\n<\/div>\n<div class=\"jb_0 X_6MGW N_6Fd5\"><\/div>\n<\/div>\n<p><!--more--><\/p>\n<div class=\"H_7jIs D_F ab_C Q_69H5 E_36RhU\" data-test-id=\"toolbar-hover-area\">\n<div class=\"D_F W_6D6F r_BN gl_C\" data-test-id=\"card-toolbar\">\n<div class=\"D_F ab_C en_0 b_Z14vXdP e_3mS2U I_ZkbNhI P_Z1otBpf\">\n<p>&nbsp;<\/p>\n<\/div>\n<\/div>\n<\/div>\n","protected":false},"excerpt":{"rendered":"<p>\u00a1En Contacto! &nbsp; Estimados vecinos y usuarios: &nbsp; Nos complace celebrar el 55\u00b0 Aniversario, y continuar compartiendoles informaci\u00f3n de su inter\u00e9s. &nbsp; Cumplimos un a\u00f1o m\u00e1s de trabajo, avanzando con nuestros planes de mejora, alcanzando las metas propuestas y proyectando nuevos servicios. Es nuestra manera de reafirmar el compromiso con cada uno de nuestros usuarios [&hellip;]<\/p>\n","protected":false},"author":3,"featured_media":26612,"comment_status":"open","ping_status":"open","sticky":false,"template":"","format":"standard","meta":{"footnotes":"","jetpack_publicize_message":"","jetpack_publicize_feature_enabled":true,"jetpack_social_post_already_shared":true,"jetpack_social_options":{"image_generator_settings":{"template":"highway","default_image_id":0,"font":"","enabled":false},"version":2}},"categories":[5],"tags":[2880],"class_list":["post-26610","post","type-post","status-publish","format-standard","has-post-thumbnail","hentry","category-aqui-parada-robles","tag-cepral-55-aniveresario"],"jetpack_publicize_connections":[],"jetpack_featured_media_url":"https:\/\/revistaepocadigital.com.ar\/wp-content\/uploads\/2024\/09\/mail-1.jpg","jetpack_likes_enabled":true,"_links":{"self":[{"href":"https:\/\/revistaepocadigital.com.ar\/index.php?rest_route=\/wp\/v2\/posts\/26610","targetHints":{"allow":["GET"]}}],"collection":[{"href":"https:\/\/revistaepocadigital.com.ar\/index.php?rest_route=\/wp\/v2\/posts"}],"about":[{"href":"https:\/\/revistaepocadigital.com.ar\/index.php?rest_route=\/wp\/v2\/types\/post"}],"author":[{"embeddable":true,"href":"https:\/\/revistaepocadigital.com.ar\/index.php?rest_route=\/wp\/v2\/users\/3"}],"replies":[{"embeddable":true,"href":"https:\/\/revistaepocadigital.com.ar\/index.php?rest_route=%2Fwp%2Fv2%2Fcomments&post=26610"}],"version-history":[{"count":0,"href":"https:\/\/revistaepocadigital.com.ar\/index.php?rest_route=\/wp\/v2\/posts\/26610\/revisions"}],"wp:featuredmedia":[{"embeddable":true,"href":"https:\/\/revistaepocadigital.com.ar\/index.php?rest_route=\/wp\/v2\/media\/26612"}],"wp:attachment":[{"href":"https:\/\/revistaepocadigital.com.ar\/index.php?rest_route=%2Fwp%2Fv2%2Fmedia&parent=26610"}],"wp:term":[{"taxonomy":"category","embeddable":true,"href":"https:\/\/revistaepocadigital.com.ar\/index.php?rest_route=%2Fwp%2Fv2%2Fcategories&post=26610"},{"taxonomy":"post_tag","embeddable":true,"href":"https:\/\/revistaepocadigital.com.ar\/index.php?rest_route=%2Fwp%2Fv2%2Ftags&post=26610"}],"curies":[{"name":"wp","href":"https:\/\/api.w.org\/{rel}","templated":true}]}}