{"id":26629,"date":"2024-09-14T10:55:40","date_gmt":"2024-09-14T13:55:40","guid":{"rendered":"https:\/\/revistaepocadigital.com.ar\/?p=26629"},"modified":"2024-09-14T10:55:40","modified_gmt":"2024-09-14T13:55:40","slug":"no-hay-que-enquistarse-en-el-poder-en-pueblos-como-el-nuestro-la-senal-el-mensaje-del-intendente-nanni","status":"publish","type":"post","link":"https:\/\/revistaepocadigital.com.ar\/?p=26629","title":{"rendered":"&#8220;NO HAY QUE ENQUISTARSE EN EL PODER EN PUEBLOS COMO EL NUESTRO&#8221;. LA SE\u00d1AL, EL MENSAJE DEL INTENDENTE NANNI"},"content":{"rendered":"<p><strong>AL CABO DE UNA ENTREVISTA PROFUNDA Y ABSOLUTAMENTE REVELADORA, EL INTENDENTE DIEGO NANNI EN EL MARCO DE LOS FESTEJOS PATRONALES, TRAZ\u00d3 UN PANORAMA DESCARNADO SOBRE LA SITUACI\u00d3N ACTUAL, Y NO LE ESQUIV\u00d3 A NING\u00d9N TEMA.<\/strong><!--more--><\/p>\n<p>&nbsp;<\/p>\n<p><strong>-\u00bfC\u00f3mo evoluciona el municipio ante la crisis general?, inflaci\u00f3n alt\u00edsima en primeros meses. Aumento muy importantes en servicios, impuestos, transportes de pasajeros, salarios deprimidos, jubilaciones magras. \u00bfC\u00f3mo transita su segunda gesti\u00f3n en el marco de la situaci\u00f3n general?<\/strong><br \/>\n&#8211;<em>Sin dudas que estamos frente a un escenario muy dif\u00eccil; todo lo mencionado evidentemente le complica mucho la vida a los argentinos y por supuesto a los exaltacrucenses, y por ende se presenta un ambiente muy complicado. Pagar tarifas tan altas con ventas deprimidas, sueldos que no acompa\u00f1an al proceso inflacionario en lo que va del a\u00f1o; ya estamos en un 100% de inflaci\u00f3n. Todo muy complicado, y no se puede acompa\u00f1ar como sabemos hacerlo a nuestros vecinos y planificar se convierte tambi\u00e9n en un tema sumamente complejo. Todo pues, produce en la gente, amargura, miedo, mientras tanto desde la municipalidad en la segunda gesti\u00f3n como intendente, no dejamos de estar para ayudar. Y \u00bfde que manera?, bueno por ejemplo acompa\u00f1ando con algunas tasas a los comerciantes, tambi\u00e9n viendo como sostener al plantel de empleados de la municipalidad, y desde ya hay que tener muy en cuenta el grave obst\u00e1culo que significan las tarifas ante un panorama general que muestra que no nos podemos sostener ante la inflaci\u00f3n, que desde ya, tambi\u00e9n trae serios problemas a la econom\u00eda familiar. Comer cuesta cada d\u00eda m\u00e1s caro, las tarifas de los transportes p\u00fablicos como contin\u00faan increment\u00e1ndose, ni hablar.<\/em><\/p>\n<p>N<em>osotros desde la gesti\u00f3n como digo venimos observando para ver como acompa\u00f1ar a los vecinos, y a su vez analizando como sortear el c\u00famulo de problemas que se nos presentan en el distrito as\u00ed como, desde ya en el pa\u00eds. En Exaltaci\u00f3n de la Cruz debemos enfrentar los aumentos de combustibles casi permanentes, los honorarios de profesionales que trabajan en el \u00e1mbito municipal, el incremento en repuestos, cubiertas, por citar unos pocos temas nom\u00e1s. Y as\u00ed, mientras tanto no paramos de trabajar para continuar avanzando con la operaci\u00f3n municipal, m\u00e1s all\u00e1 que todos los obst\u00e1culo comienzan a resentir el movimiento municipal. Para eso tratamos de armar una ingenier\u00eda, hecha en funci\u00f3n de lo que podemos dar a los vecinos. A ver, en un \u00e1rea vital como consideramos a la Salud, mantenemos la atenci\u00f3n de todas las especialidades m\u00e9dicas que se brindan en el Hospital Municipal San Jos\u00e9 y en todo el sistema de salud que contamos, y tambi\u00e9n nos respaldan como ocurri\u00f3 hace poco ante un paro de personal de cardiolog\u00eda en la provincia de Buenos Aires, quienes se desempe\u00f1an ac\u00e1 no adhirieron al paro dispuesto, y ojo, que sus salarios no son los mejores, si bien tampoco son los peores. Por otro lado no se carece de insumos, las instalaciones se encuentran en \u00f3ptimo estado. <\/em><\/p>\n<p><em>En fin, hay un mont\u00f2n de cosas que marcan las buenas intenciones de una gesti\u00f3n para mantener todo lo que se brinda a la gente desde la comuna, y sin dejar de pensar en seguir creciendo. Y respecto a esto, vemos el caso del Centro Universitario, pese a todo, lo estamos ampliando, invirtiendo, haciendo un esfuerzo muy importante para que crezca la oferta educativa, todos estamos muy inmersos en la forma de gestionar. Algunos se preguntan como podemos invertir sino no hay plata, pero bueno, lo hacemos para evitar que la educaci\u00f3n que es un valor fundamental, se vea deteriodada y por eso continuamos sumando carreras que, a su vez, es dar la oportunidad a nuestros vecinos que quieran estudiar, lo hagan sin necesidad de trasladarse a otras ciudades con el consiguiente aumento de gastos, nuestro Centro Universitaria brinda una educaci\u00f3n de calidad y es gratuita, en suma, la gesti\u00f3n que encabezo est\u00e1 enmarcada en ofrecer a la gente las mismas herramientas sin excepci\u00f3n, para de esa forma, tratar de salir todos juntos adelante del presente tan apremiante que se vive, tanto para las familias y como he mencionado, para el municipio tambi\u00e9n.<\/em><\/p>\n<p><em>Insistiremos en mantener los servicios esenciales, si bien algunos se podr\u00e1n resentir. Ahora bien, la pregunta del mill\u00f3n es \u00bfhasta cu\u00e1ndo?, porque el recurso con que se cuenta es finito; reitero, estamos haciendo un esfuerzo gigante por la gente. Muchas veces contamos con la colaboraci\u00f3n del gobierno de la provincia de Buenos Aires pero bueno, en alg\u00fan momento no la vamos a tener m\u00e1s, y ah\u00ed s\u00ed, ante esa eventual consecuencia, no sabemos que podr\u00eda ocurrir; la verdad, espero que si llegara ese instante, la situaci\u00f3n del pa\u00eds hubiera mejorado algo.<\/em><\/p>\n<p>&nbsp;<\/p>\n<figure id=\"attachment_26641\" aria-describedby=\"caption-attachment-26641\" style=\"width: 414px\" class=\"wp-caption aligncenter\"><img loading=\"lazy\" decoding=\"async\" class=\"size-full wp-image-26641\" src=\"https:\/\/revistaepocadigital.com.ar\/wp-content\/uploads\/2024\/09\/nanni-maestro1.jpg\" alt=\"\" width=\"414\" height=\"276\" srcset=\"https:\/\/revistaepocadigital.com.ar\/wp-content\/uploads\/2024\/09\/nanni-maestro1.jpg 414w, https:\/\/revistaepocadigital.com.ar\/wp-content\/uploads\/2024\/09\/nanni-maestro1-300x200.jpg 300w\" sizes=\"auto, (max-width: 414px) 100vw, 414px\" \/><figcaption id=\"caption-attachment-26641\" class=\"wp-caption-text\">El intendente en la conmemoraci\u00f3n del D\u00eda del Maestro.<\/figcaption><\/figure>\n<p><span style=\"color: #ff6600;\"><strong><em>LA PROHIBICI\u00d3N DE COB<\/em>ROS EXTRAS DE TAASAS EN FACTURAS DE SERVICIOS ESENCIALES. &#8220;<em>NOS PERMITEN MANTENER LA OPERATIVIDAD DEL MUNICIPIO Y SER\u00ccA MUY NEGATIVO QUITARLOS<\/em><\/strong><\/span><em>&#8220;<\/em><\/p>\n<p>&#8211;<strong>La decisi\u00f3n del gobierno nacional, prohibiendo a municipalidades agregar cobros extras por impuestos en las boletas de tasas municipales, en cuanto afecta los recursos del municipio?<\/strong><br \/>\n&#8211;<em>Por el momento no se sabe si podr\u00e1 implementarse esa medida del gobierno nacional, porque existe una ley que protege la econom\u00eda de los municipios sobre todo en momentos como estos, permitiendo por ejemplo, contar con insumos hospitalarios, materiales para la educaci\u00f3n, combustible para los m\u00f3viles policiales, prevenciones. Por eso, estos ingresos es muy necesario que se tenga la seguridad de que ingrese esa porci\u00f3n de dinero a trav\u00e9s de las facturas de servicios esenciales como la luz, agua, la verdad ser\u00eda una medida muy desacertada si se pusiera en pr\u00e1ctica. La medida no puede validarse pues contamos con una ley que, en tal caso, deber\u00eda ser cambiada por el Congreso Nacional<\/em>.<\/p>\n<p><em>El perjuicio para las comunas, ser\u00eda serio y realmente, lo digo con todo respeto, las tasas municipales en situaciones cr\u00edticas, son lo primero que dejan de pagarse; obviamente se priorizan otra cosas como los servicios vitales, no hay alternativas; hay que pagarlos sino las empresas los &#8220;cortan&#8221;. Por lo tanto, un porcentaje sumado a nuestras tasas, somos unos 40 mil habitantes y son cobradas unas 10 mil partidas, nos permiten mantener una planificaci\u00f3n operativa municipal en cuestiones fundamentales, por eso insisto, ser\u00eda muy negativo quitar recursos a un municipio, sobre todos los m\u00e1s chicos como puede ser Exaltaci\u00f3n de la Cruz, donde contamos con tasas municipales que realmente tienen una incidencia de suma importancia. Y en tal sentido y como dato ilustrativo, puedo mencionar que contamos con m\u00e1s de 400 calles de tierra en el partido, que sino cont\u00e1ramos con esos recursos ser\u00eda imposible seguir manteni\u00e9ndolas.<\/em><\/p>\n<p><span style=\"color: #ff00ff;\"><strong>EL PARATE DE LAS OBRAS P\u00daBLICAS. <em>&#8220;LAS VAMOS A HACER PASO A PASO, POR ETAPAS&#8221;<\/em><\/strong><\/span><\/p>\n<p><strong>-Acotado el apoyo a su gesti\u00f3n al proveniente de la gobernaci\u00f3n, detenida la obra publica por decisi\u00f3n del gobierno central, y en funci\u00f3n de su impronta por hacer obras. \u00bfPuede ampliar m\u00e1s sobre el contexto actual?<\/strong><br \/>\n<em>-Lamentablemente se siente mucho la falta de obras p\u00fablicas y esenciales como justamente una que se esta finalizando para el fortalecimiento de agua potable en varios barrios de localidades exaltacrucenses. En tanto, deber\u00edamos seguir con la pavimentaci\u00f3n de calles en la zona del Corredor de la Ruta 8, as\u00ed como avanzar con la construcci\u00f3n y finalizaci\u00f3n del plan de viviendas en el Barrio Esperanza, del mismo modo, deber\u00edamos proseguir con l a obra de la sala de faena en Diego Gaynor.<\/em><\/p>\n<p>H<em>ay muchas obras que las tenemos paradas, y otras que ni pudimos comenzarlas. \u00bfc\u00f3mo nos manejamos desde la municipalidad?, y bueno tratamos de buscar financiamiento de la provincia de Buenos Aires como por ejemplo lo hicimos para concretar el Centro de Desarrollo Infantil, sumando recursos municipales, y ahora tambi\u00e9n nos encontramos ampliando la sala de terapia intensiva en el Hospital San Jos\u00e9, as\u00ed como la ampliaci\u00f3n de la sala de emertolog\u00eca tan necesaria, as\u00ed como la de hemodinamia, haremos las obras en etapas, cuidando muy bien la plata, para que nos falte siempre &#8220;relojeando&#8221; que podamos carecer de recursos para el mantenimiento de la operaci\u00f3n municipal. En tal sentido por eso no podemos dar trabajo ni avanzar en una econom\u00eda circular, porque muchas veces consumimos recursos dentro del distrito mismo. As\u00ed que entonces, haremos obras por etapas como podr\u00e1 ser las 3 de la Escuela primaria n\u00famero 4 de Parada Robles; iremos paso a paso haciendo lo que consideramos, forman parte del crecimiento y cubriendo las necesidades de la gente sin dejar de lado prioridades como la salud, educaci\u00f3n, infraestructura, agua corriente, cloaca; estamos con altas expectativas para que en diciembre venidero sea licitada la obra de tratamientos de efluentes en Cardales, que representar\u00e1 un antes y un despu\u00e9s<\/em>.<\/p>\n<p><span style=\"color: #ff0000;\"><strong>LAS DIFERENCIAS INTERNAS, <em>&#8220;NO LAS VOY A NEGAR, SIEMPRE EXISTIERON&#8221;<\/em><\/strong><\/span><\/p>\n<p><strong>-Con respecto al funcionamiento interno en el oficialismo, se especula con versiones que mencionan la existencia de diferencias en el seno de su gesti\u00f3n.<\/strong><br \/>\n&#8211;<em>En la municipalidad siempre se debaten determinadas ideas con distintas improntas. Y yo no lo voy a negar. Siempre existieron, y en la actualidad tan particular, no hay nada excepcional comparado con otras situaciones pasadas. Venimos viviendo un trasvasamiento generacional, donde la realidad demanda otra din\u00e1mica al municipio, y por el lado nuestro tratamos de convivir. Est\u00e1n aquellos con pensamiento m\u00e1s conservador y otros que de repente, somos m\u00e1s progresistas. Pero bueno, de todas formas, entendemos que no hay que perder la impronta que en lo personal defiendo mucho y es el hecho de acompa\u00f1ar a la regi\u00f3n. Veamos, tenemos 400 parcelas en desarrollo, y no por eso vamos a desatender la actividad agropecuaria. Al contrario, soy de apoyar la actividad del campo y lo he defendido mucho de hecho al sector dentro del espacio pol\u00edtico en el cual milito. Pero bueno, como digo, hay veces que hay cuestiones que nos llevan a encontrarnos en una mesa de debate, sana, respetuosa, y que desde all\u00ed se vaya haciendo el camino; est\u00e1 muy bueno que a las idea que uno tenga, se les haga planteos para pensar mas cosas que sean de utilidad.<\/em><\/p>\n<p><em>Hoy lo que est\u00e1 ocurriendo es que hay distintas maneras de afrontar la realidad y lo que demanda, pero no soy diferencias que puedan llevar a decir que atravesamos una crisis pol\u00edtica, ni mucho menos. Yo creo que debatimos como hacer crecer m\u00e1s a Exaltaci\u00f3n de la Cruz, de la manera m\u00e1s sana y sin perder la identidad de cada uno. por supuesto coo hemos venido conversando ahora, ante un presente tan complejo que nos obliga a ver los recursos con que contamos e ir optimiz\u00e1ndolos. Por ah\u00ed, como tenemos baja de recursos, en la fijaci\u00f3n de prioridades de la gesti\u00f3n, puede ser que aparezcan alguna que otra diferencia, pero ante esas situaciones, yo creo que estamos muy bien; la gesti\u00f3n es s\u00f3lida y de repente si algo se debate en la municipalidad, somos un pueblo chico, entonces enseguida se enteran en la otra punta del pueblo y siempre por lo general se apegan a algunas posturas porque el morbo &#8220;vende&#8221; mejor.<\/em><\/p>\n<figure id=\"attachment_26643\" aria-describedby=\"caption-attachment-26643\" style=\"width: 518px\" class=\"wp-caption aligncenter\"><img loading=\"lazy\" decoding=\"async\" class=\"size-full wp-image-26643\" src=\"https:\/\/revistaepocadigital.com.ar\/wp-content\/uploads\/2024\/09\/nanni-gaynor-1.jpg\" alt=\"\" width=\"518\" height=\"473\" srcset=\"https:\/\/revistaepocadigital.com.ar\/wp-content\/uploads\/2024\/09\/nanni-gaynor-1.jpg 518w, https:\/\/revistaepocadigital.com.ar\/wp-content\/uploads\/2024\/09\/nanni-gaynor-1-300x274.jpg 300w, https:\/\/revistaepocadigital.com.ar\/wp-content\/uploads\/2024\/09\/nanni-gaynor-1-460x420.jpg 460w\" sizes=\"auto, (max-width: 518px) 100vw, 518px\" \/><figcaption id=\"caption-attachment-26643\" class=\"wp-caption-text\">En los festejos de Diiego Gaynor junto al delegado municipal, Mar\u00eda Luz Bozzani y en segundo plano, el concejal Luis Mariano Mart\u00edn.<\/figcaption><\/figure>\n<p>&nbsp;<\/p>\n<p><span style=\"color: #3366ff;\"><strong>MILEI PRESIDENTE Y DURAS CR\u00cdTICAS A LOS CONCEJALES DE LA LIBERTAD AVANZA<\/strong><\/span><\/p>\n<p>&#8211;<strong>\u00bfHa analizado el fen\u00f3meno Milei a 9 meses de haber asumido como presidente, y en lo que respecta a Exaltaci\u00f3n de la Cruz, como percibe el rol de La Libertad Avanza (LLA)?<\/strong><br \/>\n<em>-Quiero ser muy respetuoso con la gente que forma parte de LLA, que aclaro no conozco a muchos. Pero s\u00ed conozco a gente que entiende que la Argentinaa necesitaba ser gobernada de otra manera muy distinta a la de los \u00faltimos a\u00f1os, hubo evidentemente muchos que pensaron en ese sentido y los respeto y en cierta forma comparto que hayan querido otra forma para administrar a nuestro pa\u00eds, y no hab\u00eda muchas opciones realmente y Milei aprovech\u00f3 muy disruptivo; fue una novedad sin dudas; le habl\u00f3 a sectores a los que nunca se les hab\u00eda hablado de la forma que el lo hizo, quienes lo \u00fanico que ve\u00edan eran malas noticias y no soluciones.<\/em><\/p>\n<p><em>Yo entiendo de esa forma lo ocurrido, desde ya hay formas que tiene como presidente que no comparto; no me parece que un referente pol\u00edtico diga que la gente tenga que armarse, comprar un arma para defenderse por la inseguridad, lo siento como horroroso. Tiene que tener la mirada puesta en otros serios problemas que tenemos los argentinoss, por citar uno nom\u00e1s, en materia de salud la venta de \u00f3rganos; despu\u00e9s en lo econ\u00f3mico no soy partidario de la dolarizaci\u00f3n como se habla.<\/em><\/p>\n<p><em>Precisamente yo me form\u00e9 en la universidad en econom\u00eda entre otras materias afines; y lo que siempre sostengo es que hay que respetar al pueblo. Hay muchas cuestiones que me dan la pauta que Milei no fue un candidato como los que ven\u00edamos viendo, entonces la gente entendi\u00f3 que hab\u00eda problem\u00e1ticas que pod\u00eda resolver, y a la vista queda que le resulta muy complejo. Hoy le toca a Milei ejercer como presidente y responder a la responsabilidad que le otorg\u00f3 en las urnas muchos argentinos.<\/em><\/p>\n<p><em>\u00bfEn Exaltaci\u00f3n de la Cruz, como veo a LLA?, noto una falta total de experiencia, de compromiso, van nueve meses del inicio del nuevo per\u00edodo y a\u00fan como intendente no he tenido una charla seria con ning\u00fan referente de LLA. Las pocas propuestas que han tra\u00eddo no se condicen con la realidad que estamos viviendo, sino que han sido propuestas m\u00e1s ideol\u00f3gicas sin vincularlas con lo que nosotros debemos estar atendiendo todos los d\u00edas! Y ac\u00e1 est\u00e1n pasando cosas muy graves y no podemos dejar afuera de la agenda las necesidades que sufren nuestros vecinos, nuestra gente de Exaltaci\u00f3n de la Cruz. Claramente no estaban preparados para ejercer el cargo de concejales, y tampoco est\u00e1n haciendo mucho esfuerzo para ponerse a tono.<\/em><\/p>\n<p><span style=\"color: #ff6600;\"><strong><em>\u00bfVOLVER A SER CANDIDATO A INTENDENTE?. &#8220;Uno toma de decisiones trascendentales para la vida de los vecinos, pero bueno, yo creo que no hay que enquistarse en el poder en pueblos como el nuestro y una vez como intendente, cuando se hace mucho esfuerzo personal para materializar cosas debidamente planificadas y dir\u00eda se concretaron en un 75-80%, creo que uno tiene que llega el momento en que hay que decir &#8220;basta&#8221;<\/em><\/strong><\/span><\/p>\n<p><strong>-Como hombre pol\u00edtico se supone que tendr\u00e1 aspiraciones a futuro, \u00bfse imagina al frente de una eventual tercera gesti\u00f3n en el municipio?<\/strong><br \/>\n<em>-A ver, no me considero un hombre de la pol\u00edtica, si bien desde el a\u00f1o 2014 he incursionado en la funci\u00f3n p\u00fablica primero como secretario de gobierno y desde esos momentos mi vida se transform\u00f3. Por supuesto &#8220;mamo&#8221; la pol\u00edtica desde aquellos inicios porque es la herramienta que corresponde, y en nuestro caso hemos ido planificando para beneficio merecido desde ya, para nuestro pueblo en cuanto, reitero, en materia de salud, educaci\u00f3n, etc<\/em>.<\/p>\n<p>R<em>ealmente me gusta hacerlo, es mi pueblo, me voy a quedar a vivir ac\u00e1 el d\u00eda de ma\u00f1ana junto a mi familia, quiero que mis hijas vivan ac\u00e1, me comprometo mucho junto a mi esposa para que ellas estudien y m\u00e1s tarde desarrollen sus profesiones aqu\u00ed. Es el distrito m\u00e1s lindo de la provincia de Buenos Aires y no por sus bellezas, sino por atributos tan importantes y muy valiosos como la tranquilidad, como la gente; estamos pr\u00f3ximos a otras ciudades con otras condiciones por ejemplo comerciales, pero en nuestro distrito vivimos tranquilos. Me gusta tener animales, mascotas, disfruto mucho de la naturaleza; as\u00ed que no me defino como un hombre pol\u00edtico, siempre repito que &#8220;mam\u00e9&#8221; mucho en mi casa la vocaci\u00f3n de servicio, mi viejo m\u00e9dico, mi vieja asistente social; son dos personas que sin dudas, marcaron mi camino, mi futuro esforz\u00e1ndose para que me preparara en administraci\u00f3n y econom\u00eda como lo hice, y tambi\u00e9n en lo social y en entender la importancia de la presencia del Estado y yo como una persona de bien siempre he intentado aportar lo m\u00e1s que fuera posible para mi pueblo, con mucho amor y entrega que muchas veces se lleva puesta a mi familia, a amigos y hasta a m\u00ed mismo a veces!<\/em><\/p>\n<p><em>\u00bfSi voy a ser candidato a intendente en el 2027?, mmm, quiero decirlo de otra manera. Una vez me preguntaron si volver\u00eda a ser candidato, era otra instancia, hab\u00eda pasado s\u00f2lo un a\u00f1o de mi primera gesti\u00f3n como intendente y ahora ya pasaron casi cinco a\u00f1os y 10 trabajando en el Ejecutivo municipal, por eso yo dir\u00eda que no tengo expectativas pol\u00edticas en ning\u00fan sentido; el tiempo lo dir\u00e1. Acompa\u00f1\u00e9 a Adri\u00e1n S\u00e1nchez cuando fue intendente y yo secretario de gobierno y aprend\u00ed much\u00edsimo y conoc\u00ed a mi gente de Exaltaci\u00f3n de la Cruz, su esencia y me enamor\u00e9 mucho; por supuesto que disfruto mucho la gran responsabilidad de ser intendente porque me involucr\u00e9 en la toma de decisiones trascendentales para la vida de los vecinos, pero bueno, yo creo que no hay que enquistarse en el poder en pueblos como el nuestro y una vez como intendente, cuando se hace mucho esfuerzo personal para materializar cosas debidamente planificadas y dir\u00eda se concretaron en un 75-80%, creo que uno tiene que llega el momento en que hay que decir &#8220;basta&#8221;. En mi caso, tengo emprendimientos particulares con mi hermano, tengo trabajo y cosas por hacer y me gustar\u00eda profundizar en esta empresa familiar por lo cual si me preguntas hoy, te dir\u00eda que no estoy pensando en un tercer mandato como intendente, tampoco la ley lo permite y menos a\u00fan pensar en otro cargo. Esas son cosas que pasan con el tiempo y si llegara eventualmente un ofrecimiento, uno lo analizar\u00eda pienso. <\/em><\/p>\n<p><em>De todas maneras insisto, si tengo que contestar hoy, te digo que mi vida pol\u00edtica termina en el 2027 cuando finaliza mi actual mandaato, no tengo ninguna otra idea en la cabeza. Siempre me tent\u00f2 la pol\u00edtica, la idea de hacer cosas por la gente de mi pueblo como lo he puesto de manifiesto. No, no me han propuesto nada pol\u00edticamente hablando, no tengo otra aspiraci\u00f3n que disfrutar de mi familia, y claro trabajar y siempre colaborar en lo que pudiera con mi pueblo de Exaltaci\u00f3n de la Cruz.<\/em><\/p>\n<p><em>&#8220;M\u00e1s all\u00e1 de lo que depare el futuro, seguir\u00e9 siendo un vecino m\u00e1s en Exaltaci\u00f3n de la Cruz, este que es mi lugar en el mundo&#8221;<\/em><\/p>\n<p><strong>Diego Nanni,<\/strong> intendente. Sus puntos de vista y<strong> confesiones nunca antes hechas.<\/strong><\/p>\n","protected":false},"excerpt":{"rendered":"<p>AL CABO DE UNA ENTREVISTA PROFUNDA Y ABSOLUTAMENTE REVELADORA, EL INTENDENTE DIEGO NANNI EN EL MARCO DE LOS FESTEJOS PATRONALES, TRAZ\u00d3 UN PANORAMA DESCARNADO SOBRE LA SITUACI\u00d3N ACTUAL, Y NO LE ESQUIV\u00d3 A NING\u00d9N TEMA.<\/p>\n","protected":false},"author":4,"featured_media":26640,"comment_status":"open","ping_status":"open","sticky":false,"template":"","format":"standard","meta":{"footnotes":"","jetpack_publicize_message":"","jetpack_publicize_feature_enabled":true,"jetpack_social_post_already_shared":true,"jetpack_social_options":{"image_generator_settings":{"template":"highway","default_image_id":0,"font":"","enabled":false},"version":2}},"categories":[17],"tags":[897,511,66],"class_list":["post-26629","post","type-post","status-publish","format-standard","has-post-thumbnail","hentry","category-politica","tag-14-setiembre","tag-entrevista","tag-nanni"],"jetpack_publicize_connections":[],"jetpack_featured_media_url":"https:\/\/revistaepocadigital.com.ar\/wp-content\/uploads\/2024\/09\/nanni-premios-24.jpg","jetpack_likes_enabled":true,"_links":{"self":[{"href":"https:\/\/revistaepocadigital.com.ar\/index.php?rest_route=\/wp\/v2\/posts\/26629","targetHints":{"allow":["GET"]}}],"collection":[{"href":"https:\/\/revistaepocadigital.com.ar\/index.php?rest_route=\/wp\/v2\/posts"}],"about":[{"href":"https:\/\/revistaepocadigital.com.ar\/index.php?rest_route=\/wp\/v2\/types\/post"}],"author":[{"embeddable":true,"href":"https:\/\/revistaepocadigital.com.ar\/index.php?rest_route=\/wp\/v2\/users\/4"}],"replies":[{"embeddable":true,"href":"https:\/\/revistaepocadigital.com.ar\/index.php?rest_route=%2Fwp%2Fv2%2Fcomments&post=26629"}],"version-history":[{"count":0,"href":"https:\/\/revistaepocadigital.com.ar\/index.php?rest_route=\/wp\/v2\/posts\/26629\/revisions"}],"wp:featuredmedia":[{"embeddable":true,"href":"https:\/\/revistaepocadigital.com.ar\/index.php?rest_route=\/wp\/v2\/media\/26640"}],"wp:attachment":[{"href":"https:\/\/revistaepocadigital.com.ar\/index.php?rest_route=%2Fwp%2Fv2%2Fmedia&parent=26629"}],"wp:term":[{"taxonomy":"category","embeddable":true,"href":"https:\/\/revistaepocadigital.com.ar\/index.php?rest_route=%2Fwp%2Fv2%2Fcategories&post=26629"},{"taxonomy":"post_tag","embeddable":true,"href":"https:\/\/revistaepocadigital.com.ar\/index.php?rest_route=%2Fwp%2Fv2%2Ftags&post=26629"}],"curies":[{"name":"wp","href":"https:\/\/api.w.org\/{rel}","templated":true}]}}