{"id":2663,"date":"2019-06-19T16:15:59","date_gmt":"2019-06-19T19:15:59","guid":{"rendered":"https:\/\/revistaepocadigital.com.ar\/?p=2663"},"modified":"2019-06-19T16:17:42","modified_gmt":"2019-06-19T19:17:42","slug":"magoo-la-noche-capillense-en-los-70","status":"publish","type":"post","link":"https:\/\/revistaepocadigital.com.ar\/?p=2663","title":{"rendered":"&#8220;MAGOO&#8221;, LA NOCHE CAPILLENSE EN LOS \u00b470"},"content":{"rendered":"<p><strong>UNA EPOCA INOLVIDABLE.<\/strong><!--more--><\/p>\n<p>Despuntaban los boliches nocturnos, y en Capilla del Se\u00f1or fue un verdaderos suceso por varios a\u00f1os, <strong>&#8220;Magoo&#8221;.<\/strong> El lugar con Alberto Lareu a la cabeza, fue la referencia nocturna en la ciudad, para escuchar m\u00fasica y pasarla muy bien entre amigos (en la foto de portada, conocidos vecinos como Guillermo Salinas, Julio Llamosas y el fallecido Diego Cervantes). Tambi\u00e9n, no se puede olvidar a otro boliche c\u00e9ntrico, <strong>&#8220;Kaskotte&#8221;<\/strong>, impulsado por el desaparecido Juan Carlos &#8220;Negro&#8221; Urquiza.<\/p>\n<p><img loading=\"lazy\" decoding=\"async\" class=\"aligncenter size-full wp-image-2665\" src=\"https:\/\/revistaepocadigital.com.ar\/wp-content\/uploads\/2019\/06\/MAGOO-NOSDE.jpg\" alt=\"\" width=\"960\" height=\"639\" srcset=\"https:\/\/revistaepocadigital.com.ar\/wp-content\/uploads\/2019\/06\/MAGOO-NOSDE.jpg 960w, https:\/\/revistaepocadigital.com.ar\/wp-content\/uploads\/2019\/06\/MAGOO-NOSDE-300x200.jpg 300w, https:\/\/revistaepocadigital.com.ar\/wp-content\/uploads\/2019\/06\/MAGOO-NOSDE-768x511.jpg 768w, https:\/\/revistaepocadigital.com.ar\/wp-content\/uploads\/2019\/06\/MAGOO-NOSDE-696x463.jpg 696w, https:\/\/revistaepocadigital.com.ar\/wp-content\/uploads\/2019\/06\/MAGOO-NOSDE-631x420.jpg 631w\" sizes=\"auto, (max-width: 960px) 100vw, 960px\" \/><\/p>\n<p>L\u00f3s exitos musicales, las modas de esos a\u00f1os, vaya a saber cuantos habr\u00e1n conocido en los reductos nocturnos capillenses a quienes luego ser\u00edan sus novias, novios y esposas o esposos. Cuantas historias guardar\u00e1n a\u00fan las paredes de la casa a\u00fan existente, en el coraz\u00f3n del centro de Capilla del Se\u00f1or.<\/p>\n<p><img loading=\"lazy\" decoding=\"async\" class=\"aligncenter size-full wp-image-2666\" src=\"https:\/\/revistaepocadigital.com.ar\/wp-content\/uploads\/2019\/06\/MAGOO-NOSDEO.jpg\" alt=\"\" width=\"960\" height=\"639\" srcset=\"https:\/\/revistaepocadigital.com.ar\/wp-content\/uploads\/2019\/06\/MAGOO-NOSDEO.jpg 960w, https:\/\/revistaepocadigital.com.ar\/wp-content\/uploads\/2019\/06\/MAGOO-NOSDEO-300x200.jpg 300w, https:\/\/revistaepocadigital.com.ar\/wp-content\/uploads\/2019\/06\/MAGOO-NOSDEO-768x511.jpg 768w, https:\/\/revistaepocadigital.com.ar\/wp-content\/uploads\/2019\/06\/MAGOO-NOSDEO-696x463.jpg 696w, https:\/\/revistaepocadigital.com.ar\/wp-content\/uploads\/2019\/06\/MAGOO-NOSDEO-631x420.jpg 631w\" sizes=\"auto, (max-width: 960px) 100vw, 960px\" \/><\/p>\n<p>Fotos: gentileza P. Nosdeo (originales Foto Raffo)<\/p>\n","protected":false},"excerpt":{"rendered":"<p>UNA EPOCA INOLVIDABLE.<\/p>\n","protected":false},"author":4,"featured_media":2664,"comment_status":"open","ping_status":"open","sticky":false,"template":"","format":"standard","meta":{"footnotes":"","jetpack_publicize_message":"","jetpack_publicize_feature_enabled":true,"jetpack_social_post_already_shared":false,"jetpack_social_options":{"image_generator_settings":{"template":"highway","default_image_id":0,"font":"","enabled":false},"version":2}},"categories":[14],"tags":[380,37],"class_list":["post-2663","post","type-post","status-publish","format-standard","has-post-thumbnail","hentry","category-la-gente","tag-boliches-nocturnos","tag-destacada"],"jetpack_publicize_connections":[],"jetpack_featured_media_url":"https:\/\/revistaepocadigital.com.ar\/wp-content\/uploads\/2019\/06\/SALINAS-GUI-LLAMOS-DIEGO-CER-71.jpg","jetpack_likes_enabled":true,"_links":{"self":[{"href":"https:\/\/revistaepocadigital.com.ar\/index.php?rest_route=\/wp\/v2\/posts\/2663","targetHints":{"allow":["GET"]}}],"collection":[{"href":"https:\/\/revistaepocadigital.com.ar\/index.php?rest_route=\/wp\/v2\/posts"}],"about":[{"href":"https:\/\/revistaepocadigital.com.ar\/index.php?rest_route=\/wp\/v2\/types\/post"}],"author":[{"embeddable":true,"href":"https:\/\/revistaepocadigital.com.ar\/index.php?rest_route=\/wp\/v2\/users\/4"}],"replies":[{"embeddable":true,"href":"https:\/\/revistaepocadigital.com.ar\/index.php?rest_route=%2Fwp%2Fv2%2Fcomments&post=2663"}],"version-history":[{"count":0,"href":"https:\/\/revistaepocadigital.com.ar\/index.php?rest_route=\/wp\/v2\/posts\/2663\/revisions"}],"wp:featuredmedia":[{"embeddable":true,"href":"https:\/\/revistaepocadigital.com.ar\/index.php?rest_route=\/wp\/v2\/media\/2664"}],"wp:attachment":[{"href":"https:\/\/revistaepocadigital.com.ar\/index.php?rest_route=%2Fwp%2Fv2%2Fmedia&parent=2663"}],"wp:term":[{"taxonomy":"category","embeddable":true,"href":"https:\/\/revistaepocadigital.com.ar\/index.php?rest_route=%2Fwp%2Fv2%2Fcategories&post=2663"},{"taxonomy":"post_tag","embeddable":true,"href":"https:\/\/revistaepocadigital.com.ar\/index.php?rest_route=%2Fwp%2Fv2%2Ftags&post=2663"}],"curies":[{"name":"wp","href":"https:\/\/api.w.org\/{rel}","templated":true}]}}