{"id":26677,"date":"2024-11-08T22:31:46","date_gmt":"2024-11-09T01:31:46","guid":{"rendered":"https:\/\/revistaepocadigital.com.ar\/?p=26677"},"modified":"2024-11-09T02:07:10","modified_gmt":"2024-11-09T05:07:10","slug":"la-fogata-de-san-juan-de-nuevo-ilumina-la-noche-de-cardales","status":"publish","type":"post","link":"https:\/\/revistaepocadigital.com.ar\/?p=26677","title":{"rendered":"LA FOGATA DE SAN JUAN ILUMIN\u00d3 LA NOCHE DE CARDALES Y UNAS 20 MIL PERSONAS DISFRUTARON"},"content":{"rendered":"<p><strong>SE PRENDI\u00d3 LA FOGATA Y EL \u00c9XITO ACOMPA\u00d1\u00d3 COMO DESDE HACE 31 A\u00d1OS.<\/strong><\/p>\n<p><!--more--><\/p>\n<div>La Fogata de los Cardales fue un rotundo \u00e9xito, congregando a m\u00e1s de 20.000 personas de nuestra comunidad y visitantes. El evento no solo fue una celebraci\u00f3n, sino tambi\u00e9n una oportunidad para recaudar fondos para instituciones locales.<\/div>\n<div><\/div>\n<div><img loading=\"lazy\" decoding=\"async\" class=\"aligncenter size-medium wp-image-27297\" src=\"https:\/\/revistaepocadigital.com.ar\/wp-content\/uploads\/2024\/10\/foga-0-1-300x300.jpg\" alt=\"\" width=\"300\" height=\"300\" srcset=\"https:\/\/revistaepocadigital.com.ar\/wp-content\/uploads\/2024\/10\/foga-0-1-300x300.jpg 300w, https:\/\/revistaepocadigital.com.ar\/wp-content\/uploads\/2024\/10\/foga-0-1-150x150.jpg 150w, https:\/\/revistaepocadigital.com.ar\/wp-content\/uploads\/2024\/10\/foga-0-1-768x768.jpg 768w, https:\/\/revistaepocadigital.com.ar\/wp-content\/uploads\/2024\/10\/foga-0-1-696x696.jpg 696w, https:\/\/revistaepocadigital.com.ar\/wp-content\/uploads\/2024\/10\/foga-0-1-1068x1068.jpg 1068w, https:\/\/revistaepocadigital.com.ar\/wp-content\/uploads\/2024\/10\/foga-0-1-420x420.jpg 420w, https:\/\/revistaepocadigital.com.ar\/wp-content\/uploads\/2024\/10\/foga-0-1-840x840.jpg 840w, https:\/\/revistaepocadigital.com.ar\/wp-content\/uploads\/2024\/10\/foga-0-1.jpg 1200w\" sizes=\"auto, (max-width: 300px) 100vw, 300px\" \/><\/div>\n<div><\/div>\n<div>Ac\u00e1 pod\u00e9s leer los resultados alcanzados por la concreci\u00f3n de la tradicional Fogata de San Juan:<\/div>\n<div><\/div>\n<div>\u00a0*Recaudaci\u00f3n para la Asociacion Cooperadora del Hospital de Los Cardales*:<\/div>\n<div>Se compraron 4 computadoras nuevas para consultorios y administraci\u00f3n, por un valor de $5.024.000. Esta adquisici\u00f3n mejorar\u00e1 significativamente la atenci\u00f3n.<\/div>\n<div><\/div>\n<div>* La Escuela n\u00famero 6 de Carlos Lemee se encarg\u00f3 de la organizaci\u00f3n de la Marat\u00f3n, tambi\u00e9n acompa\u00f1ada por el \u00e9xito. Los alumnos de la escuela se beneficiar\u00e1n directamente de la recaudaci\u00f3n, ya que podr\u00e1n realizar un viaje gracias a los fondos obtenidos.<\/div>\n<div><\/div>\n<div>\n<div>\u00a1Muchas gracias a todos los que participaron y contribuyeron al \u00e9xito del evento!, sintetiz\u00f3\u00a0 al hablar con EPOCA y brindar detalles, Luc\u00eda Gutierrez.<\/div>\n<\/div>\n<div>\n<figure id=\"attachment_27301\" aria-describedby=\"caption-attachment-27301\" style=\"width: 450px\" class=\"wp-caption aligncenter\"><img loading=\"lazy\" decoding=\"async\" class=\"size-full wp-image-27301\" src=\"https:\/\/revistaepocadigital.com.ar\/wp-content\/uploads\/2024\/10\/foga24.jpg\" alt=\"\" width=\"450\" height=\"520\" srcset=\"https:\/\/revistaepocadigital.com.ar\/wp-content\/uploads\/2024\/10\/foga24.jpg 450w, https:\/\/revistaepocadigital.com.ar\/wp-content\/uploads\/2024\/10\/foga24-260x300.jpg 260w, https:\/\/revistaepocadigital.com.ar\/wp-content\/uploads\/2024\/10\/foga24-363x420.jpg 363w\" sizes=\"auto, (max-width: 450px) 100vw, 450px\" \/><figcaption id=\"caption-attachment-27301\" class=\"wp-caption-text\">El Dr.H\u00e9ctor Nanni, uno de los principales organizadorees, observa el gran espect\u00e1culo (foto gentilez Exaltaci\u00f3n Informa)<\/figcaption><\/figure>\n<\/div>\n<div><\/div>\n<div>\n<div class=\"xdj266r x11i5rnm xat24cr x1mh8g0r x1vvkbs x126k92a\">\n<div dir=\"auto\">Por eso dicen que es Arte Ef\u00edmero!.. porque despu\u00e9s de 8 meses de trabajo art\u00edstico y muchas horas de todos los miembros del grupo de vecinos de la Fogata, que ad honorem, dedican para lograr \u00e9sta maravilla&#8230; en 30 minutos, 20000 personas envuelven la escultura, en una ceremonia \u00fanica en torno al fuego.<\/div>\n<\/div>\n<div class=\"x11i5rnm xat24cr x1mh8g0r x1vvkbs xtlvy1s x126k92a\">\n<div dir=\"auto\"><span class=\"html-span xdj266r x11i5rnm xat24cr x1mh8g0r xexx8yu x4uap5 x18d9i69 xkhd6sd x1hl2dhg x16tdsg8 x1vvkbs\"><a class=\"x1i10hfl xjbqb8w x1ejq31n xd10rxx x1sy0etr x17r0tee x972fbf xcfux6l x1qhh985 xm0m39n x9f619 x1ypdohk xt0psk2 xe8uvvx xdj266r x11i5rnm xat24cr x1mh8g0r xexx8yu x4uap5 x18d9i69 xkhd6sd x16tdsg8 x1hl2dhg xggy1nq x1a2a7pz x1sur9pj xkrqix3 x1fey0fg x1s688f\" tabindex=\"0\" role=\"link\" href=\"https:\/\/www.facebook.com\/hashtag\/zeus?__eep__=6&amp;__cft__[0]=AZUNrrc8hfoQT6q-q-I_WFIUZ2DigJoGRRKoy-yzQtc3qJKfKsCSb_dunrrcvFgmEpsKt26UctEdUO7pbVJ7hGy0sY2fzmv0HUuYI0ZK2zfCZP1OxhsEew1c-LsCfT7PeDvaSYJTGgNOPPDWfa40kyDZd1hz4Amyv9jBoxXpzryIosA1mzQGvKEJOlzPPgiIas8iBERLeob1t8hotVE1KxdxP13_deAS00O5aB8c1KLwdw&amp;__tn__=*NK-y-R\">#zeus<\/a><\/span> encendi\u00f3 la noche de Los Cardales!<\/div>\n<\/div>\n<div class=\"x11i5rnm xat24cr x1mh8g0r x1vvkbs xtlvy1s x126k92a\">\n<div dir=\"auto\">Gracias <span class=\"html-span xdj266r x11i5rnm xat24cr x1mh8g0r xexx8yu x4uap5 x18d9i69 xkhd6sd x1hl2dhg x16tdsg8 x1vvkbs\"><a class=\"x1i10hfl xjbqb8w x1ejq31n xd10rxx x1sy0etr x17r0tee x972fbf xcfux6l x1qhh985 xm0m39n x9f619 x1ypdohk xt0psk2 xe8uvvx xdj266r x11i5rnm xat24cr x1mh8g0r xexx8yu x4uap5 x18d9i69 xkhd6sd x16tdsg8 x1hl2dhg xggy1nq x1a2a7pz x1sur9pj xkrqix3 x1fey0fg x1s688f\" tabindex=\"0\" role=\"link\" href=\"https:\/\/www.instagram.com\/_u\/fogatadeloscardales?fbclid=IwZXh0bgNhZW0CMTAAAR2sL5Gcv-uC1dSqI9Eigtw1Ffwy04BZOsNC9U-jV1_ZBt0uBeY-61tU2rY_aem_pah9_23zuJlCnN0-eG2FaQ\" target=\"_blank\" rel=\"nofollow noopener noreferrer\">@fogatadeloscardales<\/a><\/span> porque luego de 31 a\u00f1os seguimos siendo parte de su fiesta!<\/div>\n<\/div>\n<\/div>\n<div dir=\"auto\"><\/div>\n<div dir=\"auto\"><\/div>\n<div dir=\"auto\"><img loading=\"lazy\" decoding=\"async\" class=\"aligncenter size-large wp-image-27299\" src=\"https:\/\/revistaepocadigital.com.ar\/wp-content\/uploads\/2024\/10\/fo1-960x1200.jpg\" alt=\"\" width=\"696\" height=\"870\" srcset=\"https:\/\/revistaepocadigital.com.ar\/wp-content\/uploads\/2024\/10\/fo1-960x1200.jpg 960w, https:\/\/revistaepocadigital.com.ar\/wp-content\/uploads\/2024\/10\/fo1-240x300.jpg 240w, https:\/\/revistaepocadigital.com.ar\/wp-content\/uploads\/2024\/10\/fo1-768x960.jpg 768w, https:\/\/revistaepocadigital.com.ar\/wp-content\/uploads\/2024\/10\/fo1-696x870.jpg 696w, https:\/\/revistaepocadigital.com.ar\/wp-content\/uploads\/2024\/10\/fo1-336x420.jpg 336w, https:\/\/revistaepocadigital.com.ar\/wp-content\/uploads\/2024\/10\/fo1-672x840.jpg 672w, https:\/\/revistaepocadigital.com.ar\/wp-content\/uploads\/2024\/10\/fo1.jpg 1024w\" sizes=\"auto, (max-width: 696px) 100vw, 696px\" \/><\/div>\n<div><\/div>\n<div><\/div>\n<p><img loading=\"lazy\" decoding=\"async\" class=\"aligncenter size-full wp-image-26681\" src=\"https:\/\/revistaepocadigital.com.ar\/wp-content\/uploads\/2024\/09\/fogas.jpg\" alt=\"\" width=\"526\" height=\"926\" srcset=\"https:\/\/revistaepocadigital.com.ar\/wp-content\/uploads\/2024\/09\/fogas.jpg 526w, https:\/\/revistaepocadigital.com.ar\/wp-content\/uploads\/2024\/09\/fogas-170x300.jpg 170w, https:\/\/revistaepocadigital.com.ar\/wp-content\/uploads\/2024\/09\/fogas-239x420.jpg 239w, https:\/\/revistaepocadigital.com.ar\/wp-content\/uploads\/2024\/09\/fogas-477x840.jpg 477w\" sizes=\"auto, (max-width: 526px) 100vw, 526px\" \/><\/p>\n<p><img loading=\"lazy\" decoding=\"async\" class=\"aligncenter size-full wp-image-26683\" src=\"https:\/\/revistaepocadigital.com.ar\/wp-content\/uploads\/2024\/09\/FOGA11.jpg\" alt=\"\" width=\"526\" height=\"857\" srcset=\"https:\/\/revistaepocadigital.com.ar\/wp-content\/uploads\/2024\/09\/FOGA11.jpg 526w, https:\/\/revistaepocadigital.com.ar\/wp-content\/uploads\/2024\/09\/FOGA11-184x300.jpg 184w, https:\/\/revistaepocadigital.com.ar\/wp-content\/uploads\/2024\/09\/FOGA11-258x420.jpg 258w, https:\/\/revistaepocadigital.com.ar\/wp-content\/uploads\/2024\/09\/FOGA11-516x840.jpg 516w\" sizes=\"auto, (max-width: 526px) 100vw, 526px\" \/><\/p>\n<p>&nbsp;<\/p>\n<p style=\"text-align: center;\"><strong>EL TR\u00c1NSITO, ATENCI\u00d3N<\/strong><\/p>\n<p>Con motivo de la Fogata de Los Cardales, estaba interrumpido el tr\u00e1nsito vehicular en las siguientes calles:<\/p>\n<p>VIERNES 4\/10<br \/>\n\u2705 Rivadavia, entre 25 de mayo y Buenos Aires.<\/p>\n<p>S\u00c1BADO 5\/10<br \/>\n\u2705 Rivadavia, entre Av. San Mart\u00edn y Buenos Aires.<\/p>\n<p>\u2757El servicio de transporte p\u00fablico se dirig\u00eda por la calle Alsina hacia Sargento Cabral y viceversa.<\/p>\n<p>CIRCULAR CON PRECAUCI\u00d3N<\/p>\n","protected":false},"excerpt":{"rendered":"<p>SE PRENDI\u00d3 LA FOGATA Y EL \u00c9XITO ACOMPA\u00d1\u00d3 COMO DESDE HACE 31 A\u00d1OS.<\/p>\n","protected":false},"author":3,"featured_media":27295,"comment_status":"open","ping_status":"open","sticky":false,"template":"","format":"standard","meta":{"footnotes":"","jetpack_publicize_message":"","jetpack_publicize_feature_enabled":true,"jetpack_social_post_already_shared":true,"jetpack_social_options":{"image_generator_settings":{"template":"highway","default_image_id":0,"font":"","enabled":false},"version":2}},"categories":[4],"tags":[2887],"class_list":["post-26677","post","type-post","status-publish","format-standard","has-post-thumbnail","hentry","category-aqui-los-cardales","tag-fogata-san-juan-2024"],"jetpack_publicize_connections":[],"jetpack_featured_media_url":"https:\/\/revistaepocadigital.com.ar\/wp-content\/uploads\/2024\/10\/fogaoo.jpg","jetpack_likes_enabled":true,"_links":{"self":[{"href":"https:\/\/revistaepocadigital.com.ar\/index.php?rest_route=\/wp\/v2\/posts\/26677","targetHints":{"allow":["GET"]}}],"collection":[{"href":"https:\/\/revistaepocadigital.com.ar\/index.php?rest_route=\/wp\/v2\/posts"}],"about":[{"href":"https:\/\/revistaepocadigital.com.ar\/index.php?rest_route=\/wp\/v2\/types\/post"}],"author":[{"embeddable":true,"href":"https:\/\/revistaepocadigital.com.ar\/index.php?rest_route=\/wp\/v2\/users\/3"}],"replies":[{"embeddable":true,"href":"https:\/\/revistaepocadigital.com.ar\/index.php?rest_route=%2Fwp%2Fv2%2Fcomments&post=26677"}],"version-history":[{"count":0,"href":"https:\/\/revistaepocadigital.com.ar\/index.php?rest_route=\/wp\/v2\/posts\/26677\/revisions"}],"wp:featuredmedia":[{"embeddable":true,"href":"https:\/\/revistaepocadigital.com.ar\/index.php?rest_route=\/wp\/v2\/media\/27295"}],"wp:attachment":[{"href":"https:\/\/revistaepocadigital.com.ar\/index.php?rest_route=%2Fwp%2Fv2%2Fmedia&parent=26677"}],"wp:term":[{"taxonomy":"category","embeddable":true,"href":"https:\/\/revistaepocadigital.com.ar\/index.php?rest_route=%2Fwp%2Fv2%2Fcategories&post=26677"},{"taxonomy":"post_tag","embeddable":true,"href":"https:\/\/revistaepocadigital.com.ar\/index.php?rest_route=%2Fwp%2Fv2%2Ftags&post=26677"}],"curies":[{"name":"wp","href":"https:\/\/api.w.org\/{rel}","templated":true}]}}