{"id":26701,"date":"2024-09-20T02:55:09","date_gmt":"2024-09-20T05:55:09","guid":{"rendered":"https:\/\/revistaepocadigital.com.ar\/?p=26701"},"modified":"2024-09-20T02:55:09","modified_gmt":"2024-09-20T05:55:09","slug":"avanzan-los-juegos-bonaerenses-2024","status":"publish","type":"post","link":"https:\/\/revistaepocadigital.com.ar\/?p=26701","title":{"rendered":"AVANZAN LOS JUEGOS BONAERENSES 2024"},"content":{"rendered":"<p><strong>SEGUNDA JORNADA DE LA ETAPA REGIONAL. EN PILAR.<\/strong><!--more--><\/p>\n<p>En la segunda jornada de los JUEGOS BONAERENSES, correspondientes a laa Etapa Regional, Exaltaci\u00f3n de la Cruz particip\u00f3 con los representantes de la Direcci\u00f3n de Cultura y Direcci\u00f3n de Discapacidad 2024.<\/p>\n","protected":false},"excerpt":{"rendered":"<p>SEGUNDA JORNADA DE LA ETAPA REGIONAL. EN PILAR.<\/p>\n","protected":false},"author":3,"featured_media":26703,"comment_status":"open","ping_status":"open","sticky":false,"template":"","format":"standard","meta":{"footnotes":"","jetpack_publicize_message":"","jetpack_publicize_feature_enabled":true,"jetpack_social_post_already_shared":true,"jetpack_social_options":{"image_generator_settings":{"template":"highway","default_image_id":0,"font":"","enabled":false},"version":2}},"categories":[6],"tags":[2889],"class_list":["post-26701","post","type-post","status-publish","format-standard","has-post-thumbnail","hentry","category-barrios","tag-juegos-bonaerenses"],"jetpack_publicize_connections":[],"jetpack_featured_media_url":"https:\/\/revistaepocadigital.com.ar\/wp-content\/uploads\/2024\/09\/E-CULT.jpg","jetpack_likes_enabled":true,"_links":{"self":[{"href":"https:\/\/revistaepocadigital.com.ar\/index.php?rest_route=\/wp\/v2\/posts\/26701","targetHints":{"allow":["GET"]}}],"collection":[{"href":"https:\/\/revistaepocadigital.com.ar\/index.php?rest_route=\/wp\/v2\/posts"}],"about":[{"href":"https:\/\/revistaepocadigital.com.ar\/index.php?rest_route=\/wp\/v2\/types\/post"}],"author":[{"embeddable":true,"href":"https:\/\/revistaepocadigital.com.ar\/index.php?rest_route=\/wp\/v2\/users\/3"}],"replies":[{"embeddable":true,"href":"https:\/\/revistaepocadigital.com.ar\/index.php?rest_route=%2Fwp%2Fv2%2Fcomments&post=26701"}],"version-history":[{"count":0,"href":"https:\/\/revistaepocadigital.com.ar\/index.php?rest_route=\/wp\/v2\/posts\/26701\/revisions"}],"wp:featuredmedia":[{"embeddable":true,"href":"https:\/\/revistaepocadigital.com.ar\/index.php?rest_route=\/wp\/v2\/media\/26703"}],"wp:attachment":[{"href":"https:\/\/revistaepocadigital.com.ar\/index.php?rest_route=%2Fwp%2Fv2%2Fmedia&parent=26701"}],"wp:term":[{"taxonomy":"category","embeddable":true,"href":"https:\/\/revistaepocadigital.com.ar\/index.php?rest_route=%2Fwp%2Fv2%2Fcategories&post=26701"},{"taxonomy":"post_tag","embeddable":true,"href":"https:\/\/revistaepocadigital.com.ar\/index.php?rest_route=%2Fwp%2Fv2%2Ftags&post=26701"}],"curies":[{"name":"wp","href":"https:\/\/api.w.org\/{rel}","templated":true}]}}