{"id":26710,"date":"2024-10-09T02:50:22","date_gmt":"2024-10-09T05:50:22","guid":{"rendered":"https:\/\/revistaepocadigital.com.ar\/?p=26710"},"modified":"2024-10-09T02:58:00","modified_gmt":"2024-10-09T05:58:00","slug":"elecciones-internas-los-radicales-votan-el-6-de-octubre","status":"publish","type":"post","link":"https:\/\/revistaepocadigital.com.ar\/?p=26710","title":{"rendered":"ELECCIONES INTERNAS EN EL RADICALISMO. MUY POCOS VOTANTES Y MUY POCA INFORMACI\u00d3N"},"content":{"rendered":"<p><strong>ACTUALIZACI\u00d3N.<\/strong><\/p>\n<p><!--more-->Tuvieron lugar en la provincia de Buenos Aires, las elecciones internas en la Uni\u00f3n C\u00edvica Radical. S\u00f3lo en 33 distritos de los 135 existentes en el \u00e1mbiTo bonaerense, se eligieron autoridades locales.<\/p>\n<p>En Exaltaci\u00f3n de la Cruz, no se conoc\u00eda la informaci\u00f3n oficial acerca del resultado en el distrito, y si efectivamente se vot\u00f3. Como informara este medio se iba a presentar una lista \u00fanica, cuya conformaci\u00f3n en el caso de EPOCA, no fue difundida previamente.<\/p>\n<p>Se vot\u00f3 en la Escuela N\u00ba4 de Parada Robles, y la asistencia de afiliados fue muy escasa, mencion\u00e1ndose que s\u00f3lo concurrieron a votar unos 300 afiliados sobre un total de alrededor de 1900 que aparecer\u00edan en los padrones.<\/p>\n<p><strong>Ac\u00e1 los resultados provinciales: HAC\u00c9 CLIC EN EL LINK<\/strong><\/p>\n<p><a href=\"https:\/\/revistaepocadigital.com.ar\/wp-content\/uploads\/2024\/09\/resultados-.pdf\">resultados<\/a><\/p>\n<p>&nbsp;<\/p>\n<p>&nbsp;<\/p>\n<p>&nbsp;<\/p>\n<p>&nbsp;<\/p>\n<p style=\"text-align: left;\">NOTA EN DESARROLLO<\/p>\n<p style=\"text-align: center;\"><span style=\"color: #ff0000;\"><strong>OOOOOOOOOOOOOOOOOOOOOOOOOOOOOOOOOOOOOOOOO<\/strong><\/span><\/p>\n<p>NOTA ANTERIOR.<\/p>\n<p><strong>LA JUNTA ELECTORAL DISTRITAL, OFICIALIZ\u00d3 LA REALIZACI\u00d3N DE ELECCIONES INTERNAS.<\/strong><br \/>\n<!--more--><strong>LA CONVOCATORIA.<\/strong><\/p>\n<p><strong>SE VOTAR\u00c1 EN LA ESCUELA N\u00ba 4 GENERAL JOS\u00c8 DE SAN MART\u00cdN. RUTA 8, KM 78, PARADA ROBLES.<\/strong><\/p>\n<p>EN EL DISTRITO PARA CONDUCIR A LA UCR Y POR ENDE AL COMIT\u00c8 RADICAL, SE PRESENTA UNA<strong> \u00daNICA LISTA<\/strong>, PESE A LAS ESPECULACIONES QUE INDICABAN QUE COMPETIR\u00cdA OTRO SECTOR INTERNO OPOSITOR AL ACTUAL OFICIALISMO.<\/p>\n<p>COMO EN EXALTACI\u00d3N DE LA CRUZ, DONDE HAY LISTA \u00daNICA, EN CASI LA TOTALIDAD DE LA PROVINCIA DE BUENOS AIRES OCURRE LO MISMO.<\/p>\n<p>EN LOS PARTIDOS DE Z\u00c1RATE Y PERGAMINO. HAN SIDO EN LOS QUE SE PRESENTAN DOS LISTAS A LAS INTERNAS<\/p>\n<p><img loading=\"lazy\" decoding=\"async\" class=\"aligncenter size-full wp-image-26711\" src=\"https:\/\/revistaepocadigital.com.ar\/wp-content\/uploads\/2024\/09\/ucr-interna.jpg\" alt=\"\" width=\"657\" height=\"876\" srcset=\"https:\/\/revistaepocadigital.com.ar\/wp-content\/uploads\/2024\/09\/ucr-interna.jpg 657w, https:\/\/revistaepocadigital.com.ar\/wp-content\/uploads\/2024\/09\/ucr-interna-225x300.jpg 225w, https:\/\/revistaepocadigital.com.ar\/wp-content\/uploads\/2024\/09\/ucr-interna-315x420.jpg 315w, https:\/\/revistaepocadigital.com.ar\/wp-content\/uploads\/2024\/09\/ucr-interna-630x840.jpg 630w\" sizes=\"auto, (max-width: 657px) 100vw, 657px\" \/><\/p>\n<p>&nbsp;<\/p>\n<p><strong>FIRMARON LA CONVOCATORIA A ELECCIONES EN LA UCR LOCAL: EL PRESIDENTE DEL PARTIDO DR. IV\u00c1N GAMBRA Y LUIS M\u00c1NTARAS, PRESIDENTE DE LA JUNTA ELECTORAL DISTRITAL.<\/strong><\/p>\n<p style=\"text-align: center;\"><strong>&#8212;&#8212;&#8212;&#8212;&#8212;&#8212;&#8212;-<\/strong><\/p>\n<p>DOS LISTAS SE PRESENTAN A LAS ELECCIONES INTERNAS, PARA CONDUCIR A LA UCR DE LAA PROVINCIA DE BUENOS AIRES:<\/p>\n<p>&nbsp;<\/p>\n<ol>\n<li><strong>LISTA\u00a0 123. ADELANTE BUENOS AIRES. ENCABEZAN MIGUEL FERN\u00c1NDEZ Y ELSA LLENDERROSAS.<\/strong><\/li>\n<\/ol>\n<p><strong>2. LISTA 15. EVOLUCI\u00d2N RADICAL. ENCABEZAN PABLO DOMENICHINI Y NAZARENA MES\u00ccAS<\/strong>.<\/p>\n<p>&nbsp;<\/p>\n<p>&nbsp;<\/p>\n","protected":false},"excerpt":{"rendered":"<p>ACTUALIZACI\u00d3N.<\/p>\n","protected":false},"author":4,"featured_media":26717,"comment_status":"open","ping_status":"open","sticky":false,"template":"","format":"standard","meta":{"footnotes":"","jetpack_publicize_message":"","jetpack_publicize_feature_enabled":true,"jetpack_social_post_already_shared":true,"jetpack_social_options":{"image_generator_settings":{"template":"highway","default_image_id":0,"font":"","enabled":false},"version":2}},"categories":[17],"tags":[2891],"class_list":["post-26710","post","type-post","status-publish","format-standard","has-post-thumbnail","hentry","category-politica","tag-internas-ucr-2024"],"jetpack_publicize_connections":[],"jetpack_featured_media_url":"https:\/\/revistaepocadigital.com.ar\/wp-content\/uploads\/2024\/09\/Ucr_modern_logo-1.png","jetpack_likes_enabled":true,"_links":{"self":[{"href":"https:\/\/revistaepocadigital.com.ar\/index.php?rest_route=\/wp\/v2\/posts\/26710","targetHints":{"allow":["GET"]}}],"collection":[{"href":"https:\/\/revistaepocadigital.com.ar\/index.php?rest_route=\/wp\/v2\/posts"}],"about":[{"href":"https:\/\/revistaepocadigital.com.ar\/index.php?rest_route=\/wp\/v2\/types\/post"}],"author":[{"embeddable":true,"href":"https:\/\/revistaepocadigital.com.ar\/index.php?rest_route=\/wp\/v2\/users\/4"}],"replies":[{"embeddable":true,"href":"https:\/\/revistaepocadigital.com.ar\/index.php?rest_route=%2Fwp%2Fv2%2Fcomments&post=26710"}],"version-history":[{"count":0,"href":"https:\/\/revistaepocadigital.com.ar\/index.php?rest_route=\/wp\/v2\/posts\/26710\/revisions"}],"wp:featuredmedia":[{"embeddable":true,"href":"https:\/\/revistaepocadigital.com.ar\/index.php?rest_route=\/wp\/v2\/media\/26717"}],"wp:attachment":[{"href":"https:\/\/revistaepocadigital.com.ar\/index.php?rest_route=%2Fwp%2Fv2%2Fmedia&parent=26710"}],"wp:term":[{"taxonomy":"category","embeddable":true,"href":"https:\/\/revistaepocadigital.com.ar\/index.php?rest_route=%2Fwp%2Fv2%2Fcategories&post=26710"},{"taxonomy":"post_tag","embeddable":true,"href":"https:\/\/revistaepocadigital.com.ar\/index.php?rest_route=%2Fwp%2Fv2%2Ftags&post=26710"}],"curies":[{"name":"wp","href":"https:\/\/api.w.org\/{rel}","templated":true}]}}