{"id":26722,"date":"2024-09-22T15:14:45","date_gmt":"2024-09-22T18:14:45","guid":{"rendered":"https:\/\/revistaepocadigital.com.ar\/?p=26722"},"modified":"2024-09-22T15:31:30","modified_gmt":"2024-09-22T18:31:30","slug":"la-fiesta-del-14-de-septiembre-un-dia-a-pleno","status":"publish","type":"post","link":"https:\/\/revistaepocadigital.com.ar\/?p=26722","title":{"rendered":"LA FIESTA DEL 14 DE SEPTIEMBRE, UN D\u00cdA A PLENO"},"content":{"rendered":"<p><strong>LA GENTE, VECINOS Y VISITANTES COLMARON LA PLAZA SAN MART\u00cdN DE CAPILLA DEL SE\u00d1OR, Y OTROS PUNTOS DE LA CIUDAD<\/strong><br \/>\n<!--more--><\/p>\n<p>La celebraci\u00f3n extendida desde el 14 al 15 de diciembre, motivo como hace mucho, a que los\u00a0 vecinos salieran a las calles a disfrutar de dos d\u00edas espl\u00e9ndidos a pleno sol.<\/p>\n<p>Esta s\u00edntesi fotogr\u00e0fica sirve para mostrar parte de lo vivido con intensidad, como ocurre cada 14 de Septiembre.<\/p>\n<p>&nbsp;<\/p>\n<p>&nbsp;<\/p>\n<figure id=\"attachment_26723\" aria-describedby=\"caption-attachment-26723\" style=\"width: 528px\" class=\"wp-caption aligncenter\"><img loading=\"lazy\" decoding=\"async\" class=\"size-full wp-image-26723\" src=\"https:\/\/revistaepocadigital.com.ar\/wp-content\/uploads\/2024\/09\/14-24-1.jpg\" alt=\"\" width=\"528\" height=\"352\" srcset=\"https:\/\/revistaepocadigital.com.ar\/wp-content\/uploads\/2024\/09\/14-24-1.jpg 528w, https:\/\/revistaepocadigital.com.ar\/wp-content\/uploads\/2024\/09\/14-24-1-300x200.jpg 300w\" sizes=\"auto, (max-width: 528px) 100vw, 528px\" \/><figcaption id=\"caption-attachment-26723\" class=\"wp-caption-text\">Los Tigres, desfilan. La agrupaci\u00f3n que nuclea a chicos con capacidades diferentes, encabezada y orientada con con gran entrega N\u00e9stor Albarenque y Claudio Johanssen.<\/figcaption><\/figure>\n<figure id=\"attachment_26724\" aria-describedby=\"caption-attachment-26724\" style=\"width: 528px\" class=\"wp-caption aligncenter\"><img loading=\"lazy\" decoding=\"async\" class=\"size-full wp-image-26724\" src=\"https:\/\/revistaepocadigital.com.ar\/wp-content\/uploads\/2024\/09\/14-24-CANTANTE.jpg\" alt=\"\" width=\"528\" height=\"298\" srcset=\"https:\/\/revistaepocadigital.com.ar\/wp-content\/uploads\/2024\/09\/14-24-CANTANTE.jpg 528w, https:\/\/revistaepocadigital.com.ar\/wp-content\/uploads\/2024\/09\/14-24-CANTANTE-300x169.jpg 300w\" sizes=\"auto, (max-width: 528px) 100vw, 528px\" \/><figcaption id=\"caption-attachment-26724\" class=\"wp-caption-text\">El divertido shoow de la cantante Flor Alvarez cerr\u00f3 a la noche la fiesta.<img loading=\"lazy\" decoding=\"async\" class=\"size-full wp-image-26725\" style=\"text-align: center; color: #222222; font-size: 15px;\" src=\"https:\/\/revistaepocadigital.com.ar\/wp-content\/uploads\/2024\/09\/14-24-dron.jpg\" alt=\"\" width=\"675\" height=\"537\" srcset=\"https:\/\/revistaepocadigital.com.ar\/wp-content\/uploads\/2024\/09\/14-24-dron.jpg 675w, https:\/\/revistaepocadigital.com.ar\/wp-content\/uploads\/2024\/09\/14-24-dron-300x239.jpg 300w, https:\/\/revistaepocadigital.com.ar\/wp-content\/uploads\/2024\/09\/14-24-dron-528x420.jpg 528w\" sizes=\"auto, (max-width: 675px) 100vw, 675px\" \/><\/figcaption><\/figure>\n<p>Una hermosa vista a\u00e9rea desde un Drone, muesta al genti\u00edo frente al escenario principal<\/p>\n<figure id=\"attachment_26728\" aria-describedby=\"caption-attachment-26728\" style=\"width: 528px\" class=\"wp-caption aligncenter\"><img loading=\"lazy\" decoding=\"async\" class=\"size-full wp-image-26728\" src=\"https:\/\/revistaepocadigital.com.ar\/wp-content\/uploads\/2024\/09\/14-24-malvi.jpg\" alt=\"\" width=\"528\" height=\"352\" srcset=\"https:\/\/revistaepocadigital.com.ar\/wp-content\/uploads\/2024\/09\/14-24-malvi.jpg 528w, https:\/\/revistaepocadigital.com.ar\/wp-content\/uploads\/2024\/09\/14-24-malvi-300x200.jpg 300w\" sizes=\"auto, (max-width: 528px) 100vw, 528px\" \/><figcaption id=\"caption-attachment-26728\" class=\"wp-caption-text\">Los veteranos de la Guerra por Malvinas de nuestro distrito desfilaron\u00a0 y recibieron el c\u00e1lida aplauso de la gente.<\/figcaption><\/figure>\n<figure id=\"attachment_26729\" aria-describedby=\"caption-attachment-26729\" style=\"width: 528px\" class=\"wp-caption aligncenter\"><img loading=\"lazy\" decoding=\"async\" class=\"size-full wp-image-26729\" src=\"https:\/\/revistaepocadigital.com.ar\/wp-content\/uploads\/2024\/09\/14-24-shiow.jpg\" alt=\"\" width=\"528\" height=\"298\" srcset=\"https:\/\/revistaepocadigital.com.ar\/wp-content\/uploads\/2024\/09\/14-24-shiow.jpg 528w, https:\/\/revistaepocadigital.com.ar\/wp-content\/uploads\/2024\/09\/14-24-shiow-300x169.jpg 300w\" sizes=\"auto, (max-width: 528px) 100vw, 528px\" \/><figcaption id=\"caption-attachment-26729\" class=\"wp-caption-text\">La celeraci\u00f3n dio pie, con acierto, a la presentaci\u00f3n de artistas, cantantes y grupos musicales locales, que recibieron el reconocimiento del p\u00fablico.<\/figcaption><\/figure>\n<figure id=\"attachment_26730\" aria-describedby=\"caption-attachment-26730\" style=\"width: 960px\" class=\"wp-caption aligncenter\"><img loading=\"lazy\" decoding=\"async\" class=\"size-full wp-image-26730\" src=\"https:\/\/revistaepocadigital.com.ar\/wp-content\/uploads\/2024\/09\/14-24-2.jpg\" alt=\"\" width=\"960\" height=\"541\" srcset=\"https:\/\/revistaepocadigital.com.ar\/wp-content\/uploads\/2024\/09\/14-24-2.jpg 960w, https:\/\/revistaepocadigital.com.ar\/wp-content\/uploads\/2024\/09\/14-24-2-300x169.jpg 300w, https:\/\/revistaepocadigital.com.ar\/wp-content\/uploads\/2024\/09\/14-24-2-768x433.jpg 768w, https:\/\/revistaepocadigital.com.ar\/wp-content\/uploads\/2024\/09\/14-24-2-696x392.jpg 696w, https:\/\/revistaepocadigital.com.ar\/wp-content\/uploads\/2024\/09\/14-24-2-745x420.jpg 745w\" sizes=\"auto, (max-width: 960px) 100vw, 960px\" \/><figcaption id=\"caption-attachment-26730\" class=\"wp-caption-text\">Las escuelas de danzas, tambi\u00e9n estuvieron presentes.<\/figcaption><\/figure>\n<figure id=\"attachment_26731\" aria-describedby=\"caption-attachment-26731\" style=\"width: 528px\" class=\"wp-caption aligncenter\"><img loading=\"lazy\" decoding=\"async\" class=\"size-full wp-image-26731\" src=\"https:\/\/revistaepocadigital.com.ar\/wp-content\/uploads\/2024\/09\/14-24-jARD.jpg\" alt=\"\" width=\"528\" height=\"352\" srcset=\"https:\/\/revistaepocadigital.com.ar\/wp-content\/uploads\/2024\/09\/14-24-jARD.jpg 528w, https:\/\/revistaepocadigital.com.ar\/wp-content\/uploads\/2024\/09\/14-24-jARD-300x200.jpg 300w\" sizes=\"auto, (max-width: 528px) 100vw, 528px\" \/><figcaption id=\"caption-attachment-26731\" class=\"wp-caption-text\">Desfila la representaci\u00f3n del Jard\u00edn de Infantes n\u00aa1 de Capilla del Se\u00f1or.<\/figcaption><\/figure>\n<p>&nbsp;<\/p>\n<figure id=\"attachment_26734\" aria-describedby=\"caption-attachment-26734\" style=\"width: 528px\" class=\"wp-caption aligncenter\"><img loading=\"lazy\" decoding=\"async\" class=\"size-full wp-image-26734\" src=\"https:\/\/revistaepocadigital.com.ar\/wp-content\/uploads\/2024\/09\/14-24-nani.jpg\" alt=\"\" width=\"528\" height=\"352\" srcset=\"https:\/\/revistaepocadigital.com.ar\/wp-content\/uploads\/2024\/09\/14-24-nani.jpg 528w, https:\/\/revistaepocadigital.com.ar\/wp-content\/uploads\/2024\/09\/14-24-nani-300x200.jpg 300w\" sizes=\"auto, (max-width: 528px) 100vw, 528px\" \/><figcaption id=\"caption-attachment-26734\" class=\"wp-caption-text\">El intendente Diego Nanni junto a su\u00a0 esposa Yamila Josef, durante la tradicional procesi\u00f3n. reliigiosa.<\/figcaption><\/figure>\n<p>&nbsp;<\/p>\n<p>14 de Septiembre de 2025, \u00a1Ya te estamos esperando!<\/p>\n<p>&nbsp;<\/p>\n","protected":false},"excerpt":{"rendered":"<p>LA GENTE, VECINOS Y VISITANTES COLMARON LA PLAZA SAN MART\u00cdN DE CAPILLA DEL SE\u00d1OR, Y OTROS PUNTOS DE LA CIUDAD<\/p>\n","protected":false},"author":4,"featured_media":26727,"comment_status":"open","ping_status":"open","sticky":false,"template":"","format":"standard","meta":{"footnotes":"","jetpack_publicize_message":"","jetpack_publicize_feature_enabled":true,"jetpack_social_post_already_shared":true,"jetpack_social_options":{"image_generator_settings":{"template":"highway","default_image_id":0,"font":"","enabled":false},"version":2}},"categories":[13],"tags":[2892,2597,1093],"class_list":["post-26722","post","type-post","status-publish","format-standard","has-post-thumbnail","hentry","category-interes-general","tag-14-septiembrre","tag-2597","tag-fotos"],"jetpack_publicize_connections":[],"jetpack_featured_media_url":"https:\/\/revistaepocadigital.com.ar\/wp-content\/uploads\/2024\/09\/14-24-gauach.jpg-nani.jpg","jetpack_likes_enabled":true,"_links":{"self":[{"href":"https:\/\/revistaepocadigital.com.ar\/index.php?rest_route=\/wp\/v2\/posts\/26722","targetHints":{"allow":["GET"]}}],"collection":[{"href":"https:\/\/revistaepocadigital.com.ar\/index.php?rest_route=\/wp\/v2\/posts"}],"about":[{"href":"https:\/\/revistaepocadigital.com.ar\/index.php?rest_route=\/wp\/v2\/types\/post"}],"author":[{"embeddable":true,"href":"https:\/\/revistaepocadigital.com.ar\/index.php?rest_route=\/wp\/v2\/users\/4"}],"replies":[{"embeddable":true,"href":"https:\/\/revistaepocadigital.com.ar\/index.php?rest_route=%2Fwp%2Fv2%2Fcomments&post=26722"}],"version-history":[{"count":0,"href":"https:\/\/revistaepocadigital.com.ar\/index.php?rest_route=\/wp\/v2\/posts\/26722\/revisions"}],"wp:featuredmedia":[{"embeddable":true,"href":"https:\/\/revistaepocadigital.com.ar\/index.php?rest_route=\/wp\/v2\/media\/26727"}],"wp:attachment":[{"href":"https:\/\/revistaepocadigital.com.ar\/index.php?rest_route=%2Fwp%2Fv2%2Fmedia&parent=26722"}],"wp:term":[{"taxonomy":"category","embeddable":true,"href":"https:\/\/revistaepocadigital.com.ar\/index.php?rest_route=%2Fwp%2Fv2%2Fcategories&post=26722"},{"taxonomy":"post_tag","embeddable":true,"href":"https:\/\/revistaepocadigital.com.ar\/index.php?rest_route=%2Fwp%2Fv2%2Ftags&post=26722"}],"curies":[{"name":"wp","href":"https:\/\/api.w.org\/{rel}","templated":true}]}}