{"id":26775,"date":"2024-09-16T00:35:28","date_gmt":"2024-09-16T03:35:28","guid":{"rendered":"https:\/\/revistaepocadigital.com.ar\/?p=26775"},"modified":"2024-09-27T22:41:56","modified_gmt":"2024-09-28T01:41:56","slug":"cepral-corte-de-luz-programado-hoy-jueves-26-de-septiembre","status":"publish","type":"post","link":"https:\/\/revistaepocadigital.com.ar\/?p=26775","title":{"rendered":"CEPRAL. CORTE DE LUZ PROGRAMADO, HOY JUEVES 26 DE SEPTIEMBRE"},"content":{"rendered":"<p><strong>LA INFORMACI\u00d3N DEL CONSEJO DE ADMINISTRACI\u00d3N DE LA COOPERATIVA<\/strong>.<!--more--><\/p>\n<p>Comunic\u00f3 que hoy jueves 26\/09\/24 se realizan dos cortes de energ\u00eda de aproximadamente 10 minutos cada uno. Se deben al cambio de nodo, para efectuar tareas de reestructuraci\u00f3n de la Red de Media Tensi\u00f3n en el tramo Barrio Parque Los Pinos-Pav\u00f3n.<\/p>\n<p>Los mencionados cortes van a percibirse en los barrios Pav\u00f3n, Chacras del Molino, Parque La Verdad, un sector de Los Pinos y zonas aleda\u00f1as a la Ruta Provincial N\u00b0 39.<\/p>\n<p>El 1\u00b0 corte se llevaba a cabo a las 8 horas.<\/p>\n<p>El 2\u00b0 corte ser\u00e1 a las 11:30 horass aproximadamente<\/p>\n<p>En un sector del barrio Chacras del Molino, el corte ten\u00eda lugar en el tramo horario de 8 a 11:00 horas aproximadamente.<\/p>\n<p>Si el tiempo se torna inestable, se re-programaban las tareas para otro d\u00eda.<\/p>\n<p>&nbsp;<\/p>\n","protected":false},"excerpt":{"rendered":"<p>LA INFORMACI\u00d3N DEL CONSEJO DE ADMINISTRACI\u00d3N DE LA COOPERATIVA.<\/p>\n","protected":false},"author":3,"featured_media":26777,"comment_status":"open","ping_status":"open","sticky":false,"template":"","format":"standard","meta":{"footnotes":"","jetpack_publicize_message":"","jetpack_publicize_feature_enabled":true,"jetpack_social_post_already_shared":true,"jetpack_social_options":{"image_generator_settings":{"template":"highway","default_image_id":0,"font":"","enabled":false},"version":2}},"categories":[5],"tags":[29,2895],"class_list":["post-26775","post","type-post","status-publish","format-standard","has-post-thumbnail","hentry","category-aqui-parada-robles","tag-cepral","tag-corte-luz-programado"],"jetpack_publicize_connections":[],"jetpack_featured_media_url":"https:\/\/revistaepocadigital.com.ar\/wp-content\/uploads\/2024\/09\/cepral-24.jpg","jetpack_likes_enabled":true,"_links":{"self":[{"href":"https:\/\/revistaepocadigital.com.ar\/index.php?rest_route=\/wp\/v2\/posts\/26775","targetHints":{"allow":["GET"]}}],"collection":[{"href":"https:\/\/revistaepocadigital.com.ar\/index.php?rest_route=\/wp\/v2\/posts"}],"about":[{"href":"https:\/\/revistaepocadigital.com.ar\/index.php?rest_route=\/wp\/v2\/types\/post"}],"author":[{"embeddable":true,"href":"https:\/\/revistaepocadigital.com.ar\/index.php?rest_route=\/wp\/v2\/users\/3"}],"replies":[{"embeddable":true,"href":"https:\/\/revistaepocadigital.com.ar\/index.php?rest_route=%2Fwp%2Fv2%2Fcomments&post=26775"}],"version-history":[{"count":0,"href":"https:\/\/revistaepocadigital.com.ar\/index.php?rest_route=\/wp\/v2\/posts\/26775\/revisions"}],"wp:featuredmedia":[{"embeddable":true,"href":"https:\/\/revistaepocadigital.com.ar\/index.php?rest_route=\/wp\/v2\/media\/26777"}],"wp:attachment":[{"href":"https:\/\/revistaepocadigital.com.ar\/index.php?rest_route=%2Fwp%2Fv2%2Fmedia&parent=26775"}],"wp:term":[{"taxonomy":"category","embeddable":true,"href":"https:\/\/revistaepocadigital.com.ar\/index.php?rest_route=%2Fwp%2Fv2%2Fcategories&post=26775"},{"taxonomy":"post_tag","embeddable":true,"href":"https:\/\/revistaepocadigital.com.ar\/index.php?rest_route=%2Fwp%2Fv2%2Ftags&post=26775"}],"curies":[{"name":"wp","href":"https:\/\/api.w.org\/{rel}","templated":true}]}}