{"id":26819,"date":"2024-09-30T00:29:34","date_gmt":"2024-09-30T03:29:34","guid":{"rendered":"https:\/\/revistaepocadigital.com.ar\/?p=26819"},"modified":"2024-09-30T00:29:34","modified_gmt":"2024-09-30T03:29:34","slug":"asamblea-anual-ordinaria-en-el-pequeno-hogar-exaltacion","status":"publish","type":"post","link":"https:\/\/revistaepocadigital.com.ar\/?p=26819","title":{"rendered":"ASAMBLEA ANUAL ORDINARIA EN EL PEQUE\u00d1O HOGAR EXALTACI\u00d3N"},"content":{"rendered":"<p><strong>LA ASOCIACI\u00d3N CIVIL EXALTACI\u00d3N DE LA CRUZ.<\/strong><!--more--><\/p>\n<p>Una entidad del distrito que desde hace muchos a\u00f1os, cumple un rol de verdadera importancia, con los menores en riesgo que alberga y cuida con gran responsabilidad.<\/p>\n<p>&nbsp;<\/p>\n<p><img loading=\"lazy\" decoding=\"async\" class=\"aligncenter size-full wp-image-26820\" src=\"https:\/\/revistaepocadigital.com.ar\/wp-content\/uploads\/2024\/09\/hogar-asamble.jpg\" alt=\"\" width=\"867\" height=\"1038\" srcset=\"https:\/\/revistaepocadigital.com.ar\/wp-content\/uploads\/2024\/09\/hogar-asamble.jpg 867w, https:\/\/revistaepocadigital.com.ar\/wp-content\/uploads\/2024\/09\/hogar-asamble-251x300.jpg 251w, https:\/\/revistaepocadigital.com.ar\/wp-content\/uploads\/2024\/09\/hogar-asamble-768x919.jpg 768w, https:\/\/revistaepocadigital.com.ar\/wp-content\/uploads\/2024\/09\/hogar-asamble-696x833.jpg 696w, https:\/\/revistaepocadigital.com.ar\/wp-content\/uploads\/2024\/09\/hogar-asamble-351x420.jpg 351w, https:\/\/revistaepocadigital.com.ar\/wp-content\/uploads\/2024\/09\/hogar-asamble-702x840.jpg 702w\" sizes=\"auto, (max-width: 867px) 100vw, 867px\" \/><\/p>\n<p>&nbsp;<\/p>\n","protected":false},"excerpt":{"rendered":"<p>LA ASOCIACI\u00d3N CIVIL EXALTACI\u00d3N DE LA CRUZ.<\/p>\n","protected":false},"author":3,"featured_media":26821,"comment_status":"open","ping_status":"open","sticky":false,"template":"","format":"standard","meta":{"footnotes":"","jetpack_publicize_message":"","jetpack_publicize_feature_enabled":true,"jetpack_social_post_already_shared":true,"jetpack_social_options":{"image_generator_settings":{"template":"highway","default_image_id":0,"font":"","enabled":false},"version":2}},"categories":[15],"tags":[2900,37,1132],"class_list":["post-26819","post","type-post","status-publish","format-standard","has-post-thumbnail","hentry","category-lo-que-tenes-que-saber","tag-asamblea-2024","tag-destacada","tag-pequeno-hogar"],"jetpack_publicize_connections":[],"jetpack_featured_media_url":"https:\/\/revistaepocadigital.com.ar\/wp-content\/uploads\/2024\/09\/pequeno-hogar.jpg","jetpack_likes_enabled":true,"_links":{"self":[{"href":"https:\/\/revistaepocadigital.com.ar\/index.php?rest_route=\/wp\/v2\/posts\/26819","targetHints":{"allow":["GET"]}}],"collection":[{"href":"https:\/\/revistaepocadigital.com.ar\/index.php?rest_route=\/wp\/v2\/posts"}],"about":[{"href":"https:\/\/revistaepocadigital.com.ar\/index.php?rest_route=\/wp\/v2\/types\/post"}],"author":[{"embeddable":true,"href":"https:\/\/revistaepocadigital.com.ar\/index.php?rest_route=\/wp\/v2\/users\/3"}],"replies":[{"embeddable":true,"href":"https:\/\/revistaepocadigital.com.ar\/index.php?rest_route=%2Fwp%2Fv2%2Fcomments&post=26819"}],"version-history":[{"count":0,"href":"https:\/\/revistaepocadigital.com.ar\/index.php?rest_route=\/wp\/v2\/posts\/26819\/revisions"}],"wp:featuredmedia":[{"embeddable":true,"href":"https:\/\/revistaepocadigital.com.ar\/index.php?rest_route=\/wp\/v2\/media\/26821"}],"wp:attachment":[{"href":"https:\/\/revistaepocadigital.com.ar\/index.php?rest_route=%2Fwp%2Fv2%2Fmedia&parent=26819"}],"wp:term":[{"taxonomy":"category","embeddable":true,"href":"https:\/\/revistaepocadigital.com.ar\/index.php?rest_route=%2Fwp%2Fv2%2Fcategories&post=26819"},{"taxonomy":"post_tag","embeddable":true,"href":"https:\/\/revistaepocadigital.com.ar\/index.php?rest_route=%2Fwp%2Fv2%2Ftags&post=26819"}],"curies":[{"name":"wp","href":"https:\/\/api.w.org\/{rel}","templated":true}]}}