{"id":26825,"date":"2024-09-30T19:39:13","date_gmt":"2024-09-30T22:39:13","guid":{"rendered":"https:\/\/revistaepocadigital.com.ar\/?p=26825"},"modified":"2024-10-01T02:32:03","modified_gmt":"2024-10-01T05:32:03","slug":"que-argentina-queres-vos","status":"publish","type":"post","link":"https:\/\/revistaepocadigital.com.ar\/?p=26825","title":{"rendered":"\u00bfQUE ARGENTINA QUER\u00c9S VOS?"},"content":{"rendered":"<p><strong>PENS\u00c1 Y REFLEXION\u00c1.<\/strong><!--more--><\/p>\n<h3><\/h3>\n<h3><strong><em>\u201cHay en el coraz\u00f3n humano un gusto depravado por la igualdad, que lleva a los d\u00e9biles a querer rebajar a los fuertes a su nivel, y conduce a los hombres a preferir la igualdad en la servidumbre a la desigualdad en libertad\u201d..<\/em><\/strong><\/h3>\n<h3><\/h3>\n<h3>Alexis de Tocqueville (\u00ba)<\/h3>\n<p><img loading=\"lazy\" decoding=\"async\" class=\"alignleft size-full wp-image-26827\" src=\"https:\/\/revistaepocadigital.com.ar\/wp-content\/uploads\/2024\/09\/GYfodHUXkAA7K64.jpg\" alt=\"\" width=\"290\" height=\"294\" \/><\/p>\n<p>(\u00ba) Vizconde de Tocqueville (Verneuil-sur-Seine, Isla de Francia. Naci\u00f3 el 29 de julio de 1805 en Cannes y muri\u00f3 el 16 de abril de 1859).<\/p>\n<p>Citado como Alexis de Tocqueville, fue un pensador, jurista, pol\u00edtico e historiador franc\u00e9s, precursor de la sociolog\u00eda cl\u00e1sica, y uno de los m\u00e1s importantes ide\u00f3logos del liberalismo conservador. Tambi\u00e9n se dedic\u00f3 a la pol\u00edtica y a la producci\u00f3n intelectua.l<\/p>\n<p>Tocqueville es conocido por su obras La Democracia en Am\u00e9rica, que tuvo dos vol\u00famenes \u2014el primero en 1835 y el segundo en 1840\u2014 y por El antiguo r\u00e9gimen y la revoluci\u00f3n, publicado en 1856.\u00a0Fue un liberal cl\u00e1sico que abogaba por el gobierno parlamentario, y era esc\u00e9ptico en cuanto a los extremos de la democracia. Muri\u00f3 en 1859, afectado de tuberculosis, enfermedad que aquej\u00f3 durante mucho tiempo.<\/p>\n<p>&nbsp;<\/p>\n","protected":false},"excerpt":{"rendered":"<p>PENS\u00c1 Y REFLEXION\u00c1.<\/p>\n","protected":false},"author":4,"featured_media":26828,"comment_status":"open","ping_status":"open","sticky":false,"template":"","format":"standard","meta":{"footnotes":"","jetpack_publicize_message":"","jetpack_publicize_feature_enabled":true,"jetpack_social_post_already_shared":true,"jetpack_social_options":{"image_generator_settings":{"template":"highway","default_image_id":0,"font":"","enabled":false},"version":2}},"categories":[13],"tags":[2901],"class_list":["post-26825","post","type-post","status-publish","format-standard","has-post-thumbnail","hentry","category-interes-general","tag-pensamiento-politico"],"jetpack_publicize_connections":[],"jetpack_featured_media_url":"https:\/\/revistaepocadigital.com.ar\/wp-content\/uploads\/2024\/09\/stock-photo-buenos-aires-buenos-aires-argentina-beautiful-aerial-view-of-the-argentina-flag-2407972597.jpg","jetpack_likes_enabled":true,"_links":{"self":[{"href":"https:\/\/revistaepocadigital.com.ar\/index.php?rest_route=\/wp\/v2\/posts\/26825","targetHints":{"allow":["GET"]}}],"collection":[{"href":"https:\/\/revistaepocadigital.com.ar\/index.php?rest_route=\/wp\/v2\/posts"}],"about":[{"href":"https:\/\/revistaepocadigital.com.ar\/index.php?rest_route=\/wp\/v2\/types\/post"}],"author":[{"embeddable":true,"href":"https:\/\/revistaepocadigital.com.ar\/index.php?rest_route=\/wp\/v2\/users\/4"}],"replies":[{"embeddable":true,"href":"https:\/\/revistaepocadigital.com.ar\/index.php?rest_route=%2Fwp%2Fv2%2Fcomments&post=26825"}],"version-history":[{"count":0,"href":"https:\/\/revistaepocadigital.com.ar\/index.php?rest_route=\/wp\/v2\/posts\/26825\/revisions"}],"wp:featuredmedia":[{"embeddable":true,"href":"https:\/\/revistaepocadigital.com.ar\/index.php?rest_route=\/wp\/v2\/media\/26828"}],"wp:attachment":[{"href":"https:\/\/revistaepocadigital.com.ar\/index.php?rest_route=%2Fwp%2Fv2%2Fmedia&parent=26825"}],"wp:term":[{"taxonomy":"category","embeddable":true,"href":"https:\/\/revistaepocadigital.com.ar\/index.php?rest_route=%2Fwp%2Fv2%2Fcategories&post=26825"},{"taxonomy":"post_tag","embeddable":true,"href":"https:\/\/revistaepocadigital.com.ar\/index.php?rest_route=%2Fwp%2Fv2%2Ftags&post=26825"}],"curies":[{"name":"wp","href":"https:\/\/api.w.org\/{rel}","templated":true}]}}