{"id":26834,"date":"2024-10-15T02:28:17","date_gmt":"2024-10-15T05:28:17","guid":{"rendered":"https:\/\/revistaepocadigital.com.ar\/?p=26834"},"modified":"2024-10-23T22:22:03","modified_gmt":"2024-10-24T01:22:03","slug":"patricio-diez-seria-lo-mas-inteligente-que-el-pro-y-lla-formen-una-alianza","status":"publish","type":"post","link":"https:\/\/revistaepocadigital.com.ar\/?p=26834","title":{"rendered":"Patricio Diez. &#8220;Ser\u00eda lo m\u00e1s inteligente que el PRO y LLA formen una alianza&#8221;"},"content":{"rendered":"<div class=\"jb_0 X_6MGW N_6Fd5\">\n<div id=\"yiv7692307365\">\n<div class=\"yiv7692307365ydp6157d266yahoo-style-wrap\">\n<div>\n<p><strong>ENTREVISTA POL\u00cdTICA. HOMBRE DEL PRO\/JUNTOS POR EL CAMBIO\/CAMBIEMOS.\u00a0 CONSEJERO ESCOLAR, CONCEJAL, \u00bfCANDIDATO A INTENDENTE EN EL 2027?<!--more--><\/strong><\/p>\n<p>Forma parte <strong>Patricio Diez<\/strong>, del lote de hombres y mujeres j\u00f3venes que irrumpieron no hace demasiados a\u00f1os en la pol\u00edtica partidaria, y tambi\u00e9n asumiendo responsabilidades como representantes de la poblaci\u00f3n de Exaltaci\u00f3n de la Cruz en cargos p\u00fablicos a los cuales accedieron por el veredicto de las urnas. Diez se ha desempe\u00f1ado como consejero escolar y como concejal en representaci\u00f3n de Juntos por el Cambio\/Cambiemos. Con el convers\u00f3 EPOCA.<\/p>\n<p><strong>-Hablemos de la situaci\u00f3n polit\u00edca-social en Exaltaci\u00f3n de la Cruz, y de la gesti\u00f3n municipal actual encabezada por Diego Nanni.<\/strong><\/p>\n<p><em>-A ver, por un lado las pol\u00edticas sociales y por otro, la situaci\u00f3n de la gesti\u00f3n actualmente, en ambos casos la reacci\u00f3n de los vecinos del partido, no escapa a lo que ocurre a nivel nacional. Obviamente que esto es por<strong> el arrastre de tantos a\u00f1os de malas administraciones<\/strong>. Pero bueno, si comparamos con otros distritos de la provincia e incluso en otros puntos del pa\u00eds, se notan diferencias; en algunos aspectos si bien todo est\u00e1 muy complicado y angustiante, en el distrito lo que se vive quiz\u00e1 no tenga la gravedad de otros lugares.<\/em><\/p>\n<figure id=\"attachment_26845\" aria-describedby=\"caption-attachment-26845\" style=\"width: 512px\" class=\"wp-caption aligncenter\"><img loading=\"lazy\" decoding=\"async\" class=\"size-full wp-image-26845\" src=\"https:\/\/revistaepocadigital.com.ar\/wp-content\/uploads\/2024\/10\/DIEZ-P-1.jpg\" alt=\"\" width=\"512\" height=\"288\" srcset=\"https:\/\/revistaepocadigital.com.ar\/wp-content\/uploads\/2024\/10\/DIEZ-P-1.jpg 512w, https:\/\/revistaepocadigital.com.ar\/wp-content\/uploads\/2024\/10\/DIEZ-P-1-300x169.jpg 300w\" sizes=\"auto, (max-width: 512px) 100vw, 512px\" \/><figcaption id=\"caption-attachment-26845\" class=\"wp-caption-text\">Diez reunido con otros integrantes de Juntos por el Cambio<\/figcaption><\/figure>\n<\/div>\n<div>\n<p><strong>-El pa\u00eds es otro, sectores aprueban las pol\u00edticas y filosof\u00eda del gobierno de Javier Milei, en tanto otros son muy cr\u00edticos desde que el presidente es Milei, mienras que durante el gobierno nacional anterior encabezado por Alberto Fern\u00e1ndez, guardaron silencio ante los\u00a0 mismos problemas que hoy se planteal, soportando una crisis muy profunda y seria, pero con otros par\u00e1metros a la hora de aplicar pol\u00edticas.<\/strong><\/p>\n<p><em>-Y bueno, es lo que nos toca vivir en el actual contexto con Javier Milei como presidente; sin dudas se nota la diferencia con respecto al \u00faltimo per\u00edodo con Alberto Fern\u00e1ndez en la presidencia. Quiz\u00e1 dentro del panorama que atravesamos, el nuevo gobierno nacional tal vez le <strong>est\u00e1 dando respuestas\u00a0 que con el gobierno de Fern\u00e1ndez no hac\u00eda adem\u00e1s de que hab\u00eda perdido mucho terreno y credibilidad, y cada d\u00eda se notaba m\u00e1s su menor influencia y p\u00e9rdida de presencia ante la poblaci\u00f3n<\/strong>. En cuanto al distrito, la segunda gesti\u00f3n de Nanni como intendente es evidente que ya<strong> no cuenta con los fondos discrecionales provenientes del Gobierno de la Provincia de Buenos Aires,<\/strong> que hab\u00eda venido recibiendo hasta el a\u00f1o pasado. Y una de las consecuencias m\u00e1s importantes, y<strong> preocupantes para Nanni, es la falta de obras p\u00fablicas.<\/strong><\/em><\/p>\n<p><strong>-\u00bfTambi\u00e9n juegan factores pol\u00edticos\u00a0 internos dentro del oficialismo?<\/strong><\/p>\n<p><em>-Y, en el proceso actual dentro del oficialismo, hay que ver como <strong>queda parado el peronismo y que va a pasar con Defensa Comunal.<\/strong> Pienso que la llegada de Milei a la presidencia, le ha hecho <strong>tambalear unas cuantas estructuras al peronismo<\/strong>. Por otro lado, tambi\u00e9n da la impresi\u00f3n que al resto de los partidos y Alianzas como por ejemplo, Juntos por el Cambio, tambi\u00e9n ha impactado. En definitiva, ser\u00e1<strong> la pol\u00edtica la que vaya ordenando todo, el rol que juegue la pol\u00edtica es fundamental<\/strong>; reitero todo el mundo sabe que se est\u00e1 mal, pero bueno, me parece que la &#8220;avenida Milei&#8221; encarna la<strong> ruptura de las estrucutras partidarias como las hemos conocido desde\u00a0 hace muchos a\u00f1os con el peronismo, el kirchnerimo, el cristinismo, y por el otro lado Cambiemos.<\/strong> A su vez, no hay que dejar de tener en cuenta que ocurrir\u00e1 entre el peronismo y el cristinismo que muy bien no se llevan, as\u00ed como jugar\u00e1n los partidos tradicionales y tambi\u00e9n el <strong>PRO, la UCR y la Coalici\u00f3n C\u00edvica.<\/strong><\/em><\/p>\n<p><strong>-A prop\u00f3sito, considerando que el a\u00f1o que viene habr\u00e1 elecciones legislativas, podr\u00e1 darse una alianza entre el PRO y la Libertad Avanza (LLA) en lo que se refiere a Exaltaci\u00f3n de la Cruz?<\/strong><\/p>\n<p><em>-La verdad, hoy no se puede responder a ciencia cierta algo as\u00ed; esa <strong>posibilidad est\u00e1 un poco cruda.<\/strong> Incluso si uno hablara tambi\u00e9n en el terreno nacional, como para pensar en una alianza y que trabaje como tal. <strong>Entiendo que se pueda estar &#8220;maquinando&#8221; algo<\/strong> en ese sentido pero insisto, para m\u00ed todo est\u00e1 crudo. Por eso es muy pronto para hablar de una alianza entre el PRO y LLA, y que vayan como alianza a las elecciones del a\u00f1o que viene; sin embargo, a la vez de cara a esas elecciones me parece que ser\u00eda<strong> lo m\u00e1s inteligente que el PRO y LLA lleguen a formar una alianza, sin que ninguno de los espacios pierda su identidad como tal.<\/strong><\/em><\/p>\n<figure id=\"attachment_26844\" aria-describedby=\"caption-attachment-26844\" style=\"width: 389px\" class=\"wp-caption alignleft\"><img loading=\"lazy\" decoding=\"async\" class=\"size-full wp-image-26844\" src=\"https:\/\/revistaepocadigital.com.ar\/wp-content\/uploads\/2024\/10\/DIEZ-P.jpg\" alt=\"\" width=\"389\" height=\"317\" srcset=\"https:\/\/revistaepocadigital.com.ar\/wp-content\/uploads\/2024\/10\/DIEZ-P.jpg 389w, https:\/\/revistaepocadigital.com.ar\/wp-content\/uploads\/2024\/10\/DIEZ-P-300x244.jpg 300w\" sizes=\"auto, (max-width: 389px) 100vw, 389px\" \/><figcaption id=\"caption-attachment-26844\" class=\"wp-caption-text\">A caballo, tambi\u00e9n hombre de campo. Junto a su esposa e hijos.<\/figcaption><\/figure>\n<p>&#8211;<strong>\u00bfCual ser\u00eda a su entender, el impacto pol\u00edtico en Exaltaci\u00f3n de la Cruz, en caso de concretarse esa alianza en el terreno local?<\/strong><\/p>\n<p>-V<em>eamos, si hubiera un acuerdo y ese acuerdo llevara a ganar las elecciones, en el Concejo Deliberante se <strong>podr\u00edan llevar adelante un mont\u00f3n de cosas pensando en la gente y seguir sosteniendo la mayor\u00eda y la presidencia para la oposici\u00f3n<\/strong>. Nuestro bloque ha acompa\u00f1ado proyectos del oficialismo, pero el bloque de concejales oficialistas no ha hecho lo mismo. Como digo, con otra conformaci\u00f3n del HCD se podr\u00eda avanzar m\u00e1s, y esto lo noto cuando hablo con los vecinos, con los que estoy en contacto en el d\u00eda a d\u00eda , y a m\u00e1s de uno les paso mi n\u00famero de tel\u00e9fono para que me llamen y me digan los problemas que atraviesan. Y si se diera esa alianza para las elecciones del 2025 abrir\u00eda las puertas para concretar m\u00e1s cosas y a la vez para despertar el inter\u00e9s a los m\u00e1s jovenes, quienes hoy se involucran en la pol\u00edtica en un porcentaje muy bajo. <strong>La oportunidad que va a presentarse el a\u00f1o que viene ser\u00e1 de gran importancia, como para conseguir un cambio si ocurriera una victoria de la oposici\u00f3n.<\/strong><\/em><br \/>\nE<em>n nuestro caso de Cambiemos, ganamos en 2017 y 2021 por JUNTOS y obtuvimos la mayor\u00eda,<strong> pero luego no supimos capitalizar esos triunfos electorales en el terreno pol\u00edtico y tampoco en las elecciones generales posteriores.<\/strong> La estrategia deber\u00e1 ser pensar y repensar, como encontrar una salida para que podamos transmitirselo a los vecinos lo que les proponemos, y que confien en nosotros en las urnas, y as\u00ed lograr el triunfo que nos permita acceder al municipio para administar a nuestro distrito. S<strong>er\u00e1 la manera de demostrarle al vecino, lo que podemos hacer como gesti\u00f3n municipal. En mi caso, a su vez, lo tomar\u00eda como una prueba de cuatro a\u00f1os asumida con gran responsabilidad, durante los cuales el exaltacrucence nos aprobar\u00eda o desaprobar\u00eda<\/strong>. En definitiva, a lo que nosotros apuntamos, es a contar con la oportunidad que nos deber\u00e1n los vecinos vot\u00e1ndonos, para llevar a la pr\u00e1ctica los planes que tenemos para Exaltaci\u00f3n de la Cruz, ya sea tanto en el 2025 como en el a\u00f1o 2027 cuando vuelva a elegirse intendente. Hay que poner en pausa a todos los partidos pol\u00edticos tradicionales, hacer los replanteos que sean necesarios, y empezar a trabajar de la mejor manera.<\/em><\/p>\n<p><strong>-\u00bfC\u00f3mo observa el desarrollo partidario de La Libertad Avanza (LLA)en nuestro distrito?<\/strong><\/p>\n<p>&#8211;<em>Bueno, no me corresponde a m\u00ed hablar de otro sector pol\u00edtico; tengo entendido que ya cuentan con la autorizaci\u00f3n para funcionar como partido en Exaltaci\u00f3n de la Cruz. Lo que s\u00ed puedo decir que desde ya, conocemos y <strong>sabemos trabajar juntos en el HCD con los concejales de la LLA, Denissa Ver\u00f2n y Esteban Lizaso<\/strong>; Ver\u00f2n he sabido que hace un verdadero trabajo de hormiga muy valorado, recorriendo barrios y hablando con vecinos.<\/em><\/p>\n<p>&nbsp;<\/p>\n<p><strong>Es Patricio Diez,<\/strong> abogado, forma parte de una familia muy arraigada a Exaltaci\u00f3n de la Cruz; dicta clases de la materia Ciudadan\u00eda Sociales, Historia y Geografia en la Escuela CEPT N\u00ba32 de Diego Gaynor. Trabaja como profesional desde 2009 y valora el respaldo incondicional de su esposa y sus hijos, as\u00ed como se lo brindan como personas de confianza y consulta, su hermano y sus padres Oscar y Cristina.<\/p>\n<p>Cuando la entrevista finaliz\u00f3, y antes del saludo, EPOCA le desliz\u00f3 a <strong>Diez<\/strong>:<\/p>\n<p><strong>\u00bfSer\u00e1 candidato a intendente en las elecciones del 2027?<\/strong>. A la pregunta que se hacen tambi\u00e9n vecinos, Diez respondi\u00f3 s\u00f3lo con una<strong> breve e instant\u00e1nea sonrisa&#8230;<\/strong><\/p>\n<\/div>\n<div><\/div>\n<\/div>\n<\/div>\n<\/div>\n<p>&nbsp;<\/p>\n<div class=\"jb_0 X_6MGW N_6Fd5\">\n<div class=\"\">\n<div class=\"qtd-body\">\n<div id=\"yiv7692307365yqt52239\" class=\"yiv7692307365yqt3462545847\">\n<div id=\"yiv7692307365yahoo_quoted_7989465927\" class=\"yiv7692307365yahoo_quoted\"><\/div>\n<\/div>\n<\/div>\n<\/div>\n<\/div>\n","protected":false},"excerpt":{"rendered":"<p>ENTREVISTA POL\u00cdTICA. HOMBRE DEL PRO\/JUNTOS POR EL CAMBIO\/CAMBIEMOS.\u00a0 CONSEJERO ESCOLAR, CONCEJAL, \u00bfCANDIDATO A INTENDENTE EN EL 2027?<\/p>\n","protected":false},"author":4,"featured_media":26843,"comment_status":"open","ping_status":"open","sticky":false,"template":"","format":"standard","meta":{"footnotes":"","jetpack_publicize_message":"","jetpack_publicize_feature_enabled":true,"jetpack_social_post_already_shared":true,"jetpack_social_options":{"image_generator_settings":{"template":"highway","default_image_id":0,"font":"","enabled":false},"version":2}},"categories":[17],"tags":[1111,179],"class_list":["post-26834","post","type-post","status-publish","format-standard","has-post-thumbnail","hentry","category-politica","tag-patricio-diez","tag-politica"],"jetpack_publicize_connections":[],"jetpack_featured_media_url":"https:\/\/revistaepocadigital.com.ar\/wp-content\/uploads\/2024\/10\/DIEZ-3.jpg","jetpack_likes_enabled":true,"_links":{"self":[{"href":"https:\/\/revistaepocadigital.com.ar\/index.php?rest_route=\/wp\/v2\/posts\/26834","targetHints":{"allow":["GET"]}}],"collection":[{"href":"https:\/\/revistaepocadigital.com.ar\/index.php?rest_route=\/wp\/v2\/posts"}],"about":[{"href":"https:\/\/revistaepocadigital.com.ar\/index.php?rest_route=\/wp\/v2\/types\/post"}],"author":[{"embeddable":true,"href":"https:\/\/revistaepocadigital.com.ar\/index.php?rest_route=\/wp\/v2\/users\/4"}],"replies":[{"embeddable":true,"href":"https:\/\/revistaepocadigital.com.ar\/index.php?rest_route=%2Fwp%2Fv2%2Fcomments&post=26834"}],"version-history":[{"count":0,"href":"https:\/\/revistaepocadigital.com.ar\/index.php?rest_route=\/wp\/v2\/posts\/26834\/revisions"}],"wp:featuredmedia":[{"embeddable":true,"href":"https:\/\/revistaepocadigital.com.ar\/index.php?rest_route=\/wp\/v2\/media\/26843"}],"wp:attachment":[{"href":"https:\/\/revistaepocadigital.com.ar\/index.php?rest_route=%2Fwp%2Fv2%2Fmedia&parent=26834"}],"wp:term":[{"taxonomy":"category","embeddable":true,"href":"https:\/\/revistaepocadigital.com.ar\/index.php?rest_route=%2Fwp%2Fv2%2Fcategories&post=26834"},{"taxonomy":"post_tag","embeddable":true,"href":"https:\/\/revistaepocadigital.com.ar\/index.php?rest_route=%2Fwp%2Fv2%2Ftags&post=26834"}],"curies":[{"name":"wp","href":"https:\/\/api.w.org\/{rel}","templated":true}]}}