{"id":26856,"date":"2024-10-01T23:01:18","date_gmt":"2024-10-02T02:01:18","guid":{"rendered":"https:\/\/revistaepocadigital.com.ar\/?p=26856"},"modified":"2024-10-14T22:42:49","modified_gmt":"2024-10-15T01:42:49","slug":"argentinas-y-exaltacrucenses-en-el-mundial-del-caballo-peruano-de-paso-2024","status":"publish","type":"post","link":"https:\/\/revistaepocadigital.com.ar\/?p=26856","title":{"rendered":"EXALTACRUCENSES EN EL MUNDIAL. GANADON EL CABALLO PERUANO DE PLATA"},"content":{"rendered":"<div class=\"xdj266r x11i5rnm xat24cr x1mh8g0r x1vvkbs x126k92a\">\n<div dir=\"auto\"><\/div>\n<div dir=\"auto\"><strong>EL GRAN LOGRO PARA LA ARGENTINA Y EXALTACI\u00d3N DE LA CRUZ.<!--more--><\/strong><\/div>\n<div dir=\"auto\"><\/div>\n<div dir=\"auto\">Enorme y justicada emoci\u00f3n en Per\u00fa en el equipo argentino \u201cMontando del Lado Bueno\u201d, que en el Mundial del Caballo Peruano de Paso 2024, se adjudic\u00f3 el muy reconocido premio\u00a0 \u201cCaballo Peruano de Plata\u201d en Lima.<\/div>\n<div dir=\"auto\"><\/div>\n<div dir=\"auto\">El magn\u00edfico galard\u00f3n fue otorgado por la destacada participaci\u00f3n del equipo argentino, y por su aporte a la difusi\u00f3n de la cultura ecuestre, reflejando el compromiso de los jinetes de nuestro pa\u00eds, y sus caballos con la innata tradici\u00f3n.<\/div>\n<div dir=\"auto\"><img loading=\"lazy\" decoding=\"async\" class=\"aligncenter size-full wp-image-26963\" src=\"https:\/\/revistaepocadigital.com.ar\/wp-content\/uploads\/2024\/10\/cab2.jpg\" alt=\"\" width=\"768\" height=\"960\" srcset=\"https:\/\/revistaepocadigital.com.ar\/wp-content\/uploads\/2024\/10\/cab2.jpg 768w, https:\/\/revistaepocadigital.com.ar\/wp-content\/uploads\/2024\/10\/cab2-240x300.jpg 240w, https:\/\/revistaepocadigital.com.ar\/wp-content\/uploads\/2024\/10\/cab2-696x870.jpg 696w, https:\/\/revistaepocadigital.com.ar\/wp-content\/uploads\/2024\/10\/cab2-336x420.jpg 336w, https:\/\/revistaepocadigital.com.ar\/wp-content\/uploads\/2024\/10\/cab2-672x840.jpg 672w\" sizes=\"auto, (max-width: 768px) 100vw, 768px\" \/><\/div>\n<div dir=\"auto\"><\/div>\n<div dir=\"auto\">\n<div class=\"html-div xdj266r x11i5rnm xat24cr x1mh8g0r xexx8yu x4uap5 x18d9i69 xkhd6sd\">\n<div class=\"html-div xdj266r x11i5rnm xat24cr x1mh8g0r xexx8yu x4uap5 x18d9i69 xkhd6sd\" dir=\"auto\">\n<div id=\":r147:\" class=\"x1l90r2v x1pi30zi x1swvt13 x1iorvi4\" data-ad-comet-preview=\"message\" data-ad-preview=\"message\">\n<div class=\"x78zum5 xdt5ytf xz62fqu x16ldp7u\">\n<div class=\"xu06os2 x1ok221b\">\n<div class=\"x11i5rnm xat24cr x1mh8g0r x1vvkbs xtlvy1s x126k92a\">\n<div dir=\"auto\">El equipo, que represent\u00f3 a nuestro pa\u00eds y a la Municipalidad de Exaltaci\u00f3n de la Cruz, retier\u00f3 el estupendo nivel, adem\u00e1s de convertirse en embajador para el fortalecimiento de los lazos culturales entre Argentina y Per\u00fa a trav\u00e9s del caballo peruano de paso, una raza emblem\u00e1tica.<\/div>\n<div dir=\"auto\"><\/div>\n<\/div>\n<div class=\"x11i5rnm xat24cr x1mh8g0r x1vvkbs xtlvy1s x126k92a\">\n<div dir=\"auto\">El equipo argentino apunt\u00f3 a conseguir m\u00e1s \u00e9xitos en las pruebas ecuestres que siguieron con diversas actividades para sumar puntos que defin\u00edan al campe\u00f3n mundial. La comunidad ecuestre argentina celebr\u00f3 el reconocimiento y aguard\u00f3 con entusiasmo las pruebas decisivas<\/div>\n<\/div>\n<div class=\"x11i5rnm xat24cr x1mh8g0r x1vvkbs xtlvy1s x126k92a\">\n<div dir=\"auto\"><img loading=\"lazy\" decoding=\"async\" class=\"aligncenter size-full wp-image-26961\" src=\"https:\/\/revistaepocadigital.com.ar\/wp-content\/uploads\/2024\/10\/caba.jpg\" alt=\"\" width=\"480\" height=\"600\" srcset=\"https:\/\/revistaepocadigital.com.ar\/wp-content\/uploads\/2024\/10\/caba.jpg 480w, https:\/\/revistaepocadigital.com.ar\/wp-content\/uploads\/2024\/10\/caba-240x300.jpg 240w, https:\/\/revistaepocadigital.com.ar\/wp-content\/uploads\/2024\/10\/caba-336x420.jpg 336w\" sizes=\"auto, (max-width: 480px) 100vw, 480px\" \/><\/div>\n<\/div>\n<\/div>\n<\/div>\n<\/div>\n<\/div>\n<\/div>\n<\/div>\n<div dir=\"auto\"><\/div>\n<div dir=\"auto\" style=\"text-align: center;\"><\/div>\n<div dir=\"auto\" style=\"text-align: center;\"><strong><span style=\"color: #ff6600;\">&#8212;&#8212;&#8212;&#8212;&#8212;&#8212;&#8212;&#8212;&#8212;&#8212;&#8212;&#8212;&#8212;&#8212;&#8212;&#8212;&#8212;&#8212;&#8212;&#8212;&#8212;-<\/span><\/strong><\/div>\n<div dir=\"auto\"><\/div>\n<div dir=\"auto\"><span class=\"html-span xexx8yu x4uap5 x18d9i69 xkhd6sd x1hl2dhg x16tdsg8 x1vvkbs x3nfvp2 x1j61x8r x1fcty0u xdj266r xat24cr xgzva0m xhhsvwb xxymvpz xlup9mm x1kky2od\"><strong>EL EQUIPO ECUESTRE REPRESENTANTE DE LA ARGENTINA<\/strong>.<\/span><\/div>\n<\/div>\n<p><!--more--><\/p>\n<div class=\"xdj266r x11i5rnm xat24cr x1mh8g0r x1vvkbs x126k92a\">\n<div dir=\"auto\"><\/div>\n<\/div>\n<p>Se denomina &#8220;Montando del lado bueno&#8221; y est\u00e1 integrado por muy calificadas mujeres que en Per\u00fa, representar a nuestro pa\u00eds y a la Municipalidad de Exaltaci\u00f3n de la Cruz en el Mundial del Caballo Peruano de Paso 2024.<\/p>\n<div dir=\"auto\"><img loading=\"lazy\" decoding=\"async\" class=\"aligncenter size-medium wp-image-26863\" src=\"https:\/\/revistaepocadigital.com.ar\/wp-content\/uploads\/2024\/10\/mujer-caba-2-1-300x300.jpg\" alt=\"\" width=\"300\" height=\"300\" srcset=\"https:\/\/revistaepocadigital.com.ar\/wp-content\/uploads\/2024\/10\/mujer-caba-2-1-300x300.jpg 300w, https:\/\/revistaepocadigital.com.ar\/wp-content\/uploads\/2024\/10\/mujer-caba-2-1-150x150.jpg 150w, https:\/\/revistaepocadigital.com.ar\/wp-content\/uploads\/2024\/10\/mujer-caba-2-1-768x768.jpg 768w, https:\/\/revistaepocadigital.com.ar\/wp-content\/uploads\/2024\/10\/mujer-caba-2-1-696x696.jpg 696w, https:\/\/revistaepocadigital.com.ar\/wp-content\/uploads\/2024\/10\/mujer-caba-2-1-420x420.jpg 420w, https:\/\/revistaepocadigital.com.ar\/wp-content\/uploads\/2024\/10\/mujer-caba-2-1-840x840.jpg 840w, https:\/\/revistaepocadigital.com.ar\/wp-content\/uploads\/2024\/10\/mujer-caba-2-1.jpg 960w\" sizes=\"auto, (max-width: 300px) 100vw, 300px\" \/><\/div>\n<div dir=\"auto\"><img loading=\"lazy\" decoding=\"async\" class=\"aligncenter size-medium wp-image-26864\" src=\"https:\/\/revistaepocadigital.com.ar\/wp-content\/uploads\/2024\/10\/mujer-caba-3-300x300.jpg\" alt=\"\" width=\"300\" height=\"300\" srcset=\"https:\/\/revistaepocadigital.com.ar\/wp-content\/uploads\/2024\/10\/mujer-caba-3-300x300.jpg 300w, https:\/\/revistaepocadigital.com.ar\/wp-content\/uploads\/2024\/10\/mujer-caba-3-150x150.jpg 150w, https:\/\/revistaepocadigital.com.ar\/wp-content\/uploads\/2024\/10\/mujer-caba-3-768x768.jpg 768w, https:\/\/revistaepocadigital.com.ar\/wp-content\/uploads\/2024\/10\/mujer-caba-3-696x696.jpg 696w, https:\/\/revistaepocadigital.com.ar\/wp-content\/uploads\/2024\/10\/mujer-caba-3-420x420.jpg 420w, https:\/\/revistaepocadigital.com.ar\/wp-content\/uploads\/2024\/10\/mujer-caba-3-840x840.jpg 840w, https:\/\/revistaepocadigital.com.ar\/wp-content\/uploads\/2024\/10\/mujer-caba-3.jpg 960w\" sizes=\"auto, (max-width: 300px) 100vw, 300px\" \/><\/div>\n<div dir=\"auto\"><\/div>\n<div class=\"x11i5rnm xat24cr x1mh8g0r x1vvkbs xtlvy1s x126k92a\">\n<div dir=\"auto\">Las mujeres jinetes y caballos y asistentes, estaban alistados para competir en el exigente mundial que va entre s\u00e1bado y domingo en Lima.<\/div>\n<div dir=\"auto\"><\/div>\n<div dir=\"auto\">Fuente:\u00a0 La gaceta de Exaltaci\u00f3n.<\/div>\n<\/div>\n","protected":false},"excerpt":{"rendered":"<p>EL GRAN LOGRO PARA LA ARGENTINA Y EXALTACI\u00d3N DE LA CRUZ.<\/p>\n","protected":false},"author":3,"featured_media":26962,"comment_status":"open","ping_status":"open","sticky":false,"template":"","format":"standard","meta":{"footnotes":"","jetpack_publicize_message":"","jetpack_publicize_feature_enabled":true,"jetpack_social_post_already_shared":true,"jetpack_social_options":{"image_generator_settings":{"template":"highway","default_image_id":0,"font":"","enabled":false},"version":2}},"categories":[9],"tags":[2905,2904],"class_list":["post-26856","post","type-post","status-publish","format-standard","has-post-thumbnail","hentry","category-deportes","tag-mundial-caballos","tag-peru"],"jetpack_publicize_connections":[],"jetpack_featured_media_url":"https:\/\/revistaepocadigital.com.ar\/wp-content\/uploads\/2024\/10\/caba1.jpg","jetpack_likes_enabled":true,"_links":{"self":[{"href":"https:\/\/revistaepocadigital.com.ar\/index.php?rest_route=\/wp\/v2\/posts\/26856","targetHints":{"allow":["GET"]}}],"collection":[{"href":"https:\/\/revistaepocadigital.com.ar\/index.php?rest_route=\/wp\/v2\/posts"}],"about":[{"href":"https:\/\/revistaepocadigital.com.ar\/index.php?rest_route=\/wp\/v2\/types\/post"}],"author":[{"embeddable":true,"href":"https:\/\/revistaepocadigital.com.ar\/index.php?rest_route=\/wp\/v2\/users\/3"}],"replies":[{"embeddable":true,"href":"https:\/\/revistaepocadigital.com.ar\/index.php?rest_route=%2Fwp%2Fv2%2Fcomments&post=26856"}],"version-history":[{"count":0,"href":"https:\/\/revistaepocadigital.com.ar\/index.php?rest_route=\/wp\/v2\/posts\/26856\/revisions"}],"wp:featuredmedia":[{"embeddable":true,"href":"https:\/\/revistaepocadigital.com.ar\/index.php?rest_route=\/wp\/v2\/media\/26962"}],"wp:attachment":[{"href":"https:\/\/revistaepocadigital.com.ar\/index.php?rest_route=%2Fwp%2Fv2%2Fmedia&parent=26856"}],"wp:term":[{"taxonomy":"category","embeddable":true,"href":"https:\/\/revistaepocadigital.com.ar\/index.php?rest_route=%2Fwp%2Fv2%2Fcategories&post=26856"},{"taxonomy":"post_tag","embeddable":true,"href":"https:\/\/revistaepocadigital.com.ar\/index.php?rest_route=%2Fwp%2Fv2%2Ftags&post=26856"}],"curies":[{"name":"wp","href":"https:\/\/api.w.org\/{rel}","templated":true}]}}