{"id":26912,"date":"2024-10-09T02:30:35","date_gmt":"2024-10-09T05:30:35","guid":{"rendered":"https:\/\/revistaepocadigital.com.ar\/?p=26912"},"modified":"2024-10-09T02:30:35","modified_gmt":"2024-10-09T05:30:35","slug":"el-banco-nacion-cerrara-sucursales-en-municipios-que-abusen-con-las-subas-de-tasas","status":"publish","type":"post","link":"https:\/\/revistaepocadigital.com.ar\/?p=26912","title":{"rendered":"El Banco Naci\u00f3n cerrar\u00e1 sucursales en municipios que &#8220;abusen&#8221; con las subas de tasas"},"content":{"rendered":"<header class=\"news-headline\">\n<h4 class=\"news-headline__title\"><strong>El ministro de Econom\u00eda\u00a0 Luis Caputo.<\/strong><\/h4>\n<h4 class=\"news-headline__title\">Adelant\u00f3 que habl\u00f3 con el titular de la entidad para poner en marcha el plan de cierre de sedes.<\/h4>\n<p>La modalidad de incluir tasas municipales, sus incrementos e inclusi\u00f3n en facturas de servicios, se ha extendido a muchos municipios. \u00bfCual es el panorama en este sentido en Exaltaci\u00f3n de la Cruz?, donde adem\u00e1s existe una sucursal del Banco Naci\u00f3n en Capilla del Se\u00f1or.<\/p>\n<\/header>\n<p><!--more--><\/p>\n<p>&nbsp;<\/p>\n<div class=\"detail-highlighted-multimedia content-protected-false\">\n<figure class=\"detail-highlighted-multimedia__figure\"><img loading=\"lazy\" decoding=\"async\" class=\"detail-highlighted-multimedia__figure-img img-fluid\" src=\"https:\/\/media.ambito.com\/p\/89c1ed2f9357a1dd61fe351dcb8b443a\/adjuntos\/239\/imagenes\/040\/761\/0040761556\/banco-nacionjpg.jpg\" alt=\"El Gobierno confirm\u00f3 que cerrar\u00e1n sucursales del Banco Naci\u00f3n en municipios donde las intendencias abusen con las tasas.&amp;nbsp;\" width=\"655\" height=\"368\" \/><figcaption class=\"detail-highlighted-multimedia__figcaption\">\n<div class=\"detail-highlighted-multimedia__caption\">\n<p>El Gobierno confirm\u00f3 que cerrar\u00e1n sucursales del Banco Naci\u00f3n en municipios donde las intendencias &#8220;abusen&#8221; con las tasas.<\/p>\n<\/div>\n<\/figcaption><\/figure>\n<\/div>\n<article class=\"article-body article-body--first-paragraph content-protected-false\" data-td-script-src=\"https:\/\/www.ambito.com\/td\/modulos\/encuestas\/js\/function-embeds-min-version-1728360451.js\">El\u00a0<a href=\"https:\/\/www.ambito.com\/economia\/luis-caputo-dio-pistas-la-salida-del-cepo-que-piensan-los-analistas-la-city-n6068253\" target=\"_blank\" rel=\"follow noopener\">ministro de Econom\u00eda,\u00a0<\/a><strong><a href=\"https:\/\/www.ambito.com\/economia\/luis-caputo-dio-pistas-la-salida-del-cepo-que-piensan-los-analistas-la-city-n6068253\" target=\"_blank\" rel=\"follow noopener\">Luis Caputo<\/a>,<\/strong>\u00a0anunci\u00f3 esta tarde que avanzar\u00e1n con el cierre de las sucursales del\u00a0<strong>Banco Naci\u00f3n<\/strong>\u00a0en los municipios que &#8220;abusen&#8221; de sus vecinos mediante subas de tasas.\u00a0<a href=\"https:\/\/www.ambito.com\/el-banco-nacion-anuncio-el-cierre-nueve-sucursales-la-pampa-n6066723\" target=\"_blank\" rel=\"follow noopener\">La semana pasada iniciaron proceso en\u00a0<strong>La Pampa<\/strong><\/a><strong>.<\/strong><\/article>\n<article class=\"article-body article-body--second-paragraph content-protected-false\">Caputo advirti\u00f3 este martes que, a pedido del\u00a0<strong>presidente Javier Milei,<\/strong>\u00a0la entidad p\u00fablica proceder\u00e1 con el cierre de las sedes radicadas en aquellas zonas donde las intendencias decidan\u00a0<strong>&#8220;abusar de sus vecinos mediante subas de tasas municipales injustificadas&#8221;<\/strong>, las que, seg\u00fan dijo, tambi\u00e9n &#8220;esconden en servicios nacionales&#8221;.<\/article>\n<section class=\"related-news\"><span class=\"related-news__title\">Informat<\/span><\/section>\n<article class=\"article-body article-body--third-paragraph content-protected-false\">\n<div id=\"embed1622_wrap\" class=\"embed_cont type_freetext\" contenteditable=\"false\" data-provider=\"Twitter\">\n<div id=\"embed1622_content\" class=\"embed_content\">\n<div id=\"embed1622_embed\">\n<div class=\"twitter-tweet twitter-tweet-rendered\"><iframe id=\"twitter-widget-0\" class=\"\" title=\"X Post\" src=\"https:\/\/platform.twitter.com\/embed\/Tweet.html?creatorScreenName=Ambitocom&amp;dnt=false&amp;embedId=twitter-widget-0&amp;features=eyJ0ZndfdGltZWxpbmVfbGlzdCI6eyJidWNrZXQiOltdLCJ2ZXJzaW9uIjpudWxsfSwidGZ3X2ZvbGxvd2VyX2NvdW50X3N1bnNldCI6eyJidWNrZXQiOnRydWUsInZlcnNpb24iOm51bGx9LCJ0ZndfdHdlZXRfZWRpdF9iYWNrZW5kIjp7ImJ1Y2tldCI6Im9uIiwidmVyc2lvbiI6bnVsbH0sInRmd19yZWZzcmNfc2Vzc2lvbiI6eyJidWNrZXQiOiJvbiIsInZlcnNpb24iOm51bGx9LCJ0ZndfZm9zbnJfc29mdF9pbnRlcnZlbnRpb25zX2VuYWJsZWQiOnsiYnVja2V0Ijoib24iLCJ2ZXJzaW9uIjpudWxsfSwidGZ3X21peGVkX21lZGlhXzE1ODk3Ijp7ImJ1Y2tldCI6InRyZWF0bWVudCIsInZlcnNpb24iOm51bGx9LCJ0ZndfZXhwZXJpbWVudHNfY29va2llX2V4cGlyYXRpb24iOnsiYnVja2V0IjoxMjA5NjAwLCJ2ZXJzaW9uIjpudWxsfSwidGZ3X3Nob3dfYmlyZHdhdGNoX3Bpdm90c19lbmFibGVkIjp7ImJ1Y2tldCI6Im9uIiwidmVyc2lvbiI6bnVsbH0sInRmd19kdXBsaWNhdGVfc2NyaWJlc190b19zZXR0aW5ncyI6eyJidWNrZXQiOiJvbiIsInZlcnNpb24iOm51bGx9LCJ0ZndfdXNlX3Byb2ZpbGVfaW1hZ2Vfc2hhcGVfZW5hYmxlZCI6eyJidWNrZXQiOiJvbiIsInZlcnNpb24iOm51bGx9LCJ0ZndfdmlkZW9faGxzX2R5bmFtaWNfbWFuaWZlc3RzXzE1MDgyIjp7ImJ1Y2tldCI6InRydWVfYml0cmF0ZSIsInZlcnNpb24iOm51bGx9LCJ0ZndfbGVnYWN5X3RpbWVsaW5lX3N1bnNldCI6eyJidWNrZXQiOnRydWUsInZlcnNpb24iOm51bGx9LCJ0ZndfdHdlZXRfZWRpdF9mcm9udGVuZCI6eyJidWNrZXQiOiJvbiIsInZlcnNpb24iOm51bGx9fQ%3D%3D&amp;frame=false&amp;hideCard=false&amp;hideThread=false&amp;id=1843766392039854583&amp;lang=es&amp;origin=https%3A%2F%2Fwww.ambito.com%2Fpolitica%2Fluis-caputo-anuncio-que-el-banco-nacion-cerrara-sucursales-municipios-que-abusen-las-subas-tasas-n6068478&amp;sessionId=0a134694fa87ce3aabe916374544ac0e9b06375e&amp;siteScreenName=Ambitocom&amp;theme=light&amp;widgetsVersion=2615f7e52b7e0%3A1702314776716&amp;width=550px\" frameborder=\"0\" scrolling=\"no\" allowfullscreen=\"allowfullscreen\" data-tweet-id=\"1843766392039854583\" data-mce-fragment=\"1\"><\/iframe><\/div>\n<\/div>\n<\/div>\n<\/div>\n<p>&#8220;Ya he hablado con el presidente del Banco Naci\u00f3n,\u00a0<strong>Daniel Tillard<\/strong>&#8220;, afirm\u00f3 Caputo. El extitular del\u00a0<strong>Banco de C\u00f3rdoba<\/strong>\u00a0durante la gobernaci\u00f3n de Juan Schiaretti ser\u00e1 el encargado de llevar adelante la medida.<\/p>\n<\/article>\n<article class=\"article-body article-body--fourth-paragraph content-protected-false\">&#8220;Estamos todos los\u00a0<strong>argentinos haciendo un esfuerzo enorme por sacar al pa\u00eds adelante<\/strong>, pero hay todav\u00eda una buena parte de la pol\u00edtica que quiere aferrarse al modelo de &#8216;privilegios para pocos y pobreza para muchos\u201d de los \u00faltimos 20 a\u00f1os'&#8221;, prosigui\u00f3 el titular del Palacio de Hacienda y asegur\u00f3 que &#8220;el pueblo argentino vot\u00f3 un cambio, y es nuestro deber cumplir con su mandato&#8221;.<\/article>\n<article class=\"article-body article-body--remaining-paragraph content-protected-false\">La semana pasada, las autoridades del\u00a0<strong>Banco Naci\u00f3n<\/strong>\u00a0dieron el primer paso en el plan anunciado esta tarde por\u00a0<strong>Caputo<\/strong>\u00a0al disponer el cierre de nueve sucursales en\u00a0<strong>La Pampa,<\/strong>\u00a0que se sum\u00f3 a la supresi\u00f3n de la gerencia zonal en dicha provincia.Se trata de una serie de\u00a0<strong>resoluciones del Directorio que se fundamentan en la decisi\u00f3n del gobierno pampeano de elevar al 15,5% la al\u00edcuota del Impuesto a los Ingresos Brutos<\/strong>\u00a0que grava los cr\u00e9ditos a las<strong>\u00a0familias y a las pymes,\u00a0<\/strong>indic\u00f3 la entidad en un comunicado.<\/p>\n<p>El presidente del BNA, Daniel\u00a0<strong>Tillard,<\/strong>\u00a0insisti\u00f3 en que &#8220;la incidencia de los impuestos locales duplica el gasto en la n\u00f3mina salarial del personal, lo cual termina siendo una imposici\u00f3n sobre la presencia territorial&#8221;.<\/p>\n<p>A trav\u00e9s de un comunicado de prensa,\u00a0<strong>Tillard<\/strong>\u00a0afirm\u00f3 que: &#8220;Queremos dejar en claro que estos tributos no gravan al Banco Naci\u00f3n, sino que terminan siendo un impuesto a los cr\u00e9ditos. Por tal motivo, resolvimos no mantener ni nuestra (Gerencia) Zonal ni las sucursales en la provincia de La Pampa&#8221;.<\/p>\n<p>Cabe recordar que el gobierno de La Pampa\u00a0<strong>promulg\u00f3 la Ley Provincial N\u00b0 3575,\u00a0<\/strong>en la que estableci\u00f3 la duplicaci\u00f3n del impuesto a partir del\u00a0<strong>1\/9\/2024 sobre los cr\u00e9ditos<\/strong>\u00a0que desembolsa el\u00a0<strong>Banco Naci\u00f3n en esa provincia.<\/strong><\/p>\n<p>Al mismo tiempo, se facult\u00f3 a la subgerencia\u00a0<strong>General de Gesti\u00f3n de las Personas\u00a0<\/strong>y a la\u00a0<strong>subgerencia General de red de Sucursales<\/strong>\u00a0para que dispongan el destino de los agentes afectados y los puestos de revista.<\/p>\n<p>Luego del cierre de la\u00a0<strong>Gerencia Zonal de La Pampa<\/strong>, las sucursales que permanecen en el territorio pampeano <strong>pasar\u00e1n a depender de la Gerencia Zonal de San Luis<\/strong>.<\/p>\n<p>fuente: nota publicada en Ambito Financiero<\/p>\n<\/article>\n","protected":false},"excerpt":{"rendered":"<p>El ministro de Econom\u00eda\u00a0 Luis Caputo. Adelant\u00f3 que habl\u00f3 con el titular de la entidad para poner en marcha el plan de cierre de sedes. La modalidad de incluir tasas municipales, sus incrementos e inclusi\u00f3n en facturas de servicios, se ha extendido a muchos municipios. \u00bfCual es el panorama en este sentido en Exaltaci\u00f3n de [&hellip;]<\/p>\n","protected":false},"author":3,"featured_media":26914,"comment_status":"open","ping_status":"open","sticky":false,"template":"","format":"standard","meta":{"footnotes":"","jetpack_publicize_message":"","jetpack_publicize_feature_enabled":true,"jetpack_social_post_already_shared":true,"jetpack_social_options":{"image_generator_settings":{"template":"highway","default_image_id":0,"font":"","enabled":false},"version":2}},"categories":[13,17],"tags":[2910,2911,643],"class_list":["post-26912","post","type-post","status-publish","format-standard","has-post-thumbnail","hentry","category-interes-general","category-politica","tag-banco-nacion","tag-cierres","tag-tasas"],"jetpack_publicize_connections":[],"jetpack_featured_media_url":"https:\/\/revistaepocadigital.com.ar\/wp-content\/uploads\/2024\/10\/banco-nacionjpg.webp","jetpack_likes_enabled":true,"_links":{"self":[{"href":"https:\/\/revistaepocadigital.com.ar\/index.php?rest_route=\/wp\/v2\/posts\/26912","targetHints":{"allow":["GET"]}}],"collection":[{"href":"https:\/\/revistaepocadigital.com.ar\/index.php?rest_route=\/wp\/v2\/posts"}],"about":[{"href":"https:\/\/revistaepocadigital.com.ar\/index.php?rest_route=\/wp\/v2\/types\/post"}],"author":[{"embeddable":true,"href":"https:\/\/revistaepocadigital.com.ar\/index.php?rest_route=\/wp\/v2\/users\/3"}],"replies":[{"embeddable":true,"href":"https:\/\/revistaepocadigital.com.ar\/index.php?rest_route=%2Fwp%2Fv2%2Fcomments&post=26912"}],"version-history":[{"count":0,"href":"https:\/\/revistaepocadigital.com.ar\/index.php?rest_route=\/wp\/v2\/posts\/26912\/revisions"}],"wp:featuredmedia":[{"embeddable":true,"href":"https:\/\/revistaepocadigital.com.ar\/index.php?rest_route=\/wp\/v2\/media\/26914"}],"wp:attachment":[{"href":"https:\/\/revistaepocadigital.com.ar\/index.php?rest_route=%2Fwp%2Fv2%2Fmedia&parent=26912"}],"wp:term":[{"taxonomy":"category","embeddable":true,"href":"https:\/\/revistaepocadigital.com.ar\/index.php?rest_route=%2Fwp%2Fv2%2Fcategories&post=26912"},{"taxonomy":"post_tag","embeddable":true,"href":"https:\/\/revistaepocadigital.com.ar\/index.php?rest_route=%2Fwp%2Fv2%2Ftags&post=26912"}],"curies":[{"name":"wp","href":"https:\/\/api.w.org\/{rel}","templated":true}]}}