{"id":26921,"date":"2024-10-09T03:25:39","date_gmt":"2024-10-09T06:25:39","guid":{"rendered":"https:\/\/revistaepocadigital.com.ar\/?p=26921"},"modified":"2024-10-14T22:05:26","modified_gmt":"2024-10-15T01:05:26","slug":"luz-el-musical-que-te-va-a-llevar-a-recorrer-tus-emociones-en-el-centro-cultural-cosmopolita","status":"publish","type":"post","link":"https:\/\/revistaepocadigital.com.ar\/?p=26921","title":{"rendered":"LUZ, EL MUSICAL QUE TE VA A LLEVAR A RECORRER TUS EMOCIONES. EN EL CENTRO CULTURAL COSMOPOLITA"},"content":{"rendered":"<p><strong>\u00a1ESTAMOS LISTOS! \ud83d\udd25HAN EXCLAMADO TODOS QUIENES LE DAN VIDA A UN MUSICAL QUE PROMETE. DOS FUNCIONES, 19 Y 26 DE ESTE MES.<\/strong><!--more--><\/p>\n<p>El elenco del <strong>musical LUZ<\/strong> se ha preparado con todo para ofrecer al p\u00fablico, una puesta en escena innovadora y atrayente de teatro inmersivo en el <strong>Centro Cultural COSMOPOLITA.<\/strong><\/p>\n<p>Para el musical LUZ, idea y producci\u00f3n del realizador <strong>Fabi\u00e1n Scovenna,<\/strong> se han programado dos funciones como qued\u00f2 dicho en la COSMOPOLITA:<\/p>\n<p><strong>19 y 26 de octubre a las 20 horas.<\/strong><\/p>\n<p><img loading=\"lazy\" decoding=\"async\" class=\"aligncenter size-full wp-image-26924\" src=\"https:\/\/revistaepocadigital.com.ar\/wp-content\/uploads\/2024\/10\/SCOV-TEA.jpg\" alt=\"\" width=\"800\" height=\"800\" srcset=\"https:\/\/revistaepocadigital.com.ar\/wp-content\/uploads\/2024\/10\/SCOV-TEA.jpg 800w, https:\/\/revistaepocadigital.com.ar\/wp-content\/uploads\/2024\/10\/SCOV-TEA-300x300.jpg 300w, https:\/\/revistaepocadigital.com.ar\/wp-content\/uploads\/2024\/10\/SCOV-TEA-150x150.jpg 150w, https:\/\/revistaepocadigital.com.ar\/wp-content\/uploads\/2024\/10\/SCOV-TEA-768x768.jpg 768w, https:\/\/revistaepocadigital.com.ar\/wp-content\/uploads\/2024\/10\/SCOV-TEA-696x696.jpg 696w, https:\/\/revistaepocadigital.com.ar\/wp-content\/uploads\/2024\/10\/SCOV-TEA-420x420.jpg 420w\" sizes=\"auto, (max-width: 800px) 100vw, 800px\" \/><\/p>\n<p>El espect\u00e1culo tendr\u00e1 una duraci\u00f3n de dos horas, y <strong>promete llevar al espectador a recorrer todas las emociones.<\/strong><\/p>\n<p><strong>Las entradas<\/strong>, est\u00e1n disponibles. Envi\u00e1 un WhatsApp al n\u00famero telef\u00f3nico de la productora FS: <strong>11 3369-4497<\/strong><\/p>\n<p><img loading=\"lazy\" decoding=\"async\" class=\"aligncenter size-full wp-image-26925\" src=\"https:\/\/revistaepocadigital.com.ar\/wp-content\/uploads\/2024\/10\/SCO2.jpg\" alt=\"\" width=\"800\" height=\"1040\" srcset=\"https:\/\/revistaepocadigital.com.ar\/wp-content\/uploads\/2024\/10\/SCO2.jpg 800w, https:\/\/revistaepocadigital.com.ar\/wp-content\/uploads\/2024\/10\/SCO2-231x300.jpg 231w, https:\/\/revistaepocadigital.com.ar\/wp-content\/uploads\/2024\/10\/SCO2-768x998.jpg 768w, https:\/\/revistaepocadigital.com.ar\/wp-content\/uploads\/2024\/10\/SCO2-696x905.jpg 696w, https:\/\/revistaepocadigital.com.ar\/wp-content\/uploads\/2024\/10\/SCO2-323x420.jpg 323w, https:\/\/revistaepocadigital.com.ar\/wp-content\/uploads\/2024\/10\/SCO2-646x840.jpg 646w\" sizes=\"auto, (max-width: 800px) 100vw, 800px\" \/><\/p>\n<p>&nbsp;<\/p>\n<div dir=\"ltr\">Adquir\u00ed tu entrada aqu\u00ed!<\/div>\n<div dir=\"ltr\">\ud83d\udc47\ud83d\udc47\ud83d\udc47\ud83d\udc47\ud83d\udc47<\/div>\n<div dir=\"ltr\"><a href=\"https:\/\/wa.link\/tgqfrh\" target=\"_blank\" rel=\"noopener\">https:\/\/wa.link\/tgqfrh<\/a><\/div>\n<div dir=\"ltr\"><\/div>\n<div dir=\"ltr\">\ud83d\uddd3\ufe0f *S\u00c1BADO 19\/10 o 26\/10 20 HORAS.<\/div>\n<p>&nbsp;<\/p>\n<p>Como es costumbre en la productora FS, este nuevo musical va a mostrar un trabajo vocal notable, y un gran desarrollo de la puesta en escena; acompa\u00f1ado por una iluminaci\u00f3n que llevar\u00e1 a los espectadores a los diferentes climas que la historia transmite.<\/p>\n<p><strong>Act\u00faan:<\/strong> Cristina Prado, Fabi\u00e1n Carlevaro, Irina Conil, Franco Z\u00e1rate, Rosal\u00eda D\u00edaz de Vivar, Maximiliano Lauga, Natalia Cabrera y Fabi\u00e1n Scovenna.<\/p>\n<p>Direcci\u00f3n general: Fabi\u00e1n Scovenna<\/p>\n<p>Iluminaci\u00f3n: Gisela Kubricky &#8211; Lucas D\u00edaz<\/p>\n<p>Sonido: Nelson D\u00edaz &#8211; Graciela D\u00edaz.<\/p>\n<p>Vestuario, escenograf\u00eda y promoci\u00f3n: FS Producciones.<\/p>\n<p>&nbsp;<\/p>\n","protected":false},"excerpt":{"rendered":"<p>\u00a1ESTAMOS LISTOS! \ud83d\udd25HAN EXCLAMADO TODOS QUIENES LE DAN VIDA A UN MUSICAL QUE PROMETE. DOS FUNCIONES, 19 Y 26 DE ESTE MES.<\/p>\n","protected":false},"author":4,"featured_media":26924,"comment_status":"open","ping_status":"open","sticky":false,"template":"","format":"standard","meta":{"footnotes":"","jetpack_publicize_message":"","jetpack_publicize_feature_enabled":true,"jetpack_social_post_already_shared":true,"jetpack_social_options":{"image_generator_settings":{"template":"highway","default_image_id":0,"font":"","enabled":false},"version":2}},"categories":[12],"tags":[2912,83,1641],"class_list":["post-26921","post","type-post","status-publish","format-standard","has-post-thumbnail","hentry","category-espectaculos","tag-musical","tag-scovenna","tag-teatro"],"jetpack_publicize_connections":[],"jetpack_featured_media_url":"https:\/\/revistaepocadigital.com.ar\/wp-content\/uploads\/2024\/10\/SCOV-TEA.jpg","jetpack_likes_enabled":true,"_links":{"self":[{"href":"https:\/\/revistaepocadigital.com.ar\/index.php?rest_route=\/wp\/v2\/posts\/26921","targetHints":{"allow":["GET"]}}],"collection":[{"href":"https:\/\/revistaepocadigital.com.ar\/index.php?rest_route=\/wp\/v2\/posts"}],"about":[{"href":"https:\/\/revistaepocadigital.com.ar\/index.php?rest_route=\/wp\/v2\/types\/post"}],"author":[{"embeddable":true,"href":"https:\/\/revistaepocadigital.com.ar\/index.php?rest_route=\/wp\/v2\/users\/4"}],"replies":[{"embeddable":true,"href":"https:\/\/revistaepocadigital.com.ar\/index.php?rest_route=%2Fwp%2Fv2%2Fcomments&post=26921"}],"version-history":[{"count":0,"href":"https:\/\/revistaepocadigital.com.ar\/index.php?rest_route=\/wp\/v2\/posts\/26921\/revisions"}],"wp:featuredmedia":[{"embeddable":true,"href":"https:\/\/revistaepocadigital.com.ar\/index.php?rest_route=\/wp\/v2\/media\/26924"}],"wp:attachment":[{"href":"https:\/\/revistaepocadigital.com.ar\/index.php?rest_route=%2Fwp%2Fv2%2Fmedia&parent=26921"}],"wp:term":[{"taxonomy":"category","embeddable":true,"href":"https:\/\/revistaepocadigital.com.ar\/index.php?rest_route=%2Fwp%2Fv2%2Fcategories&post=26921"},{"taxonomy":"post_tag","embeddable":true,"href":"https:\/\/revistaepocadigital.com.ar\/index.php?rest_route=%2Fwp%2Fv2%2Ftags&post=26921"}],"curies":[{"name":"wp","href":"https:\/\/api.w.org\/{rel}","templated":true}]}}