{"id":26948,"date":"2024-10-14T21:38:49","date_gmt":"2024-10-15T00:38:49","guid":{"rendered":"https:\/\/revistaepocadigital.com.ar\/?p=26948"},"modified":"2024-10-15T00:02:44","modified_gmt":"2024-10-15T03:02:44","slug":"la-salud-mental-nuestra-de-cada-dia-jaqueada-de-verdad","status":"publish","type":"post","link":"https:\/\/revistaepocadigital.com.ar\/?p=26948","title":{"rendered":"LA SALUD MENTAL NUESTRA DE CADA D\u00cdA, JAQUEADA DE VERDAD"},"content":{"rendered":"<div class=\"xdj266r x11i5rnm xat24cr x1mh8g0r x1vvkbs x126k92a\">\n<div dir=\"auto\"><strong>JORNADAS.<!--more--><\/strong><\/div>\n<div dir=\"auto\"><\/div>\n<div dir=\"auto\">La Salud Mental en los tiempos que transcurren desde hace a\u00f1os, ante tantos problemas, obst\u00e1culos, conflictos, carencias, tensiones, imperiosas necesidades y limitaciones, se encuentra en jaque.<\/div>\n<div dir=\"auto\"><\/div>\n<div dir=\"auto\">Y abarca todas las edades, desde adolescentes a adultos mayores, quienes se ven encerrados en dilemas que\u00a0 resultan muy dificultosos resolver o al menos atenuar.<\/div>\n<div dir=\"auto\"><\/div>\n<div dir=\"auto\">El cuidado de la Salud Mentral en los seres humanos en el mundo entero, alcanza una importancia esencial. Preservarla, prevenirse, ha adquirido un valor inconmensurable, que no siempre es realmente considerado, y por ende en el planeta golpea a millones de personas y en tantos casos con consecuencias devastadoras.<\/div>\n<div dir=\"auto\"><\/div>\n<div dir=\"auto\">Por eso ante la vertiginosa y alucinada vida actual, no exenta de un sinn\u00famero de reacciones productos de los procesos mentales que aquejan, debe ser fundamental y prioritario, tomar consciencia de sus implicancias.\u00a0Por eso adquieren relevancia todas las acciones que se lleven adelante en torno a la Salud Mental de las personas.<\/div>\n<div dir=\"auto\"><\/div>\n<div dir=\"auto\">Exaltaci\u00f3n de la Cruz hizo su valioso aporte con las Jornadas de Salud Mentral organizadas por la Jefatura de Salud Mental del municipio. Bajo el lema &#8220;La sociedad de hoy subjetivada por el consumo\u201d, se llevaron adelante las V Jornadas Municipales de Salud Mental.<\/div>\n<div dir=\"auto\"><\/div>\n<\/div>\n<p>Este a\u00f1o, se brindaron herramientas de pesquisa temprana en relaci\u00f3n al consumo del juego, redes y los buenos h\u00e1bitos de uso a adquirir.<\/p>\n<p><img loading=\"lazy\" decoding=\"async\" class=\"aligncenter size-full wp-image-26956\" src=\"https:\/\/revistaepocadigital.com.ar\/wp-content\/uploads\/2024\/10\/SALUD-MEN-JORNA2.jpg\" alt=\"\" width=\"960\" height=\"640\" srcset=\"https:\/\/revistaepocadigital.com.ar\/wp-content\/uploads\/2024\/10\/SALUD-MEN-JORNA2.jpg 960w, https:\/\/revistaepocadigital.com.ar\/wp-content\/uploads\/2024\/10\/SALUD-MEN-JORNA2-300x200.jpg 300w, https:\/\/revistaepocadigital.com.ar\/wp-content\/uploads\/2024\/10\/SALUD-MEN-JORNA2-768x512.jpg 768w, https:\/\/revistaepocadigital.com.ar\/wp-content\/uploads\/2024\/10\/SALUD-MEN-JORNA2-696x464.jpg 696w, https:\/\/revistaepocadigital.com.ar\/wp-content\/uploads\/2024\/10\/SALUD-MEN-JORNA2-630x420.jpg 630w\" sizes=\"auto, (max-width: 960px) 100vw, 960px\" \/><\/p>\n<p>&nbsp;<\/p>\n<p>El evento fue encabezado por el intendente, Diego Nanni, junto al licenciado Mariano Rey, director provincial de Salud Mental y Consumos Problem\u00e1ticos del Ministerio de Salud de la Provincia, y el licenciado Federico Appiani, coordinador del programa &#8220;La salud mental es entre todas y todos&#8221;, de la subsecretar\u00eda de Salud Mental.<\/p>\n<div>El intendente Nanni sostuvo, &#8220;<em>me siento muy agradecido por el trabajo que se viene llevando adelante, pero no solo por el hecho de estar en esta jornada, sino porque ac\u00e1 nosotros venimos a marcar la decisi\u00f3n pol\u00edtica de un Estado que atiende cuestiones de Salud que solamente el Estado puede atender. En Exaltaci\u00f3n de la Cruz, como siempre digo, el \u00fanico efector de Salud del distrito es el Estado, un Estado que decide tener salud con una complejidad de avanzada, que invierte, que avanza y evoluciona&#8221;.\u00a0<\/em><\/div>\n<div><\/div>\n<div><em>&#8220;La atenci\u00f3n en Salud Mental <\/em>-agreg\u00f2 el jefe comunal<em>&#8211; nos interpela y es muy necesario para todos, y para nuestros j\u00f3venes, que son el futuro, que sean transmisores de lo que se trata en este tipo de encuentros. Como gesti\u00f3n, seguimos priorizando y defendiendo la salud p\u00fablica, junto al Gobierno Provincial que nos da las herramientas necesarias y por supuesto al equipo local que nos viene acompa\u00f1ando desde hace much\u00edsimo tiempo&#8221;.<\/em><\/div>\n<div><\/div>\n<div><\/div>\n<div>Acorde a la envergadura del tema sobre el cual trabajan como especialistas, particip\u00f3 el equipo completo de la Secretar\u00eda de Salud y Calidad de Vida de la municipalidad, funcionarios de la Jefatura Distrital, Salud Comunitaria de la Regi\u00f3n Sanitaria V, \u00e1reas municipales, docentes y alumnos.<\/div>\n<div dir=\"auto\"><\/div>\n<div class=\"x11i5rnm xat24cr x1mh8g0r x1vvkbs xtlvy1s x126k92a\">\n<div dir=\"auto\"><\/div>\n<\/div>\n","protected":false},"excerpt":{"rendered":"<p>JORNADAS.<\/p>\n","protected":false},"author":4,"featured_media":26955,"comment_status":"open","ping_status":"open","sticky":false,"template":"","format":"standard","meta":{"footnotes":"","jetpack_publicize_message":"","jetpack_publicize_feature_enabled":true,"jetpack_social_post_already_shared":true,"jetpack_social_options":{"image_generator_settings":{"template":"highway","default_image_id":0,"font":"","enabled":false},"version":2}},"categories":[15],"tags":[37,1099,706],"class_list":["post-26948","post","type-post","status-publish","format-standard","has-post-thumbnail","hentry","category-lo-que-tenes-que-saber","tag-destacada","tag-jornadas","tag-salud-mental"],"jetpack_publicize_connections":[],"jetpack_featured_media_url":"https:\/\/revistaepocadigital.com.ar\/wp-content\/uploads\/2024\/10\/SALUD-MENT-JORNA-PALO.jpg","jetpack_likes_enabled":true,"_links":{"self":[{"href":"https:\/\/revistaepocadigital.com.ar\/index.php?rest_route=\/wp\/v2\/posts\/26948","targetHints":{"allow":["GET"]}}],"collection":[{"href":"https:\/\/revistaepocadigital.com.ar\/index.php?rest_route=\/wp\/v2\/posts"}],"about":[{"href":"https:\/\/revistaepocadigital.com.ar\/index.php?rest_route=\/wp\/v2\/types\/post"}],"author":[{"embeddable":true,"href":"https:\/\/revistaepocadigital.com.ar\/index.php?rest_route=\/wp\/v2\/users\/4"}],"replies":[{"embeddable":true,"href":"https:\/\/revistaepocadigital.com.ar\/index.php?rest_route=%2Fwp%2Fv2%2Fcomments&post=26948"}],"version-history":[{"count":0,"href":"https:\/\/revistaepocadigital.com.ar\/index.php?rest_route=\/wp\/v2\/posts\/26948\/revisions"}],"wp:featuredmedia":[{"embeddable":true,"href":"https:\/\/revistaepocadigital.com.ar\/index.php?rest_route=\/wp\/v2\/media\/26955"}],"wp:attachment":[{"href":"https:\/\/revistaepocadigital.com.ar\/index.php?rest_route=%2Fwp%2Fv2%2Fmedia&parent=26948"}],"wp:term":[{"taxonomy":"category","embeddable":true,"href":"https:\/\/revistaepocadigital.com.ar\/index.php?rest_route=%2Fwp%2Fv2%2Fcategories&post=26948"},{"taxonomy":"post_tag","embeddable":true,"href":"https:\/\/revistaepocadigital.com.ar\/index.php?rest_route=%2Fwp%2Fv2%2Ftags&post=26948"}],"curies":[{"name":"wp","href":"https:\/\/api.w.org\/{rel}","templated":true}]}}