{"id":26950,"date":"2024-10-14T19:57:40","date_gmt":"2024-10-14T22:57:40","guid":{"rendered":"https:\/\/revistaepocadigital.com.ar\/?p=26950"},"modified":"2024-10-14T19:57:40","modified_gmt":"2024-10-14T22:57:40","slug":"el-mamapalooza-jornada-de-prevencion-del-cancer-de-mama-y-peatonal-de-las-artes","status":"publish","type":"post","link":"https:\/\/revistaepocadigital.com.ar\/?p=26950","title":{"rendered":"EL MAMAPALOOZA : JORNADA DE PREVENCI\u00d3N DEL C\u00c1NCER DE MAMA Y PEATONAL DE LAS ARTES"},"content":{"rendered":"<p><strong>EN EL MARCO DEL MES INTERNACIONAL DE LA LUCHA CONTRA EL C\u00c1NCER DE MAMA.<\/strong><!--more--><\/p>\n<p>Este s\u00e1bado 19 de octubre a partir de las 17, se desarrolla una jornada de concientizaci\u00f3n por la lucha y prevenci\u00f3n.<\/p>\n<p>El encuentro, que tiene luga en la Plaza San Mart\u00edn de Capilla del Se\u00f1or, va a contar con stands saludables, actividades recreativas, m\u00fasica y charlas informativas a cargo de profesionales.<\/p>\n<p>Adem\u00e1s, se ha de disfrutar de la Peatonal de las Artes, atrayente evento que re\u00fane con sus trabajos, a artesanos y artistas locales. En tanto, el gran cierre a todo ritmo, ha de estar a cargo del hist\u00f3rico grupo \u201cCosas Raras\u201d.<\/p>\n<p><em>\u201cNos encontramos para concientizar y promover que cada vez m\u00e1s mujeres accedan a controles, diagn\u00f3sticos y tratamientos oportunos y efectivos\u201d<\/em>, destacaron los organizadores, quienes invitaron a asistir con una prenda o accesorio color rosa.<\/p>\n","protected":false},"excerpt":{"rendered":"<p>EN EL MARCO DEL MES INTERNACIONAL DE LA LUCHA CONTRA EL C\u00c1NCER DE MAMA.<\/p>\n","protected":false},"author":3,"featured_media":26952,"comment_status":"open","ping_status":"open","sticky":false,"template":"","format":"standard","meta":{"footnotes":"","jetpack_publicize_message":"","jetpack_publicize_feature_enabled":true,"jetpack_social_post_already_shared":true,"jetpack_social_options":{"image_generator_settings":{"template":"highway","default_image_id":0,"font":"","enabled":false},"version":2}},"categories":[6],"tags":[2914,995,1553],"class_list":["post-26950","post","type-post","status-publish","format-standard","has-post-thumbnail","hentry","category-barrios","tag-cancer-mama","tag-jornada","tag-peatonal-de-las-artes"],"jetpack_publicize_connections":[],"jetpack_featured_media_url":"https:\/\/revistaepocadigital.com.ar\/wp-content\/uploads\/2024\/10\/can-mam.jpg","jetpack_likes_enabled":true,"_links":{"self":[{"href":"https:\/\/revistaepocadigital.com.ar\/index.php?rest_route=\/wp\/v2\/posts\/26950","targetHints":{"allow":["GET"]}}],"collection":[{"href":"https:\/\/revistaepocadigital.com.ar\/index.php?rest_route=\/wp\/v2\/posts"}],"about":[{"href":"https:\/\/revistaepocadigital.com.ar\/index.php?rest_route=\/wp\/v2\/types\/post"}],"author":[{"embeddable":true,"href":"https:\/\/revistaepocadigital.com.ar\/index.php?rest_route=\/wp\/v2\/users\/3"}],"replies":[{"embeddable":true,"href":"https:\/\/revistaepocadigital.com.ar\/index.php?rest_route=%2Fwp%2Fv2%2Fcomments&post=26950"}],"version-history":[{"count":0,"href":"https:\/\/revistaepocadigital.com.ar\/index.php?rest_route=\/wp\/v2\/posts\/26950\/revisions"}],"wp:featuredmedia":[{"embeddable":true,"href":"https:\/\/revistaepocadigital.com.ar\/index.php?rest_route=\/wp\/v2\/media\/26952"}],"wp:attachment":[{"href":"https:\/\/revistaepocadigital.com.ar\/index.php?rest_route=%2Fwp%2Fv2%2Fmedia&parent=26950"}],"wp:term":[{"taxonomy":"category","embeddable":true,"href":"https:\/\/revistaepocadigital.com.ar\/index.php?rest_route=%2Fwp%2Fv2%2Fcategories&post=26950"},{"taxonomy":"post_tag","embeddable":true,"href":"https:\/\/revistaepocadigital.com.ar\/index.php?rest_route=%2Fwp%2Fv2%2Ftags&post=26950"}],"curies":[{"name":"wp","href":"https:\/\/api.w.org\/{rel}","templated":true}]}}