{"id":26965,"date":"2024-10-14T22:51:37","date_gmt":"2024-10-15T01:51:37","guid":{"rendered":"https:\/\/revistaepocadigital.com.ar\/?p=26965"},"modified":"2024-10-14T22:52:11","modified_gmt":"2024-10-15T01:52:11","slug":"vacunacion-antirrabica-en-los-barrios","status":"publish","type":"post","link":"https:\/\/revistaepocadigital.com.ar\/?p=26965","title":{"rendered":"VACUNACI\u00d3N ANTIRR\u00c1BICA EN LOS BARRIOS. ESTTA"},"content":{"rendered":"<div class=\"xdj266r x11i5rnm xat24cr x1mh8g0r x1vvkbs x126k92a\">\n<div dir=\"auto\"><strong>LA CAMPA\u00d1A.<\/strong><\/div>\n<\/div>\n<p><!--more--><\/p>\n<div class=\"x11i5rnm xat24cr x1mh8g0r x1vvkbs xtlvy1s x126k92a\">\n<div dir=\"auto\">Contin\u00faa la campa\u00f1a de vacunaci\u00f3n antirr\u00e1bica, canina y felina por los barrios del distrito, esta semana en Parada Robles.<\/div>\n<\/div>\n<div class=\"x11i5rnm xat24cr x1mh8g0r x1vvkbs xtlvy1s x126k92a\">\n<div dir=\"auto\"><span class=\"html-span xexx8yu x4uap5 x18d9i69 xkhd6sd x1hl2dhg x16tdsg8 x1vvkbs x3nfvp2 x1j61x8r x1fcty0u xdj266r xat24cr xgzva0m xhhsvwb xxymvpz xlup9mm x1kky2od\"><img loading=\"lazy\" decoding=\"async\" class=\"xz74otr\" src=\"https:\/\/static.xx.fbcdn.net\/images\/emoji.php\/v9\/t5c\/1\/16\/1f5d3.png\" alt=\"\ud83d\uddd3\ufe0f\" width=\"16\" height=\"16\" \/><\/span> Agend\u00e1 la fecha m\u00e1s cercana a tu domicilio<\/div>\n<\/div>\n<div class=\"x11i5rnm xat24cr x1mh8g0r x1vvkbs xtlvy1s x126k92a\">\n<div dir=\"auto\">Record\u00e1 que la vacunaci\u00f3n es gratuita y obligatoria.<\/div>\n<div dir=\"auto\"><img loading=\"lazy\" decoding=\"async\" class=\"aligncenter size-full wp-image-26966\" src=\"https:\/\/revistaepocadigital.com.ar\/wp-content\/uploads\/2024\/10\/vacun.jpg\" alt=\"\" width=\"600\" height=\"600\" srcset=\"https:\/\/revistaepocadigital.com.ar\/wp-content\/uploads\/2024\/10\/vacun.jpg 600w, https:\/\/revistaepocadigital.com.ar\/wp-content\/uploads\/2024\/10\/vacun-300x300.jpg 300w, https:\/\/revistaepocadigital.com.ar\/wp-content\/uploads\/2024\/10\/vacun-150x150.jpg 150w, https:\/\/revistaepocadigital.com.ar\/wp-content\/uploads\/2024\/10\/vacun-420x420.jpg 420w\" sizes=\"auto, (max-width: 600px) 100vw, 600px\" \/><\/div>\n<div dir=\"auto\"><\/div>\n<\/div>\n","protected":false},"excerpt":{"rendered":"<p>LA CAMPA\u00d1A.<\/p>\n","protected":false},"author":3,"featured_media":26966,"comment_status":"open","ping_status":"open","sticky":false,"template":"","format":"standard","meta":{"footnotes":"","jetpack_publicize_message":"","jetpack_publicize_feature_enabled":true,"jetpack_social_post_already_shared":true,"jetpack_social_options":{"image_generator_settings":{"template":"highway","default_image_id":0,"font":"","enabled":false},"version":2}},"categories":[5],"tags":[2426],"class_list":["post-26965","post","type-post","status-publish","format-standard","has-post-thumbnail","hentry","category-aqui-parada-robles","tag-vacunacion-antirrabica"],"jetpack_publicize_connections":[],"jetpack_featured_media_url":"https:\/\/revistaepocadigital.com.ar\/wp-content\/uploads\/2024\/10\/vacun.jpg","jetpack_likes_enabled":true,"_links":{"self":[{"href":"https:\/\/revistaepocadigital.com.ar\/index.php?rest_route=\/wp\/v2\/posts\/26965","targetHints":{"allow":["GET"]}}],"collection":[{"href":"https:\/\/revistaepocadigital.com.ar\/index.php?rest_route=\/wp\/v2\/posts"}],"about":[{"href":"https:\/\/revistaepocadigital.com.ar\/index.php?rest_route=\/wp\/v2\/types\/post"}],"author":[{"embeddable":true,"href":"https:\/\/revistaepocadigital.com.ar\/index.php?rest_route=\/wp\/v2\/users\/3"}],"replies":[{"embeddable":true,"href":"https:\/\/revistaepocadigital.com.ar\/index.php?rest_route=%2Fwp%2Fv2%2Fcomments&post=26965"}],"version-history":[{"count":0,"href":"https:\/\/revistaepocadigital.com.ar\/index.php?rest_route=\/wp\/v2\/posts\/26965\/revisions"}],"wp:featuredmedia":[{"embeddable":true,"href":"https:\/\/revistaepocadigital.com.ar\/index.php?rest_route=\/wp\/v2\/media\/26966"}],"wp:attachment":[{"href":"https:\/\/revistaepocadigital.com.ar\/index.php?rest_route=%2Fwp%2Fv2%2Fmedia&parent=26965"}],"wp:term":[{"taxonomy":"category","embeddable":true,"href":"https:\/\/revistaepocadigital.com.ar\/index.php?rest_route=%2Fwp%2Fv2%2Fcategories&post=26965"},{"taxonomy":"post_tag","embeddable":true,"href":"https:\/\/revistaepocadigital.com.ar\/index.php?rest_route=%2Fwp%2Fv2%2Ftags&post=26965"}],"curies":[{"name":"wp","href":"https:\/\/api.w.org\/{rel}","templated":true}]}}