{"id":26971,"date":"2024-10-15T02:23:05","date_gmt":"2024-10-15T05:23:05","guid":{"rendered":"https:\/\/revistaepocadigital.com.ar\/?p=26971"},"modified":"2024-10-15T02:23:05","modified_gmt":"2024-10-15T05:23:05","slug":"el-pais-los-salarios-reales-parecen-estar-estancados","status":"publish","type":"post","link":"https:\/\/revistaepocadigital.com.ar\/?p=26971","title":{"rendered":"EL PA\u00cdS. LOS SALARIOS REALES PARECEN ESTAR ESTANCADOS"},"content":{"rendered":"<header class=\"news-headline\">\n<p class=\"ignore-parser\"><strong>LA CRISIS, LA ACTIVIDAD ECON\u00d3MICA.<\/strong><\/p>\n<\/header>\n<p><!--more--><\/p>\n<div class=\"detail-highlighted-multimedia content-protected-false\">\n<figure class=\"detail-highlighted-multimedia__figure\"><figcaption class=\"detail-highlighted-multimedia__figcaption\">\n<div class=\"detail-highlighted-multimedia__caption\">\n<p><strong><span style=\"color: #000000;\">El <\/span><a href=\"https:\/\/www.ambito.com\/economia\/los-salarios-le-ganaron-la-inflacion-julio-cuarto-mes-al-hilo-cual-fue-el-sector-que-lidero-la-mejora-n6064647\" target=\"_blank\" rel=\"follow noopener\"><span style=\"color: #000000;\">salario real de los trabajadores registrados<\/span><\/a>\u00a0fren\u00f3 su recuperaci\u00f3n en agosto<\/strong>, luego de varios meses con aumentos por encima de la inflaci\u00f3n. Sucedi\u00f3 mientras la actividad econ\u00f3mica no pudo sostener el ritmo de mejora que hab\u00eda exhibido en julio.<\/p>\n<\/div>\n<\/figcaption><\/figure>\n<\/div>\n<article class=\"article-body article-body--second-paragraph content-protected-false\">Seg\u00fan los datos de la Remuneraci\u00f3n Imponible de los Trabajadores Estables (<strong>RIPTE)<\/strong>, publicados por la Secretar\u00eda de Trabajo este jueves, el salario nominal subi\u00f3 un<strong>\u00a03,8%<\/strong>\u00a0respecto de julio. Por ende, en t\u00e9rminos reales sufri\u00f3 una contracci\u00f3n dado que la inflaci\u00f3n en dicho mes fue del\u00a0<strong>4%<\/strong>.<\/article>\n<section class=\"related-news\"><span class=\"related-news__title\">Informate m\u00e1s<\/span><\/p>\n<div class=\"row row--eq-height\">\n<div class=\"col-12 col-md-6\">\n<article class=\"news-article news-article--landscape-news news-article--landscape-news\">\n<div class=\"news-article__info-wrapper\">\n<h4 class=\"news-article__title\"><a title=\"\u00e1mbito.com | El mercado laboral se mantendr\u00eda estable, con un leve aumento del salario real\" href=\"https:\/\/www.ambito.com\/uruguay\/el-mercado-laboral-se-mantendria-estable-un-leve-aumento-del-salario-real-n6066865\" target=\"\" rel=\"deferer follow noopener\">El mercado laboral se mantendr\u00eda estable, con un leve aumento del salario real<\/a><\/h4>\n<\/div>\n<\/article>\n<\/div>\n<div class=\"col-12 col-md-6\">\n<article class=\"news-article news-article--landscape-news news-article--landscape-news\">\n<div class=\"news-article__info-wrapper\">\n<h2 class=\"news-article__title\"><span style=\"color: #222222; font-family: Verdana, Geneva, sans-serif; font-size: 15px;\">El indicador ven\u00eda de encadenar cinco incrementos consecutivos de manera contundente, los cuales fueron celebrados por el presidente Javier Milei y funcionarios de su Gobierno de manera p\u00fablica. Sin embargo, vale remarcar que la mayor\u00eda de los economistas sostiene que<\/span><strong style=\"color: #222222; font-family: Verdana, Geneva, sans-serif; font-size: 15px;\">\u00a0dicho referencial no es el mejor para evaluar la verdadera din\u00e1mica de los salarios<\/strong><span style=\"color: #222222; font-family: Verdana, Geneva, sans-serif; font-size: 15px;\">, debido a su construcci\u00f3n metodol\u00f3gica.<\/span><\/h2>\n<\/div>\n<\/article>\n<\/div>\n<\/div>\n<\/section>\n<article class=\"article-body article-body--fourth-paragraph content-protected-false\">\n<div id=\"7991936-Libre-1555843951_wrap\" class=\"embed_cont type_imagen\" contenteditable=\"false\">\n<div id=\"7991936-Libre-1555843951_content\" class=\"embed_content\"><img decoding=\"async\" id=\"7991936-Libre-1555843951_embed\" title=\"Fuente: Salvador Vitelli.\" src=\"https:\/\/media.ambito.com\/p\/02f9c8a118d83a8ac6f87bc17eedc452\/adjuntos\/239\/imagenes\/041\/879\/0041879327\/730x0\/smart\/fuente-salvador-vitelli.jpg\" alt=\"Fuente: Salvador Vitelli.\" width=\"730\" height=\"undefined\" data-td-src-property=\"https:\/\/media.ambito.com\/p\/02f9c8a118d83a8ac6f87bc17eedc452\/adjuntos\/239\/imagenes\/041\/879\/0041879327\/730x0\/smart\/fuente-salvador-vitelli.jpg\" \/><\/div>\n<div id=\"7991936-Libre-1555843951_epigrafe\" class=\"embed_epigrafe\">\n<p>Fuente: Salvador Vitelli.<\/p>\n<\/div>\n<\/div>\n<p>Aun as\u00ed, otros indicadores privados tambi\u00e9n exhibieron un deterioro en la din\u00e1mica de los salarios reales, en el marco de una econom\u00eda que no da se\u00f1ales s\u00f3lidas sobre una salida de la recesi\u00f3n.\u00a0<strong>En agosto se observaron ca\u00eddas en t\u00e9rminos mensuales en despachos de cemento (-9,6%) y cantidades importadas de bienes de capital (-18,7%), mientras que la utilizaci\u00f3n de capacidad instalada de la industria metal\u00fargica se mantuvo en minimos hist\u00f3ricos<\/strong>, para poner algunos ejemplos que reflejan la frialdad de la actividad.<\/p>\n<\/article>\n<article class=\"article-body article-body--remaining-paragraph content-protected-false\">\n<h2>\u00bfCu\u00e1les son los problemas metodol\u00f3gicos del RIPTE?<\/h2>\n<p>El\u00a0<strong>RIPTE no se construye a partir de datos salariales sino de la base imponible para los aportes de la seguridad social,<\/strong>\u00a0que hoy tienen un tope que se actualiza cada tres meses. Por ende, en los \u00faltimos meses ocurri\u00f3 que este tope subi\u00f3 muy por encima de los sueldos efectivos, lo cual traccion\u00f3 el indicador al alza, y viceversa.<\/p>\n<p>Incluso desde la p\u00e1gina web de la propia\u00a0<strong>Secretar\u00eda de Trabajo\u00a0<\/strong>explican que el RIPTE &#8220;no necesariamente refleja el comportamiento de los salarios correspondientes al empleo asalariado registrado&#8221;. Esto se da, adem\u00e1s del mencionado factor del tope, porque tambi\u00e9n<strong>\u00a0cuantifica solo los componentes remunerativos\u00a0<\/strong>del salario, en un contexto en el cual los componentes no remunetarivos fueron ganando importancia en los acuerdos entre c\u00e1maras empresariales y sindicatos dada la actual din\u00e1mica inflacionaria.<\/p>\n<h2>Las consultoras tambi\u00e9n estimaron un retroceso salarial en agosto<\/h2>\n<p>La consultora\u00a0<strong>C-P<\/strong>, de los economistas\u00a0<strong>Federico Pastrana y Pablo Moldovan<\/strong>, hab\u00eda advertido que probablemente se iba a ver un deterioro en la recuperaci\u00f3n salarial tanto de agosto como septiembre, ya que\u00a0<strong>&#8220;las paritarias desde julio est\u00e1n estancadas&#8221; como &#8220;resultado de negociaciones a la baja con una inflaci\u00f3n que se queda en 4%&#8221;.<\/strong><\/p>\n<p>Seg\u00fan el indicador de C-P, elaborado en base al promedio de los salarios de los convenios colectivos de trabajo, los ingresos de los trabajadores formales\u00a0<strong>se contrajeron 0,1% en el octavo mes de 2024<\/strong>.<\/p>\n<div id=\"7991935-Libre-606513757_wrap\" class=\"embed_cont type_imagen\" contenteditable=\"false\">\n<div id=\"7991935-Libre-606513757_content\" class=\"embed_content\"><img decoding=\"async\" id=\"7991935-Libre-606513757_embed\" title=\"Fuente: Consultora C-P.\" src=\"https:\/\/media.ambito.com\/p\/f8c5848b13939e05faf06b27780b8da0\/adjuntos\/239\/imagenes\/041\/879\/0041879326\/730x0\/smart\/fuente-consultora-c-p.jpg\" alt=\"Fuente: Consultora C-P.\" width=\"730\" height=\"undefined\" data-td-src-property=\"https:\/\/media.ambito.com\/p\/f8c5848b13939e05faf06b27780b8da0\/adjuntos\/239\/imagenes\/041\/879\/0041879326\/730x0\/smart\/fuente-consultora-c-p.jpg\" \/><\/div>\n<div id=\"7991935-Libre-606513757_epigrafe\" class=\"embed_epigrafe\">\n<p>Fuente: Consultora C-P.<\/p>\n<\/div>\n<\/div>\n<h5><strong>Con m\u00e1s rezago, el SIPA ratific\u00f3 la mejora del salario real en julio<\/strong><\/h5>\n<p>&nbsp;<\/p>\n<p>Por su parte, Trabajo tambi\u00e9n public\u00f3 los datos del\u00a0<strong>Sistema Integrado Previsional Argentino (SIPA)<\/strong>, que s\u00ed reportan datos concretos de salarios correspondientes a los trabajadores asalariados registrados en el pa\u00eds. En julio, el incremento real fue del 3,3%<\/p>\n<p>De este modo,\u00a0<strong>desde abril los ingresos de los empleados con mejores condiciones laborales en t\u00e9rminos relativos ganaron un 13,5%, y lograron recuperar todo lo que hab\u00edan perdido durante los primeros meses del Gobierno de Milei.<\/strong><\/p>\n<p>&#8220;<strong>Es un salario similar al del promedio 2019-2023, pero un 50% m\u00e1s elevado en d\u00f3lares. Yo veo un problema ah\u00ed&#8221;, se\u00f1al\u00f3 Luis Campos<\/strong>, investigador del Instituto de Estudios y Formaci\u00f3n de la CTA, en una clara referencia a la apreciaci\u00f3n del tipo de cambio.<\/p>\n<p>Mientras tanto, el\u00a0<strong>\u00cdndice de Salarios del INDEC<\/strong>\u00a0no coincidi\u00f3 plenamente con los datos del SIPA, ya que el segmento de salarios privados creci\u00f3 en julio en t\u00e9rminos reales pero a\u00fan\u00a0<strong>se mantuvo 2,6% por debajo<\/strong><\/p>\n<\/article>\n<p>nota publicada en \u00c1mbito Financiero.<\/p>\n","protected":false},"excerpt":{"rendered":"<p>LA CRISIS, LA ACTIVIDAD ECON\u00d3MICA.<\/p>\n","protected":false},"author":3,"featured_media":26973,"comment_status":"open","ping_status":"open","sticky":false,"template":"","format":"standard","meta":{"footnotes":"","jetpack_publicize_message":"","jetpack_publicize_feature_enabled":true,"jetpack_social_post_already_shared":true,"jetpack_social_options":{"image_generator_settings":{"template":"highway","default_image_id":0,"font":"","enabled":false},"version":2}},"categories":[17],"tags":[2597,1193],"class_list":["post-26971","post","type-post","status-publish","format-standard","has-post-thumbnail","hentry","category-politica","tag-2597","tag-salarios"],"jetpack_publicize_connections":[],"jetpack_featured_media_url":"https:\/\/revistaepocadigital.com.ar\/wp-content\/uploads\/2024\/10\/salarios-pesos-paritarias-ingresos.webp","jetpack_likes_enabled":true,"_links":{"self":[{"href":"https:\/\/revistaepocadigital.com.ar\/index.php?rest_route=\/wp\/v2\/posts\/26971","targetHints":{"allow":["GET"]}}],"collection":[{"href":"https:\/\/revistaepocadigital.com.ar\/index.php?rest_route=\/wp\/v2\/posts"}],"about":[{"href":"https:\/\/revistaepocadigital.com.ar\/index.php?rest_route=\/wp\/v2\/types\/post"}],"author":[{"embeddable":true,"href":"https:\/\/revistaepocadigital.com.ar\/index.php?rest_route=\/wp\/v2\/users\/3"}],"replies":[{"embeddable":true,"href":"https:\/\/revistaepocadigital.com.ar\/index.php?rest_route=%2Fwp%2Fv2%2Fcomments&post=26971"}],"version-history":[{"count":0,"href":"https:\/\/revistaepocadigital.com.ar\/index.php?rest_route=\/wp\/v2\/posts\/26971\/revisions"}],"wp:featuredmedia":[{"embeddable":true,"href":"https:\/\/revistaepocadigital.com.ar\/index.php?rest_route=\/wp\/v2\/media\/26973"}],"wp:attachment":[{"href":"https:\/\/revistaepocadigital.com.ar\/index.php?rest_route=%2Fwp%2Fv2%2Fmedia&parent=26971"}],"wp:term":[{"taxonomy":"category","embeddable":true,"href":"https:\/\/revistaepocadigital.com.ar\/index.php?rest_route=%2Fwp%2Fv2%2Fcategories&post=26971"},{"taxonomy":"post_tag","embeddable":true,"href":"https:\/\/revistaepocadigital.com.ar\/index.php?rest_route=%2Fwp%2Fv2%2Ftags&post=26971"}],"curies":[{"name":"wp","href":"https:\/\/api.w.org\/{rel}","templated":true}]}}