{"id":26975,"date":"2024-10-15T02:42:25","date_gmt":"2024-10-15T05:42:25","guid":{"rendered":"https:\/\/revistaepocadigital.com.ar\/?p=26975"},"modified":"2024-10-15T02:42:25","modified_gmt":"2024-10-15T05:42:25","slug":"gran-exito-de-la-liga-de-la-energia","status":"publish","type":"post","link":"https:\/\/revistaepocadigital.com.ar\/?p=26975","title":{"rendered":"GRAN \u00c9XITO DE \u201cLA LIGA DE LA ENERG\u00cdA"},"content":{"rendered":"<div><b><span class=\"yiv1431640405font-line-height-large\">EL PROGRAMA DE EDEN PARA LOS M\u00c1S CHICOS.<\/span><\/b><\/div>\n<p><!--more--><\/p>\n<p>&nbsp;<\/p>\n<table border=\"0\" width=\"100%\" cellspacing=\"0\" cellpadding=\"0\">\n<tbody>\n<tr>\n<td>\n<table class=\"yiv1431640405wrapper--outer\" align=\"center\" bgcolor=\"#FFFFFF\">\n<tbody>\n<tr>\n<td class=\"yiv1431640405column--1\">\n<table width=\"100%\">\n<tbody>\n<tr>\n<td class=\"yiv1431640405wrapper--column\">\n<table class=\"yiv1431640405wrapper--content\">\n<tbody>\n<tr>\n<td class=\"yiv1431640405wrapper--inner\" align=\"left\">\n<div><span class=\"yiv1431640405font-line-height-xl\">En el marco de las acciones que\u00a0<b>EDEN\u00a0<\/b>realiza con la comunidad, se encuentra el programa \u201c<b>La Liga de la Energ\u00eda\u201d<\/b>, una iniciativa que ense\u00f1a a estudiantes de 4to, 5to y 6to a\u00f1o de las escuelas primarias el circuito de la electricidad y la importancia de la seguridad y el consumo responsable.<\/span><\/div>\n<div><\/div>\n<div><span class=\"yiv1431640405font-line-height-xl\">En la oportunidad, la distribuidora que opera en el norte y centro de la Provincia de Buenos Aires realiz\u00f3 una serie de presentaciones de \u201cLa liga\u201d durante el mes de septiembre en toda el \u00e1rea de operaci\u00f3n, que contaron con la participaci\u00f3n de m\u00e1s de <b>3000 alumnos de 30 escuelas primarias.<\/b><\/span><\/div>\n<div><img loading=\"lazy\" decoding=\"async\" class=\"aligncenter size-large wp-image-26982\" src=\"https:\/\/revistaepocadigital.com.ar\/wp-content\/uploads\/2024\/10\/li2-1-1200x800.jpg\" alt=\"\" width=\"696\" height=\"464\" srcset=\"https:\/\/revistaepocadigital.com.ar\/wp-content\/uploads\/2024\/10\/li2-1-1200x800.jpg 1200w, https:\/\/revistaepocadigital.com.ar\/wp-content\/uploads\/2024\/10\/li2-1-300x200.jpg 300w, https:\/\/revistaepocadigital.com.ar\/wp-content\/uploads\/2024\/10\/li2-1-768x512.jpg 768w, https:\/\/revistaepocadigital.com.ar\/wp-content\/uploads\/2024\/10\/li2-1-1536x1024.jpg 1536w, https:\/\/revistaepocadigital.com.ar\/wp-content\/uploads\/2024\/10\/li2-1-696x464.jpg 696w, https:\/\/revistaepocadigital.com.ar\/wp-content\/uploads\/2024\/10\/li2-1-1068x712.jpg 1068w, https:\/\/revistaepocadigital.com.ar\/wp-content\/uploads\/2024\/10\/li2-1-630x420.jpg 630w, https:\/\/revistaepocadigital.com.ar\/wp-content\/uploads\/2024\/10\/li2-1-1260x840.jpg 1260w, https:\/\/revistaepocadigital.com.ar\/wp-content\/uploads\/2024\/10\/li2-1-1920x1280.jpg 1920w, https:\/\/revistaepocadigital.com.ar\/wp-content\/uploads\/2024\/10\/li2-1.jpg 2048w\" sizes=\"auto, (max-width: 696px) 100vw, 696px\" \/><\/div>\n<div><\/div>\n<div><span class=\"yiv1431640405font-line-height-xl\">Dichas presentaciones se realizaron en el Instituto Nuestra Se\u00f1ora de la Misericordia y la Escuela Primaria Club Belgrano de\u00a0<b>San Nicol\u00e1s<\/b>; en el auditorio de la UNNOBA de\u00a0<b>Jun\u00edn<\/b>\u00a0en cinco ocasiones; en el Centro Cultural Arturo Jaureche de\u00a0<b>Vedia<\/b>; en el Gimnasio Municipal de\u00a0<b>Alem<\/b>\u00a0y en la Escuela Primaria Nro 68 de\u00a0<b>Chivilcoy<\/b>\u00a0por partida doble. A su vez, la empresa estuvo presente en la ludoteca \u201cLas Casitas del Saber\u201d de\u00a0<b>Jun\u00edn<\/b>, y en la Feria de Ciencias de la Escuela N\u00b045 de<b>\u00a0General Villegas<\/b>, en la que participaron instituciones de todo el distrito.<\/span><\/div>\n<div><\/div>\n<div><\/div>\n<div><img loading=\"lazy\" decoding=\"async\" class=\"aligncenter size-large wp-image-26980\" src=\"https:\/\/revistaepocadigital.com.ar\/wp-content\/uploads\/2024\/10\/li-1200x800.jpg\" alt=\"\" width=\"696\" height=\"464\" srcset=\"https:\/\/revistaepocadigital.com.ar\/wp-content\/uploads\/2024\/10\/li-1200x800.jpg 1200w, https:\/\/revistaepocadigital.com.ar\/wp-content\/uploads\/2024\/10\/li-300x200.jpg 300w, https:\/\/revistaepocadigital.com.ar\/wp-content\/uploads\/2024\/10\/li-768x512.jpg 768w, https:\/\/revistaepocadigital.com.ar\/wp-content\/uploads\/2024\/10\/li-1536x1024.jpg 1536w, https:\/\/revistaepocadigital.com.ar\/wp-content\/uploads\/2024\/10\/li-696x464.jpg 696w, https:\/\/revistaepocadigital.com.ar\/wp-content\/uploads\/2024\/10\/li-1068x712.jpg 1068w, https:\/\/revistaepocadigital.com.ar\/wp-content\/uploads\/2024\/10\/li-630x420.jpg 630w, https:\/\/revistaepocadigital.com.ar\/wp-content\/uploads\/2024\/10\/li-1260x840.jpg 1260w, https:\/\/revistaepocadigital.com.ar\/wp-content\/uploads\/2024\/10\/li-1920x1280.jpg 1920w, https:\/\/revistaepocadigital.com.ar\/wp-content\/uploads\/2024\/10\/li.jpg 2048w\" sizes=\"auto, (max-width: 696px) 100vw, 696px\" \/><\/div>\n<div><span class=\"yiv1431640405font-line-height-xl\">Durante los encuentros, los animadores del evento explicaron de manera l\u00fadica y divertida el recorrido de la energ\u00eda el\u00e9ctrica desde su generaci\u00f3n hasta su transporte y distribuci\u00f3n en los hogares, adem\u00e1s de\u00a0<b>concientizar acerca de la importancia de tomar recaudos de seguridad y generar h\u00e1bitos de consumo responsable.<\/b><\/span><\/div>\n<div><\/div>\n<div><span class=\"yiv1431640405font-line-height-xl\">Desde el 2022, a\u00f1o que la empresa inici\u00f3 el programa, m\u00e1s de\u00a0<b>10.000 estudiantes<\/b>\u00a0disfrutaron y aprendieron de la mano de Tito, Electr\u00f3n y Amper, los dibujos animados de la saga.<\/span><\/div>\n<div><\/div>\n<div><\/div>\n<div><\/div>\n<\/td>\n<\/tr>\n<\/tbody>\n<\/table>\n<\/td>\n<\/tr>\n<\/tbody>\n<\/table>\n<\/td>\n<\/tr>\n<\/tbody>\n<\/table>\n<\/td>\n<\/tr>\n<\/tbody>\n<\/table>\n","protected":false},"excerpt":{"rendered":"<p>EL PROGRAMA DE EDEN PARA LOS M\u00c1S CHICOS.<\/p>\n","protected":false},"author":3,"featured_media":26979,"comment_status":"open","ping_status":"open","sticky":false,"template":"","format":"standard","meta":{"footnotes":"","jetpack_publicize_message":"","jetpack_publicize_feature_enabled":true,"jetpack_social_post_already_shared":true,"jetpack_social_options":{"image_generator_settings":{"template":"highway","default_image_id":0,"font":"","enabled":false},"version":2}},"categories":[11],"tags":[39,2915],"class_list":["post-26975","post","type-post","status-publish","format-standard","has-post-thumbnail","hentry","category-entidades","tag-eden","tag-liga-de-la-energia"],"jetpack_publicize_connections":[],"jetpack_featured_media_url":"https:\/\/revistaepocadigital.com.ar\/wp-content\/uploads\/2024\/10\/liga-1.jpg","jetpack_likes_enabled":true,"_links":{"self":[{"href":"https:\/\/revistaepocadigital.com.ar\/index.php?rest_route=\/wp\/v2\/posts\/26975","targetHints":{"allow":["GET"]}}],"collection":[{"href":"https:\/\/revistaepocadigital.com.ar\/index.php?rest_route=\/wp\/v2\/posts"}],"about":[{"href":"https:\/\/revistaepocadigital.com.ar\/index.php?rest_route=\/wp\/v2\/types\/post"}],"author":[{"embeddable":true,"href":"https:\/\/revistaepocadigital.com.ar\/index.php?rest_route=\/wp\/v2\/users\/3"}],"replies":[{"embeddable":true,"href":"https:\/\/revistaepocadigital.com.ar\/index.php?rest_route=%2Fwp%2Fv2%2Fcomments&post=26975"}],"version-history":[{"count":0,"href":"https:\/\/revistaepocadigital.com.ar\/index.php?rest_route=\/wp\/v2\/posts\/26975\/revisions"}],"wp:featuredmedia":[{"embeddable":true,"href":"https:\/\/revistaepocadigital.com.ar\/index.php?rest_route=\/wp\/v2\/media\/26979"}],"wp:attachment":[{"href":"https:\/\/revistaepocadigital.com.ar\/index.php?rest_route=%2Fwp%2Fv2%2Fmedia&parent=26975"}],"wp:term":[{"taxonomy":"category","embeddable":true,"href":"https:\/\/revistaepocadigital.com.ar\/index.php?rest_route=%2Fwp%2Fv2%2Fcategories&post=26975"},{"taxonomy":"post_tag","embeddable":true,"href":"https:\/\/revistaepocadigital.com.ar\/index.php?rest_route=%2Fwp%2Fv2%2Ftags&post=26975"}],"curies":[{"name":"wp","href":"https:\/\/api.w.org\/{rel}","templated":true}]}}