{"id":26984,"date":"2024-10-16T03:00:58","date_gmt":"2024-10-16T06:00:58","guid":{"rendered":"https:\/\/revistaepocadigital.com.ar\/?p=26984"},"modified":"2024-10-16T03:04:05","modified_gmt":"2024-10-16T06:04:05","slug":"el-intendente-nanni-ademas-de-gestionar-creo-un-nuevo-partido-vecinalista-que-encabezara","status":"publish","type":"post","link":"https:\/\/revistaepocadigital.com.ar\/?p=26984","title":{"rendered":"EL INTENDENTE  NANNI ADEM\u00c1S DE GESTIONAR, CRE\u00d3 UN NUEVO PARTIDO VECINALISTA QUE ENCABEZAR\u00c1"},"content":{"rendered":"<p><strong>AUNQUE FALTA UN A\u00d1O PARA LAS ELECCIONES LEGISLATIVAS, EL AMBIENTE POL\u00cdTICO EN EXALTACI\u00d3N DE LA CRUZ YA EST\u00c1 EN MOVIMIENTO&#8230;, Y SE NOTA.<\/strong><\/p>\n<p><!--more--><\/p>\n<p><strong>Entre continuar ejecutando su segundo mandato como jefe comunal en tiempos<\/strong><br \/>\n<strong>tan duros, y la mirada que acaso avisore el devenir de acontecimientos pol\u00edticos resonantes.<\/strong><\/p>\n<p>La ansiedad y el apuro por concretar el armado de listas e incluso alianzas, gana velocidad en el ambiente pol\u00edtico m\u00e1s all\u00e1, y no es un dato menor, que a\u00fan resta un a\u00f1o para las elecciones generales de medio t\u00e9rmino. En el Congreso de la Naci\u00f3n y en las y provincias han de renovarse diputados y senadores, as\u00ed como en partidos y distritos. En <strong>Exaltaci\u00f3n de la Cruz, no es la excepci\u00f3n y la rueda pol\u00edtica abarca tanto al oficialismo como a la oposici\u00f3n y al vecinalismo.<\/strong><\/p>\n<p>Y sobre el intendente <strong>Diego Nanni<\/strong>, enfrascado en la dura coyuntura que atraviesa el municipio como otros, as\u00ed como provincias y el gobierno nacional, tambi\u00e9n<strong> giran especulaciones pol\u00edticas. Nanni<\/strong> ha dicho en cuanto al inicio de contactos, conversaciones, negociaciones que tambi\u00e9n abarcan al <strong>Partido Justicialista,<\/strong> para cuya presidencia en el territorio nacional, se ha postulado Cristina Fernandez de Kirchner luego de muchos a\u00f1os de menoscabarlo y no considerar al partido.<\/p>\n<p>Sobre la interna en el PJ y abarcando la surgida en otras agrupaciones pol\u00edticas, Nanni ha sido claro. &#8220;<em>Estando al frente de la gesti\u00f3n local, sintiendo el embate de las definiciones abruptas de un <strong>gobierno nacional que no mide consecuencias, y que se desliga de sus responsabilidades de Estado con pol\u00edticas excluyentes,<\/strong> es inoportuno, inconveniente, hasta inc\u00f3modo plantear una interna en sectores pol\u00edticos que en realidad, considerando las circunstancias actuales, lo que deben hacer e incluso les exige la gente y con raz\u00f3n, es discutir soluciones en favor de los m\u00e1s castigados que son tantos&#8221;.<\/em><\/p>\n<p><em>&#8220;No s\u00e9 &#8211;<\/em>puntualiz\u00f3 Nanni<em>&#8211; si <strong>hay lugar para enfrentar posiciones de aquellos que tenemos la necesidad de fortalecernos en la lucha por ideales fundamentales,<\/strong><\/em> q<em>ue nos dan la impronta y que nos identifican claramente, diferenciandos de otros nucleamientos pol\u00edticos con otras prioridades que, precisamente, no pasan por las necesidades de la gente. En cambio, a nosotros, la sensibilidad, empat\u00eda y trabajo como consecuencia de lo mal que estamos, es lo que sin dudas nos define&#8221;.<\/em><\/p>\n<p>Sin correrse de su postura, el intendente dej\u00f3 una frase<strong> para analizar,<\/strong> acaso a modo de se\u00f1al pol\u00edtica a futuro, ante las elecciones de 2025, <strong><em>&#8220;tenemos que ser la opci\u00f3n para todos, no entre nosotros\u2026&#8221;.<\/em><\/strong><\/p>\n<p>Como ha marcado, sus prioridades pasan por concentrarse en su segunda gesti\u00f3n al frente del municipio, rodeada por dificultades y obst\u00e1culos. Sin embargo, se deber\u00eda descontar, enfrentando las prioridades que marcan su funci\u00f3n como intendente, ha sabido reunirse con referentes del hist\u00f3rico partido vecinalista local,<strong> Defensa Comunal,<\/strong> quienes lo invitaron para conversar sobre el presente y futuro pol\u00edtico exaltacruce\u00f1o. Defensa Comunal, que desde tiempos despu\u00e9s del retorno de la democracia al pa\u00eds, 1983, <strong>ha acompa\u00f1ado al oficialismo<\/strong> tanto en procesos electorales que se sucedieron, as\u00ed como con integrantes del partido, se sumaron a la funci\u00f3n p\u00fablica en nuestro distrito.<\/p>\n<p><strong>Pedro Nicol\u00e1s Sarri<\/strong>, cuyo padre fuera un activo integrante de Defensa Comnual en los a\u00f1os \u00b470 y 80, ha mostrado sus <strong>intenciones concretas de presidir el partido,<\/strong> acompa\u00f1ado por otros afiliados para comenzar un per\u00edodo con<strong> renovados aires<\/strong>. A tal efecto, publici\u00f3 una invitaci\u00f3n con ese cometido a trav\u00e9s de Whatsapp a afiliados y adherentes, decisi\u00f3n personal que gener\u00f3 <strong>dudas e inquietud en las filas del partido,<\/strong> dado, se escuch\u00f3 decir, consideraban que la convocatoria iba a surgir del mismo espacio pol\u00edtico.<\/p>\n<p><strong>Sarri hijo<\/strong> tambi\u00e9n dialog\u00f3 con <strong>Nanni<\/strong> sobre sus planes -trascendi\u00f3- para trasladarle sus ideas y porqu\u00e9 no, apuntando a que el intendente jugara un r<strong>ol de asesor o coordinador de la nueva etapa que pretenden iniciar en DC.<\/strong> Al parecer durante el corriente mes de octubre, deber\u00edan realizarse elecciones internas. Sin embargo, diferencias surgidas aparentemente, derivaron en la postergaci\u00f3n para posiblemente, el mes de diciembre. A todo esto<strong> Nanni<\/strong>, seg\u00fan le contaron a EPOCA, <strong>no est\u00e1 dispuesto a involucrarse en la interna de DC,<\/strong> <em>&#8220;ya bastante tiene con llevar adelante el barco de la municipalidad en las actuales circunstancias, adem\u00e1s de atender la interna en el justicialismo local, como para sumar otra cuesti\u00f3n que no aparece tan sencilla<\/em>&#8220;, desliz\u00f3 un colaborador.<\/p>\n<p>Otra versi\u00f3n recogida por EPOCA, acerca de una eventual ligaz\u00f3n pol\u00edtica de DC con Nanni, indic\u00f3 que se pretend\u00eda formar una lista de unidad, gesti\u00f3n en la que habr\u00eda trabajado <strong>Angel S\u00e1nchez,<\/strong> hombre tambi\u00e9n de DC desde hace mucho a\u00f1os. \u00bfPodr\u00eda Nanni <strong>respaldarse de cara a las elecciones de medio t\u00e9rmino<\/strong> de 2025 en Defensa Comunal, sin alejarse del justicialismo pero s\u00ed, dando mayor participaci\u00f3n a los vecinalistas?. Entre otros rumores, tambi\u00e9n se ha hablado de la actual funcionaria municipal<strong> Mar\u00eda Luz Bozzani<\/strong>, del ri\u00f1\u00f3n pol\u00edtico del intendente, quien podr\u00eda ser la nueva presidente de DC&#8230;<\/p>\n<h4 style=\"text-align: center;\"><strong>Exaltaci\u00f3n Presente y Futuro<\/strong><\/h4>\n<p>A esa eventualidad, hay que sumar una <strong>alternativa que de concretarse, causar\u00eda impacto en el ambiente pol\u00edtico exaltacrucense<\/strong>. Se trata del paso formal ejecutado por <strong>Nanni<\/strong> al haber inscripto en forma oficial al nuevo partido pol\u00edtico vecinal. Su denominaci\u00f3n: <strong>Exaltaci\u00f3n Presente y Futuro<\/strong>, que ya apareci\u00f3 publicado en el Bolet\u00edn Oficial, y cuyo per\u00edodo de<strong> afiliaciones comenzar\u00eda dentro de poco.<\/strong> &#8220;<em><strong>El \u00fanico motivo, aseguro, por el cual he decidido crear un espacio de debate pol\u00edtico vecinalista, se debe a que no pertenezco <\/strong><\/em>(remarc\u00f3<em>)<strong> a ninguna agrupaci\u00f3n pol\u00edtica, por lo que en caso de participar en conversaciones y negociaciones pol\u00edticas el d\u00eda de ma\u00f1ana cuando haya dejado el cargo de intendente, podr\u00e9 hacerlo como referente del espacio pol\u00edtico que he creado&#8221;<\/strong><\/em>, revel\u00f3 <strong>Nanni<\/strong> a EPOCA acerca del objetivo concretado que, es muy factible ha de generar repercusiones e incluso opiniones encontradas.<\/p>\n<p>Ell jefe comunal tambi\u00e9n dej\u00f3 otra frase <strong>para prestar mucha atenci\u00f3n,<\/strong> <em><strong>&#8220;a\u00fan estando afiliado al PJ, no me siento tentado por ninguna agrupaci\u00f3n peronista, yo siempre me siento m\u00e1s c\u00f3modo, discutiendo la planificaci\u00f3n de las pol\u00edticas de Estado a nivel local&#8221;<\/strong><\/em>. \u00bfPodr\u00eda vincularse estas declaraciones a la versi\u00f3n conocida, acerca de que Nanni <strong>estuviera pensando en alejarse del justicialismo?<\/strong>, cuyo mayor v\u00ednculo y tal vez excluyente, lo mantiene con el gobernador de la provincia de Buenos Aires,<strong> Axel Kicillof<\/strong>. A prop\u00f3sito de esa especulaci\u00f3n, la ausencia del intendente hace un par de meses atr\u00e1s, en dos reuniones importantes de justicialistas en el C\u00e1mping FATICA, dio pie al surgimiento de dudas e interrogantes originados al no haber asistido. Dichos encuentros fueron impulsados por agrupaciones y militantes de otras ciudades, que responden a la conducci\u00f3n del controvertido &#8220;Cuervo&#8221; Andr\u00e9s Larroque .<\/p>\n<p><strong>La rueda pol\u00edtica en Exaltaci\u00f3n de la Cruz, ya gira cada vez m\u00e1s r\u00e1pida y parece que promete cimbronazos.<\/strong><\/p>\n","protected":false},"excerpt":{"rendered":"<p>AUNQUE FALTA UN A\u00d1O PARA LAS ELECCIONES LEGISLATIVAS, EL AMBIENTE POL\u00cdTICO EN EXALTACI\u00d3N DE LA CRUZ YA EST\u00c1 EN MOVIMIENTO&#8230;, Y SE NOTA.<\/p>\n","protected":false},"author":4,"featured_media":26987,"comment_status":"open","ping_status":"open","sticky":false,"template":"","format":"standard","meta":{"footnotes":"","jetpack_publicize_message":"","jetpack_publicize_feature_enabled":true,"jetpack_social_post_already_shared":true,"jetpack_social_options":{"image_generator_settings":{"template":"highway","default_image_id":0,"font":"","enabled":false},"version":2}},"categories":[17],"tags":[2917,1866,66,2916],"class_list":["post-26984","post","type-post","status-publish","format-standard","has-post-thumbnail","hentry","category-politica","tag-defensa-comnunal","tag-justicialismo","tag-nanni","tag-nuevo-partido"],"jetpack_publicize_connections":[],"jetpack_featured_media_url":"https:\/\/revistaepocadigital.com.ar\/wp-content\/uploads\/2024\/10\/nanni-veina.jpg","jetpack_likes_enabled":true,"_links":{"self":[{"href":"https:\/\/revistaepocadigital.com.ar\/index.php?rest_route=\/wp\/v2\/posts\/26984","targetHints":{"allow":["GET"]}}],"collection":[{"href":"https:\/\/revistaepocadigital.com.ar\/index.php?rest_route=\/wp\/v2\/posts"}],"about":[{"href":"https:\/\/revistaepocadigital.com.ar\/index.php?rest_route=\/wp\/v2\/types\/post"}],"author":[{"embeddable":true,"href":"https:\/\/revistaepocadigital.com.ar\/index.php?rest_route=\/wp\/v2\/users\/4"}],"replies":[{"embeddable":true,"href":"https:\/\/revistaepocadigital.com.ar\/index.php?rest_route=%2Fwp%2Fv2%2Fcomments&post=26984"}],"version-history":[{"count":0,"href":"https:\/\/revistaepocadigital.com.ar\/index.php?rest_route=\/wp\/v2\/posts\/26984\/revisions"}],"wp:featuredmedia":[{"embeddable":true,"href":"https:\/\/revistaepocadigital.com.ar\/index.php?rest_route=\/wp\/v2\/media\/26987"}],"wp:attachment":[{"href":"https:\/\/revistaepocadigital.com.ar\/index.php?rest_route=%2Fwp%2Fv2%2Fmedia&parent=26984"}],"wp:term":[{"taxonomy":"category","embeddable":true,"href":"https:\/\/revistaepocadigital.com.ar\/index.php?rest_route=%2Fwp%2Fv2%2Fcategories&post=26984"},{"taxonomy":"post_tag","embeddable":true,"href":"https:\/\/revistaepocadigital.com.ar\/index.php?rest_route=%2Fwp%2Fv2%2Ftags&post=26984"}],"curies":[{"name":"wp","href":"https:\/\/api.w.org\/{rel}","templated":true}]}}