{"id":26991,"date":"2024-10-18T11:46:26","date_gmt":"2024-10-18T14:46:26","guid":{"rendered":"https:\/\/revistaepocadigital.com.ar\/?p=26991"},"modified":"2024-10-18T12:37:38","modified_gmt":"2024-10-18T15:37:38","slug":"incluir-en-movimiento-llega-los-cardales-a-subirse-al-colectivo","status":"publish","type":"post","link":"https:\/\/revistaepocadigital.com.ar\/?p=26991","title":{"rendered":"INCLUIR EN MOVIMIENTO LLEGA LOS CARDALES, A SUBIRSE AL COLECTIVO"},"content":{"rendered":"<p><strong>INCLUIR EN MOVIMIENTO.<\/strong><!--more--><\/p>\n<p>El colectivo del programa INCLUIR del Banco Provincia, llega a Los Cardales con propuestas de educaci\u00f3n financiera con espect\u00e1culos musicales, sorteos, talleres, juegos y las cl\u00e1sicas mateadas.<\/p>\n<p><iframe loading=\"lazy\" title=\"Incluir en Movimiento Cardales\" width=\"696\" height=\"392\" src=\"https:\/\/www.youtube.com\/embed\/W9rlTN-p9Xw?feature=oembed\" frameborder=\"0\" allow=\"accelerometer; autoplay; clipboard-write; encrypted-media; gyroscope; picture-in-picture; web-share\" referrerpolicy=\"strict-origin-when-cross-origin\" allowfullscreen><\/iframe><\/p>\n<p>Este s\u00e1bado 19 de octubre desde las 15 horas<\/p>\n<p>\u00bfDonde? en el Parque Cultural Cardales<\/p>\n<p>El mate y alfajores!, infaltables<\/p>\n","protected":false},"excerpt":{"rendered":"<p>INCLUIR EN MOVIMIENTO.<\/p>\n","protected":false},"author":3,"featured_media":26992,"comment_status":"open","ping_status":"open","sticky":false,"template":"","format":"standard","meta":{"footnotes":"","jetpack_publicize_message":"","jetpack_publicize_feature_enabled":true,"jetpack_social_post_already_shared":true,"jetpack_social_options":{"image_generator_settings":{"template":"highway","default_image_id":0,"font":"","enabled":false},"version":2}},"categories":[13],"tags":[840,2918],"class_list":["post-26991","post","type-post","status-publish","format-standard","has-post-thumbnail","hentry","category-interes-general","tag-banco-provincia","tag-incluir"],"jetpack_publicize_connections":[],"jetpack_featured_media_url":"https:\/\/revistaepocadigital.com.ar\/wp-content\/uploads\/2024\/10\/inclui.jpg","jetpack_likes_enabled":true,"_links":{"self":[{"href":"https:\/\/revistaepocadigital.com.ar\/index.php?rest_route=\/wp\/v2\/posts\/26991","targetHints":{"allow":["GET"]}}],"collection":[{"href":"https:\/\/revistaepocadigital.com.ar\/index.php?rest_route=\/wp\/v2\/posts"}],"about":[{"href":"https:\/\/revistaepocadigital.com.ar\/index.php?rest_route=\/wp\/v2\/types\/post"}],"author":[{"embeddable":true,"href":"https:\/\/revistaepocadigital.com.ar\/index.php?rest_route=\/wp\/v2\/users\/3"}],"replies":[{"embeddable":true,"href":"https:\/\/revistaepocadigital.com.ar\/index.php?rest_route=%2Fwp%2Fv2%2Fcomments&post=26991"}],"version-history":[{"count":0,"href":"https:\/\/revistaepocadigital.com.ar\/index.php?rest_route=\/wp\/v2\/posts\/26991\/revisions"}],"wp:featuredmedia":[{"embeddable":true,"href":"https:\/\/revistaepocadigital.com.ar\/index.php?rest_route=\/wp\/v2\/media\/26992"}],"wp:attachment":[{"href":"https:\/\/revistaepocadigital.com.ar\/index.php?rest_route=%2Fwp%2Fv2%2Fmedia&parent=26991"}],"wp:term":[{"taxonomy":"category","embeddable":true,"href":"https:\/\/revistaepocadigital.com.ar\/index.php?rest_route=%2Fwp%2Fv2%2Fcategories&post=26991"},{"taxonomy":"post_tag","embeddable":true,"href":"https:\/\/revistaepocadigital.com.ar\/index.php?rest_route=%2Fwp%2Fv2%2Ftags&post=26991"}],"curies":[{"name":"wp","href":"https:\/\/api.w.org\/{rel}","templated":true}]}}