{"id":27023,"date":"2024-10-21T19:50:33","date_gmt":"2024-10-21T22:50:33","guid":{"rendered":"https:\/\/revistaepocadigital.com.ar\/?p=27023"},"modified":"2024-10-21T19:50:33","modified_gmt":"2024-10-21T22:50:33","slug":"vacunate-contra-el-dengue-en-el-distrito-los-requisitos","status":"publish","type":"post","link":"https:\/\/revistaepocadigital.com.ar\/?p=27023","title":{"rendered":"Vacunate contra el Dengue en el distrito. Los requisitos"},"content":{"rendered":"<div class=\"xdj266r x11i5rnm xat24cr x1mh8g0r x1vvkbs x126k92a\">\n<div dir=\"auto\"><strong>CAMPA\u00d1A DE VACUNACI\u00d3N EN LA PROVINCIA DE BUENOS AIRES.<\/strong> EL DATO POL\u00cdTICO: SE DIFERENCIA DEL GOBIERNO NACIONAL<\/div>\n<\/div>\n<p><!--more--><\/p>\n<div class=\"x11i5rnm xat24cr x1mh8g0r x1vvkbs xtlvy1s x126k92a\">\n<div dir=\"auto\">Exaltaci\u00f3n de la Cruz, se suma a la campa\u00f1a de vacunaci\u00f3n de la provincia de Buenos Aires contra el Dengue. Est\u00e1 destinada a personas de entre 15 y 59 a\u00f1os, y que hayan contra\u00eddo la enfermedad y residan en nuestro distrito.<\/div>\n<\/div>\n<div class=\"x11i5rnm xat24cr x1mh8g0r x1vvkbs xtlvy1s x126k92a\">\n<div dir=\"auto\"><\/div>\n<div dir=\"auto\">La vacunaci\u00f3n comenzaba esta semana y solo eran convocadas por email, las personas de 15 a 59 a\u00f1os que hayan tenido la enfermedad en 2023-2024 y no est\u00e9n inmunodeprimidas, embarazadas o en per\u00edodo de lactancia.<\/div>\n<\/div>\n<div dir=\"auto\"><\/div>\n<div dir=\"auto\"><img loading=\"lazy\" decoding=\"async\" class=\"aligncenter size-medium wp-image-27027\" src=\"https:\/\/revistaepocadigital.com.ar\/wp-content\/uploads\/2024\/10\/d2-1-300x300.jpg\" alt=\"\" width=\"300\" height=\"300\" srcset=\"https:\/\/revistaepocadigital.com.ar\/wp-content\/uploads\/2024\/10\/d2-1-300x300.jpg 300w, https:\/\/revistaepocadigital.com.ar\/wp-content\/uploads\/2024\/10\/d2-1-150x150.jpg 150w, https:\/\/revistaepocadigital.com.ar\/wp-content\/uploads\/2024\/10\/d2-1-768x768.jpg 768w, https:\/\/revistaepocadigital.com.ar\/wp-content\/uploads\/2024\/10\/d2-1-696x696.jpg 696w, https:\/\/revistaepocadigital.com.ar\/wp-content\/uploads\/2024\/10\/d2-1-420x420.jpg 420w, https:\/\/revistaepocadigital.com.ar\/wp-content\/uploads\/2024\/10\/d2-1-840x840.jpg 840w, https:\/\/revistaepocadigital.com.ar\/wp-content\/uploads\/2024\/10\/d2-1.jpg 960w\" sizes=\"auto, (max-width: 300px) 100vw, 300px\" \/><\/div>\n<div dir=\"auto\"><img loading=\"lazy\" decoding=\"async\" class=\"aligncenter size-medium wp-image-27028\" src=\"https:\/\/revistaepocadigital.com.ar\/wp-content\/uploads\/2024\/10\/d3-300x300.jpg\" alt=\"\" width=\"300\" height=\"300\" srcset=\"https:\/\/revistaepocadigital.com.ar\/wp-content\/uploads\/2024\/10\/d3-300x300.jpg 300w, https:\/\/revistaepocadigital.com.ar\/wp-content\/uploads\/2024\/10\/d3-150x150.jpg 150w, https:\/\/revistaepocadigital.com.ar\/wp-content\/uploads\/2024\/10\/d3-768x768.jpg 768w, https:\/\/revistaepocadigital.com.ar\/wp-content\/uploads\/2024\/10\/d3-696x696.jpg 696w, https:\/\/revistaepocadigital.com.ar\/wp-content\/uploads\/2024\/10\/d3-420x420.jpg 420w, https:\/\/revistaepocadigital.com.ar\/wp-content\/uploads\/2024\/10\/d3-840x840.jpg 840w, https:\/\/revistaepocadigital.com.ar\/wp-content\/uploads\/2024\/10\/d3.jpg 960w\" sizes=\"auto, (max-width: 300px) 100vw, 300px\" \/> <img loading=\"lazy\" decoding=\"async\" class=\"aligncenter size-medium wp-image-27030\" src=\"https:\/\/revistaepocadigital.com.ar\/wp-content\/uploads\/2024\/10\/d4-300x300.jpg\" alt=\"\" width=\"300\" height=\"300\" srcset=\"https:\/\/revistaepocadigital.com.ar\/wp-content\/uploads\/2024\/10\/d4-300x300.jpg 300w, https:\/\/revistaepocadigital.com.ar\/wp-content\/uploads\/2024\/10\/d4-150x150.jpg 150w, https:\/\/revistaepocadigital.com.ar\/wp-content\/uploads\/2024\/10\/d4.jpg 413w\" sizes=\"auto, (max-width: 300px) 100vw, 300px\" \/><img loading=\"lazy\" decoding=\"async\" class=\"aligncenter size-medium wp-image-27031\" src=\"https:\/\/revistaepocadigital.com.ar\/wp-content\/uploads\/2024\/10\/d5-300x300.jpg\" alt=\"\" width=\"300\" height=\"300\" srcset=\"https:\/\/revistaepocadigital.com.ar\/wp-content\/uploads\/2024\/10\/d5-300x300.jpg 300w, https:\/\/revistaepocadigital.com.ar\/wp-content\/uploads\/2024\/10\/d5-150x150.jpg 150w, https:\/\/revistaepocadigital.com.ar\/wp-content\/uploads\/2024\/10\/d5.jpg 413w\" sizes=\"auto, (max-width: 300px) 100vw, 300px\" \/><\/div>\n<div class=\"x11i5rnm xat24cr x1mh8g0r x1vvkbs xtlvy1s x126k92a\">\n<div dir=\"auto\"><\/div>\n<div dir=\"auto\">Quienes cumplan las condiciones pero no reciban el email, pueden registrarse en <span class=\"html-span xdj266r x11i5rnm xat24cr x1mh8g0r xexx8yu x4uap5 x18d9i69 xkhd6sd x1hl2dhg x16tdsg8 x1vvkbs\"><a class=\"x1i10hfl xjbqb8w x1ejq31n xd10rxx x1sy0etr x17r0tee x972fbf xcfux6l x1qhh985 xm0m39n x9f619 x1ypdohk xt0psk2 xe8uvvx xdj266r x11i5rnm xat24cr x1mh8g0r xexx8yu x4uap5 x18d9i69 xkhd6sd x16tdsg8 x1hl2dhg xggy1nq x1a2a7pz x1sur9pj xkrqix3 x1fey0fg x1s688f\" tabindex=\"0\" role=\"link\" href=\"https:\/\/www.ms.gba.gov.ar\/sitios\/misalud?fbclid=IwZXh0bgNhZW0CMTAAAR2i_Evh2ifntVwt9O2zX2ioHI3WdEOfxM39eLQ8eIWRwABwH41X9iC7Pik_aem_dZrcNgwPF2Q68h-Z5fxUvg\" target=\"_blank\" rel=\"nofollow noopener noreferrer\">www.ms.gba.gov.ar\/sitios\/misalud<\/a><\/span><\/div>\n<\/div>\n<div class=\"x11i5rnm xat24cr x1mh8g0r x1vvkbs xtlvy1s x126k92a\">\n<div dir=\"auto\"><\/div>\n<div dir=\"auto\">\u00a0Exaltaci\u00f3n de la Cruz est\u00e1 dentro de la campa\u00f1a de vacunaci\u00f3n provincial y toda la informaci\u00f3n est\u00e1 disponible en <span class=\"html-span xdj266r x11i5rnm xat24cr x1mh8g0r xexx8yu x4uap5 x18d9i69 xkhd6sd x1hl2dhg x16tdsg8 x1vvkbs\"><a class=\"x1i10hfl xjbqb8w x1ejq31n xd10rxx x1sy0etr x17r0tee x972fbf xcfux6l x1qhh985 xm0m39n x9f619 x1ypdohk xt0psk2 xe8uvvx xdj266r x11i5rnm xat24cr x1mh8g0r xexx8yu x4uap5 x18d9i69 xkhd6sd x16tdsg8 x1hl2dhg xggy1nq x1a2a7pz x1sur9pj xkrqix3 x1fey0fg x1s688f\" tabindex=\"0\" role=\"link\" href=\"https:\/\/l.facebook.com\/l.php?u=https%3A%2F%2Fwww.ms.gba.gob.ar%2Fdengue%3Ffbclid%3DIwZXh0bgNhZW0CMTAAAR2OUsQIJ43O5_nA_bXO7trbSHWTWAn4hVyMu7cqqPYv6aEofWX42f0JtK4_aem_bl5R9C940aiAEai4kDt5tg&amp;h=AT0P8SYxCR-4N2VkJCAgfOIWhiKrJqcKSSh_78xatVkxbGCxdzF9E_nAZ9r2YRZ5u3Rvu422lWHQ9i6khgAmV44wod3pyRq_9JvEHBjum-d88GVMAj1zMW1KZSHnSdWrfQ&amp;__tn__=-UK-R&amp;c[0]=AT1Sked0437HFqMOH6HiIX9xsSB7z5rcH5GbOPe_2s2sv_0eaM3TfDz_1RrVzyS1CHzi4UHJ8f9QtGhyFJW1sBwTkARGK9kOQ71RMNrQwGOpQRonpp8brxjXMCSb1CB0YGJY8WchC6IGRAqvMoul3QgSm8jECA063cilHy3EZ1xi-mvlh_echtcIdFPoLJsE\" target=\"_blank\" rel=\"nofollow noopener noreferrer\">www.ms.gba.gob.ar\/dengue<\/a><\/span><\/div>\n<\/div>\n<div class=\"x11i5rnm xat24cr x1mh8g0r x1vvkbs xtlvy1s x126k92a\">\n<div dir=\"auto\"><\/div>\n<div dir=\"auto\">Desde el Municipio, se reforzaban los operativos barriales de prevenci\u00f3n e informaci\u00f3n sobre el Dengue, as\u00ed como el acompa\u00f1amiento y seguimiento de casos positivos.<\/div>\n<div dir=\"auto\"><\/div>\n<\/div>\n","protected":false},"excerpt":{"rendered":"<p>CAMPA\u00d1A DE VACUNACI\u00d3N EN LA PROVINCIA DE BUENOS AIRES. EL DATO POL\u00cdTICO: SE DIFERENCIA DEL GOBIERNO NACIONAL<\/p>\n","protected":false},"author":3,"featured_media":27024,"comment_status":"open","ping_status":"open","sticky":false,"template":"","format":"standard","meta":{"footnotes":"","jetpack_publicize_message":"","jetpack_publicize_feature_enabled":true,"jetpack_social_post_already_shared":true,"jetpack_social_options":{"image_generator_settings":{"template":"highway","default_image_id":0,"font":"","enabled":false},"version":2}},"categories":[17],"tags":[625,894],"class_list":["post-27023","post","type-post","status-publish","format-standard","has-post-thumbnail","hentry","category-politica","tag-dengue","tag-vacunacion"],"jetpack_publicize_connections":[],"jetpack_featured_media_url":"https:\/\/revistaepocadigital.com.ar\/wp-content\/uploads\/2024\/10\/de1.jpg","jetpack_likes_enabled":true,"_links":{"self":[{"href":"https:\/\/revistaepocadigital.com.ar\/index.php?rest_route=\/wp\/v2\/posts\/27023","targetHints":{"allow":["GET"]}}],"collection":[{"href":"https:\/\/revistaepocadigital.com.ar\/index.php?rest_route=\/wp\/v2\/posts"}],"about":[{"href":"https:\/\/revistaepocadigital.com.ar\/index.php?rest_route=\/wp\/v2\/types\/post"}],"author":[{"embeddable":true,"href":"https:\/\/revistaepocadigital.com.ar\/index.php?rest_route=\/wp\/v2\/users\/3"}],"replies":[{"embeddable":true,"href":"https:\/\/revistaepocadigital.com.ar\/index.php?rest_route=%2Fwp%2Fv2%2Fcomments&post=27023"}],"version-history":[{"count":0,"href":"https:\/\/revistaepocadigital.com.ar\/index.php?rest_route=\/wp\/v2\/posts\/27023\/revisions"}],"wp:featuredmedia":[{"embeddable":true,"href":"https:\/\/revistaepocadigital.com.ar\/index.php?rest_route=\/wp\/v2\/media\/27024"}],"wp:attachment":[{"href":"https:\/\/revistaepocadigital.com.ar\/index.php?rest_route=%2Fwp%2Fv2%2Fmedia&parent=27023"}],"wp:term":[{"taxonomy":"category","embeddable":true,"href":"https:\/\/revistaepocadigital.com.ar\/index.php?rest_route=%2Fwp%2Fv2%2Fcategories&post=27023"},{"taxonomy":"post_tag","embeddable":true,"href":"https:\/\/revistaepocadigital.com.ar\/index.php?rest_route=%2Fwp%2Fv2%2Ftags&post=27023"}],"curies":[{"name":"wp","href":"https:\/\/api.w.org\/{rel}","templated":true}]}}