{"id":2704,"date":"2019-06-21T12:23:45","date_gmt":"2019-06-21T15:23:45","guid":{"rendered":"https:\/\/revistaepocadigital.com.ar\/?p=2704"},"modified":"2019-06-21T12:29:03","modified_gmt":"2019-06-21T15:29:03","slug":"luis-mariano-martin-apoya-a-nanni","status":"publish","type":"post","link":"https:\/\/revistaepocadigital.com.ar\/?p=2704","title":{"rendered":"Luis Mariano Martin apoya a Nanni"},"content":{"rendered":"<p><strong>CONFIRMACI\u00d3N.<\/strong><!--more--><\/p>\n<div class=\"_1aa6\"><span class=\"_5yl5\">El cierre de las listas de candidatos en el pa\u00eds, provincia y Exaltaci\u00f3n de la Cruz, tambi\u00e9n ha ordenado el rol de figuras pol\u00edticas en el \u00e1mbito local. Tal el caso de<strong> Luis Mariano Martin<\/strong>, quien formara parte en los \u00faltimos tiempos en el <strong>Frente Renovador.<\/strong><\/span><\/div>\n<div><\/div>\n<div><\/div>\n<div class=\"_1aa6\"><span class=\"_5yl5\"><strong>Martin<\/strong> confirm\u00f3 a EPOCA lo que se insinu\u00f3 con fuerza y se noto en reuniones pol\u00edticas, apoyar\u00e1 a <strong>Diego Nanni<\/strong>, candidato oficialista y del Frente con Todos a la intendencia municipal.<\/span><\/div>\n<div><\/div>\n<div><\/div>\n<div class=\"_4gx_\">\n<div class=\"_1aa6\"><span class=\"_5yl5\">Esto dijo Mart\u00edn,<em> &#8220;varios de quienes hemos participado dentro del Frente Renovador en las \u00faltimas elecciones, hemos decidido acompa\u00f1ar a Diego Nanni en su candidatura a intendente. En lo particular sin ning\u00fan otro inter\u00e9s mas que Diego sea intendente. Voy a estar a su lado en la campa\u00f1a&#8221;.<\/em> Y luego apunt\u00f3,<em> &#8220;estoy convencido que es la persona indicada para llevar adelante los destinos del distrito en los pr\u00f3ximos 4 a\u00f1os. Adem\u00e1s de ser amigo, coincidimos mucho en la forma de pensar, y creo que lograr\u00e1 los cambios necesarios para mejorar la gesti\u00f3n&#8221;.<\/em><\/span><\/div>\n<div><\/div>\n<\/div>\n<div><\/div>\n<div class=\"_4gx_\">\n<div class=\"_1aa6\"><span class=\"_5yl5\">Acerca de Nanni consider\u00f3 que <em>&#8220;tiene las ganas, la experiencia en la gesti\u00f3n y por sobretodas las cosas, empat\u00eda con el vecino, fundamental para poder encontrar soluciones a las inquietudes que se presenten. Es muy f\u00e1cil dar soluciones desde afuera y prometer &#8220;El Oro y el Moro&#8221; generando ilusi\u00f3n en la gente. Pero cuando esos que prometieron, tuvieron la posibilidad de hacerlo aunque sea en menor magnitud, no lo han hecho. Por eso, y conociendo su compromiso acompa\u00f1o a Diego&#8221;.<\/em><\/span><\/div>\n<\/div>\n","protected":false},"excerpt":{"rendered":"<p>CONFIRMACI\u00d3N.<\/p>\n","protected":false},"author":4,"featured_media":2706,"comment_status":"open","ping_status":"open","sticky":false,"template":"","format":"standard","meta":{"footnotes":"","jetpack_publicize_message":"","jetpack_publicize_feature_enabled":true,"jetpack_social_post_already_shared":false,"jetpack_social_options":{"image_generator_settings":{"template":"highway","default_image_id":0,"font":"","enabled":false},"version":2}},"categories":[17],"tags":[43,384],"class_list":["post-2704","post","type-post","status-publish","format-standard","has-post-thumbnail","hentry","category-politica","tag-elecciones","tag-luis-mariano-martin"],"jetpack_publicize_connections":[],"jetpack_featured_media_url":"https:\/\/revistaepocadigital.com.ar\/wp-content\/uploads\/2019\/06\/martin-luisma.jpg","jetpack_likes_enabled":true,"_links":{"self":[{"href":"https:\/\/revistaepocadigital.com.ar\/index.php?rest_route=\/wp\/v2\/posts\/2704","targetHints":{"allow":["GET"]}}],"collection":[{"href":"https:\/\/revistaepocadigital.com.ar\/index.php?rest_route=\/wp\/v2\/posts"}],"about":[{"href":"https:\/\/revistaepocadigital.com.ar\/index.php?rest_route=\/wp\/v2\/types\/post"}],"author":[{"embeddable":true,"href":"https:\/\/revistaepocadigital.com.ar\/index.php?rest_route=\/wp\/v2\/users\/4"}],"replies":[{"embeddable":true,"href":"https:\/\/revistaepocadigital.com.ar\/index.php?rest_route=%2Fwp%2Fv2%2Fcomments&post=2704"}],"version-history":[{"count":0,"href":"https:\/\/revistaepocadigital.com.ar\/index.php?rest_route=\/wp\/v2\/posts\/2704\/revisions"}],"wp:featuredmedia":[{"embeddable":true,"href":"https:\/\/revistaepocadigital.com.ar\/index.php?rest_route=\/wp\/v2\/media\/2706"}],"wp:attachment":[{"href":"https:\/\/revistaepocadigital.com.ar\/index.php?rest_route=%2Fwp%2Fv2%2Fmedia&parent=2704"}],"wp:term":[{"taxonomy":"category","embeddable":true,"href":"https:\/\/revistaepocadigital.com.ar\/index.php?rest_route=%2Fwp%2Fv2%2Fcategories&post=2704"},{"taxonomy":"post_tag","embeddable":true,"href":"https:\/\/revistaepocadigital.com.ar\/index.php?rest_route=%2Fwp%2Fv2%2Ftags&post=2704"}],"curies":[{"name":"wp","href":"https:\/\/api.w.org\/{rel}","templated":true}]}}