{"id":27040,"date":"2024-10-22T02:45:17","date_gmt":"2024-10-22T05:45:17","guid":{"rendered":"https:\/\/revistaepocadigital.com.ar\/?p=27040"},"modified":"2024-10-22T02:45:17","modified_gmt":"2024-10-22T05:45:17","slug":"cepral-informo-sobre-el-corte-de-luz","status":"publish","type":"post","link":"https:\/\/revistaepocadigital.com.ar\/?p=27040","title":{"rendered":"CEPRAL INFORM\u00d3 SOBRE EL CORTE DE LUZ"},"content":{"rendered":"<table class=\"yiv5806992119r3-o\" role=\"presentation\" border=\"0\" width=\"100%\" cellspacing=\"0\" cellpadding=\"0\" align=\"center\">\n<tbody>\n<tr>\n<td class=\"yiv5806992119r14-i\">\n<table role=\"presentation\" border=\"0\" width=\"100%\" cellspacing=\"0\" cellpadding=\"0\">\n<tbody>\n<tr>\n<th class=\"yiv5806992119r5-c\" valign=\"top\" width=\"100%\">\n<table class=\"yiv5806992119r6-o\" role=\"presentation\" border=\"0\" width=\"100%\" cellspacing=\"0\" cellpadding=\"0\">\n<tbody>\n<tr>\n<td class=\"yiv5806992119r7-i\" valign=\"top\">\n<table role=\"presentation\" border=\"0\" width=\"100%\" cellspacing=\"0\" cellpadding=\"0\">\n<tbody>\n<tr>\n<td class=\"yiv5806992119r8-c\" align=\"left\">\n<table class=\"yiv5806992119r9-o\" role=\"presentation\" border=\"0\" width=\"100%\" cellspacing=\"0\" cellpadding=\"0\">\n<tbody>\n<tr>\n<td class=\"yiv5806992119r10-i yiv5806992119nl2go-default-textstyle\" align=\"center\" valign=\"top\">\n<div>\n<p><strong>\u00a0POR LA CONTINGENCIA OCURRIDA EL DOMINGO 20 DE OCTUBRE.<\/strong><\/p>\n<\/div>\n<\/td>\n<\/tr>\n<\/tbody>\n<\/table>\n<\/td>\n<\/tr>\n<\/tbody>\n<\/table>\n<\/td>\n<\/tr>\n<\/tbody>\n<\/table>\n<\/th>\n<\/tr>\n<\/tbody>\n<\/table>\n<\/td>\n<\/tr>\n<\/tbody>\n<\/table>\n<p><!--more--><\/p>\n<table class=\"yiv5806992119r3-o\" role=\"presentation\" border=\"0\" width=\"100%\" cellspacing=\"0\" cellpadding=\"0\" align=\"center\">\n<tbody>\n<tr>\n<td class=\"yiv5806992119r15-i\">\n<table role=\"presentation\" border=\"0\" width=\"100%\" cellspacing=\"0\" cellpadding=\"0\">\n<tbody>\n<tr>\n<th class=\"yiv5806992119r5-c\" valign=\"top\" width=\"100%\">\n<table class=\"yiv5806992119r6-o\" role=\"presentation\" border=\"0\" width=\"100%\" cellspacing=\"0\" cellpadding=\"0\">\n<tbody>\n<tr>\n<td class=\"yiv5806992119r7-i\" valign=\"top\">\n<table role=\"presentation\" border=\"0\" width=\"100%\" cellspacing=\"0\" cellpadding=\"0\">\n<tbody>\n<tr>\n<td class=\"yiv5806992119r8-c\" align=\"left\">\n<table class=\"yiv5806992119r9-o\" role=\"presentation\" border=\"0\" width=\"100%\" cellspacing=\"0\" cellpadding=\"0\">\n<tbody>\n<tr>\n<td class=\"yiv5806992119r10-i yiv5806992119nl2go-default-textstyle\" align=\"center\" valign=\"top\">\n<div>\n<p>&nbsp;<\/p>\n<\/div>\n<\/td>\n<\/tr>\n<\/tbody>\n<\/table>\n<\/td>\n<\/tr>\n<\/tbody>\n<\/table>\n<\/td>\n<\/tr>\n<\/tbody>\n<\/table>\n<\/th>\n<\/tr>\n<\/tbody>\n<\/table>\n<\/td>\n<\/tr>\n<\/tbody>\n<\/table>\n<table class=\"yiv5806992119r3-o\" role=\"presentation\" border=\"0\" width=\"100%\" cellspacing=\"0\" cellpadding=\"0\" align=\"center\">\n<tbody>\n<tr>\n<td class=\"yiv5806992119r14-i\">\n<table role=\"presentation\" border=\"0\" width=\"100%\" cellspacing=\"0\" cellpadding=\"0\">\n<tbody>\n<tr>\n<th class=\"yiv5806992119r5-c\" valign=\"top\" width=\"100%\">\n<table class=\"yiv5806992119r9-o\" role=\"presentation\" border=\"0\" width=\"100%\" cellspacing=\"0\" cellpadding=\"0\" align=\"left\">\n<tbody>\n<tr>\n<td class=\"yiv5806992119r16-i yiv5806992119nl2go-default-textstyle\" align=\"center\" valign=\"top\">\n<p style=\"text-align: left;\">El Consejo de Administraci\u00f3n de CEPRAL hizo saber que el domingo 24 de octubre, entre las 18 ys 19:20 horas,. se produjo \u00a0un <strong>corte total de energ\u00eda que afect\u00f3 al 100% de sus usuarios.<\/strong><\/p>\n<p style=\"text-align: left;\">Se debi\u00f3 a la salida de servicio de la red de 33KV, debido a la rotura de una rama de un \u00e1rbol,\u00a0 que <strong>cay\u00f3 sobre la mencionada l\u00ednea en el Barrio El Remanso, ocasionando el incendio de dicha l\u00ednea de energ\u00eda el\u00e9ctrica.<\/strong><\/p>\n<p style=\"text-align: left;\">Por esta raz\u00f3n EDEN S.A.\u00a0 conect\u00f3 a CEPRAL desde Campana para poder abastecer a toda la zona de concesi\u00f3n de la cooperativa,<strong>\u00a0hasta tanto se pudiera realizar la reparaci\u00f3n. \u00a0 \u00a0<\/strong><\/p>\n<p style=\"text-align: left;\"><strong>Esto \u00a0fue \u00a0posible \u00a0en \u00a0horas \u00a0de \u00a0la \u00a0noche, \u00a0cuando \u00a0entre \u00a0las \u00a023:10 \u00a0y las \u00a023:19 \u00a0se \u00a0volvi\u00f3 \u00a0a \u00a0producir \u00a0un \u00a0corte \u00a0total \u00a0de \u00a0energ\u00eda, \u00a0para volver \u00a0a \u00a0conectarnos \u00a0desde \u00a0Luj\u00e1n, restableci\u00e9ndose el servicio para el 100% de nuestros usuarios.<\/strong><\/p>\n<p>&nbsp;<\/p>\n<p><strong>\u00a0<\/strong><\/p>\n<p style=\"text-align: left;\"><em>&#8220;Una vez m\u00e1s nos vemos obligados a<strong> solicitar a los vecinos, que tomen conciencia del da\u00f1o que puede ocasionar la simple ca\u00edda de una rama sobre una l\u00ednea maestra dejando, como en este caso, sin servicio durante m\u00e1s de una hora a la totalidad de los usuarios&#8221;, hicieron saber desde CEPRAL.<\/strong><\/em><\/p>\n<p>&nbsp;<\/td>\n<\/tr>\n<\/tbody>\n<\/table>\n<\/th>\n<\/tr>\n<\/tbody>\n<\/table>\n<\/td>\n<\/tr>\n<\/tbody>\n<\/table>\n<table class=\"yiv5806992119r3-o\" role=\"presentation\" border=\"0\" width=\"100%\" cellspacing=\"0\" cellpadding=\"0\" align=\"center\">\n<tbody>\n<tr>\n<td class=\"yiv5806992119r17-i\">\n<table role=\"presentation\" border=\"0\" width=\"100%\" cellspacing=\"0\" cellpadding=\"0\">\n<tbody>\n<tr>\n<th class=\"yiv5806992119r5-c\" valign=\"top\" width=\"100%\">\n<table class=\"yiv5806992119r6-o\" role=\"presentation\" border=\"0\" width=\"100%\" cellspacing=\"0\" cellpadding=\"0\">\n<tbody>\n<tr>\n<td class=\"yiv5806992119r7-i\" valign=\"top\">\n<table role=\"presentation\" border=\"0\" width=\"100%\" cellspacing=\"0\" cellpadding=\"0\">\n<tbody>\n<tr>\n<td class=\"yiv5806992119r8-c\" align=\"left\"><\/td>\n<\/tr>\n<tr>\n<td class=\"yiv5806992119r8-c\" align=\"left\"><\/td>\n<\/tr>\n<\/tbody>\n<\/table>\n<\/td>\n<\/tr>\n<\/tbody>\n<\/table>\n<\/th>\n<\/tr>\n<\/tbody>\n<\/table>\n<\/td>\n<\/tr>\n<\/tbody>\n<\/table>\n<table class=\"yiv5806992119r3-o\" role=\"presentation\" border=\"0\" width=\"100%\" cellspacing=\"0\" cellpadding=\"0\" align=\"center\">\n<tbody>\n<tr>\n<td class=\"yiv5806992119r18-i\"><\/td>\n<\/tr>\n<\/tbody>\n<\/table>\n","protected":false},"excerpt":{"rendered":"<p>\u00a0POR LA CONTINGENCIA OCURRIDA EL DOMINGO 20 DE OCTUBRE.<\/p>\n","protected":false},"author":3,"featured_media":0,"comment_status":"open","ping_status":"open","sticky":false,"template":"","format":"standard","meta":{"footnotes":"","jetpack_publicize_message":"","jetpack_publicize_feature_enabled":true,"jetpack_social_post_already_shared":true,"jetpack_social_options":{"image_generator_settings":{"template":"highway","default_image_id":0,"font":"","enabled":false},"version":2}},"categories":[5],"tags":[29,1795],"class_list":["post-27040","post","type-post","status-publish","format-standard","hentry","category-aqui-parada-robles","tag-cepral","tag-corte-luz"],"jetpack_publicize_connections":[],"jetpack_featured_media_url":"","jetpack_likes_enabled":true,"_links":{"self":[{"href":"https:\/\/revistaepocadigital.com.ar\/index.php?rest_route=\/wp\/v2\/posts\/27040","targetHints":{"allow":["GET"]}}],"collection":[{"href":"https:\/\/revistaepocadigital.com.ar\/index.php?rest_route=\/wp\/v2\/posts"}],"about":[{"href":"https:\/\/revistaepocadigital.com.ar\/index.php?rest_route=\/wp\/v2\/types\/post"}],"author":[{"embeddable":true,"href":"https:\/\/revistaepocadigital.com.ar\/index.php?rest_route=\/wp\/v2\/users\/3"}],"replies":[{"embeddable":true,"href":"https:\/\/revistaepocadigital.com.ar\/index.php?rest_route=%2Fwp%2Fv2%2Fcomments&post=27040"}],"version-history":[{"count":0,"href":"https:\/\/revistaepocadigital.com.ar\/index.php?rest_route=\/wp\/v2\/posts\/27040\/revisions"}],"wp:attachment":[{"href":"https:\/\/revistaepocadigital.com.ar\/index.php?rest_route=%2Fwp%2Fv2%2Fmedia&parent=27040"}],"wp:term":[{"taxonomy":"category","embeddable":true,"href":"https:\/\/revistaepocadigital.com.ar\/index.php?rest_route=%2Fwp%2Fv2%2Fcategories&post=27040"},{"taxonomy":"post_tag","embeddable":true,"href":"https:\/\/revistaepocadigital.com.ar\/index.php?rest_route=%2Fwp%2Fv2%2Ftags&post=27040"}],"curies":[{"name":"wp","href":"https:\/\/api.w.org\/{rel}","templated":true}]}}