{"id":27068,"date":"2024-10-29T21:18:40","date_gmt":"2024-10-30T00:18:40","guid":{"rendered":"https:\/\/revistaepocadigital.com.ar\/?p=27068"},"modified":"2024-10-29T21:18:40","modified_gmt":"2024-10-30T00:18:40","slug":"garcia-marquez-la-sabiduria-del-extraordinario-escritor-en-una-conmovedora-carta","status":"publish","type":"post","link":"https:\/\/revistaepocadigital.com.ar\/?p=27068","title":{"rendered":"GARC\u00cdA M\u00c1RQUEZ, LA SABIDUR\u00cdA DEL EXTRAORDINARIO ESCRITOR EN UNA CONMOVEDORA CARTA"},"content":{"rendered":"<p><strong>UN GENIO DE LA LITERATURA.\u00a0 \u00a0 \u00a0 \u00a0 \u00a0 \u00a0 \u00a0 \u00a0 \u00a0 \u00a0 \u00a0 \u00a0 \u00a0 \u00a0 \u00a0 \u00a0 \u00a0 \u00a0 \u00a0 \u00a0 \u00a0 \u00a0 \u00a0 \u00a0 <\/strong><!--more--><\/p>\n<p><strong>Gabriel Garc\u00eda M\u00e1rquez se retiro de la vida p\u00fablica por padecer c\u00e1ncer linf\u00e1tico,<\/strong> y envi\u00f3 una carta de despedida a sus amigos, y gracias a internet est\u00e1 siendo difundida.<br \/>\nEs verdaderamente conmovedora; est\u00e1 escrita por \u00e9l; uno de los latinoamericanos m\u00e1s brillantes de los \u00faltimos tiempos.<\/p>\n<p>Dice as\u00ed:<\/p>\n<p>\u201c<em>Si por un instante Dios se olvidara de que soy una marioneta de trapo y me regalara un trozo de vida, aprovechar\u00eda ese tiempo lo m\u00e1s que pudiera, posiblemente no dir\u00eda todo lo que pienso, pero en definitiva pensar\u00eda todo lo que digo.<\/em><br \/>\n<em>Dar\u00eda valor a las cosas, no por lo que valen, sino por lo que significan.<\/em><br \/>\n<em>Dormir\u00eda poco, so\u00f1ar\u00eda m\u00e1s, entiendo que por cada minuto que cerramos los ojos, perdemos sesenta segundos de luz.<\/em><br \/>\n<em>Andar\u00eda cuando los dem\u00e1s se detienen, despertar\u00eda cuando los dem\u00e1s duermen.<\/em><br \/>\n<em>Si Dios me obsequiara un trozo de vida, vestir\u00eda sencillo, me tirar\u00eda de bruces al sol, dejando descubierto, no solamente mi cuerpo, sino mi alma.<\/em><br \/>\n<em>A los hombres les probar\u00eda cu\u00e1n equivocados est\u00e1n al pensar que dejan de enamorarse cuando envejecen, sin saber que envejecen cuando dejan de enamorarse.<\/em><br \/>\n<em>A un ni\u00f1o le dar\u00eda alas, pero le dejar\u00eda que \u00e9l s\u00f3lo aprendiese a volar.<\/em><br \/>\n<em>A los viejos les ense\u00f1ar\u00eda que la muerte no llega con la vejez, sino con el olvido<\/em><br \/>\n<em>Tantas cosas he aprendido de ustedes, los hombres\u2026. He aprendido que todo el mundo quiere vivir en la cima de la monta\u00f1a, sin saber que la verdadera felicidad est\u00e1 en la forma de subirla escarpada.<\/em><br \/>\n<em>Me apartar\u00eda de los necios, los habladores, de las gentes con malas costumbres y actitudes.<\/em><br \/>\n<em>Ser\u00eda siempre honesto y mantendr\u00eda llenas de amor y de atenciones a las personas a mi alrededor, siempre tratar\u00eda de dar lo mejor\u2026<\/em><br \/>\n<em>He aprendido que cuando un reci\u00e9n nacido aprieta con su peque\u00f1o pu\u00f1o, por primera vez, el dedo de su padre, lo tiene atrapado por siempre.<\/em><br \/>\n<em>He aprendido que un hombre s\u00f3lo tiene derecho a mirar a otro hacia abajo, cuando ha de ayudarle a levantarse.<\/em><br \/>\n<em>Son tantas cosas las que he podido aprender de ustedes, pero realmente de mucho no habr\u00e1 de servir, porque cuando me guarden dentro de esa maleta, infelizmente me estar\u00e9 muriendo.<\/em><br \/>\n<em>Trata de decir siempre lo que sientes y haz siempre lo que piensas en lo m\u00e1s profundo de tu coraz\u00f3n.<\/em><br \/>\n<em>Si supiera que hoy fuera la \u00faltima vez que te voy a ver dormir, te abrazar\u00eda fuertemente y rezar\u00eda al Se\u00f1or para poder ser el guardi\u00e1n de tu alma.<\/em><br \/>\n<em>Si supiera que estos son los \u00faltimos minutos que te veo, te dir\u00eda \u201cTe Quiero\u201d y no asumir\u00eda, tontamente, que ya lo sabes.<\/em><br \/>\n<em>Siempre hay un ma\u00f1ana y la vida nos da siempre otra oportunidad para hacer las cosas bien, pero por si me equivoco y hoy es todo lo que nos queda, me gustar\u00eda decirte cu\u00e1nto te quiero, que nunca te olvidar\u00e9.<\/em><br \/>\n<em>El ma\u00f1ana no le est\u00e1 asegurado a nadie, joven o viejo. Hoy puede ser la \u00faltima vez que veas a los que amas. Por eso no esperes m\u00e1s, hazlo hoy, ya que si ma\u00f1ana nunca llega, seguramente lamentar\u00e1s el d\u00eda que no tomaste tiempo para una sonrisa, un abrazo, un beso y que estuviste muy ocupado para concederles un \u00faltimo deseo.<\/em><br \/>\n<em>Mant\u00e9n a los que amas cerca de ti, diles al o\u00eddo lo mucho que los necesitas, qui\u00e9relos y tr\u00e1talos bien, toma tiempo para decirles, \u201clo siento\u201d, \u201cperd\u00f3name\u201d, \u201cpor favor\u201d , \u201cgracias\u201d y todas las palabras de amor que conoces.<\/em><br \/>\n<em>Nadie te recordar\u00e1 por tus nobles pensamientos secretos. Pide al Se\u00f1or la fuerza y sabidur\u00eda para expresarlos.<\/em><br \/>\n<em>Finalmente, demuestra a tus amigos y seres queridos cu\u00e1nto te importan.<\/em><\/p>\n<p><strong><em><em>Gabriel Garc\u00eda M\u00e1rquez<\/em><\/em><\/strong><\/p>\n","protected":false},"excerpt":{"rendered":"<p>UN GENIO DE LA LITERATURA.\u00a0 \u00a0 \u00a0 \u00a0 \u00a0 \u00a0 \u00a0 \u00a0 \u00a0 \u00a0 \u00a0 \u00a0 \u00a0 \u00a0 \u00a0 \u00a0 \u00a0 \u00a0 \u00a0 \u00a0 \u00a0 \u00a0 \u00a0 \u00a0<\/p>\n","protected":false},"author":3,"featured_media":27097,"comment_status":"open","ping_status":"open","sticky":false,"template":"","format":"standard","meta":{"footnotes":"","jetpack_publicize_message":"","jetpack_publicize_feature_enabled":true,"jetpack_social_post_already_shared":true,"jetpack_social_options":{"image_generator_settings":{"template":"highway","default_image_id":0,"font":"","enabled":false},"version":2}},"categories":[15],"tags":[1588,37,2928],"class_list":["post-27068","post","type-post","status-publish","format-standard","has-post-thumbnail","hentry","category-lo-que-tenes-que-saber","tag-carta","tag-destacada","tag-garcia-marquez"],"jetpack_publicize_connections":[],"jetpack_featured_media_url":"https:\/\/revistaepocadigital.com.ar\/wp-content\/uploads\/2024\/10\/garcia-marquez-1.webp","jetpack_likes_enabled":true,"_links":{"self":[{"href":"https:\/\/revistaepocadigital.com.ar\/index.php?rest_route=\/wp\/v2\/posts\/27068","targetHints":{"allow":["GET"]}}],"collection":[{"href":"https:\/\/revistaepocadigital.com.ar\/index.php?rest_route=\/wp\/v2\/posts"}],"about":[{"href":"https:\/\/revistaepocadigital.com.ar\/index.php?rest_route=\/wp\/v2\/types\/post"}],"author":[{"embeddable":true,"href":"https:\/\/revistaepocadigital.com.ar\/index.php?rest_route=\/wp\/v2\/users\/3"}],"replies":[{"embeddable":true,"href":"https:\/\/revistaepocadigital.com.ar\/index.php?rest_route=%2Fwp%2Fv2%2Fcomments&post=27068"}],"version-history":[{"count":0,"href":"https:\/\/revistaepocadigital.com.ar\/index.php?rest_route=\/wp\/v2\/posts\/27068\/revisions"}],"wp:featuredmedia":[{"embeddable":true,"href":"https:\/\/revistaepocadigital.com.ar\/index.php?rest_route=\/wp\/v2\/media\/27097"}],"wp:attachment":[{"href":"https:\/\/revistaepocadigital.com.ar\/index.php?rest_route=%2Fwp%2Fv2%2Fmedia&parent=27068"}],"wp:term":[{"taxonomy":"category","embeddable":true,"href":"https:\/\/revistaepocadigital.com.ar\/index.php?rest_route=%2Fwp%2Fv2%2Fcategories&post=27068"},{"taxonomy":"post_tag","embeddable":true,"href":"https:\/\/revistaepocadigital.com.ar\/index.php?rest_route=%2Fwp%2Fv2%2Ftags&post=27068"}],"curies":[{"name":"wp","href":"https:\/\/api.w.org\/{rel}","templated":true}]}}