{"id":27106,"date":"2024-10-30T03:25:02","date_gmt":"2024-10-30T06:25:02","guid":{"rendered":"https:\/\/revistaepocadigital.com.ar\/?p=27106"},"modified":"2024-10-30T03:25:03","modified_gmt":"2024-10-30T06:25:03","slug":"el-pais-parado-la-gente-para-variar-paga-el-pato","status":"publish","type":"post","link":"https:\/\/revistaepocadigital.com.ar\/?p=27106","title":{"rendered":"EL PA\u00cdS PARADO, LA GENTE PARA VARIAR &#8220;PAGA EL PATO&#8221;"},"content":{"rendered":"<p><strong>El paro del transporte por 24 horas.<\/strong><!--more--><\/p>\n<p>Rige para trenes, aviones, subtes, camiones y barcos<br \/>\nLos colectivos no adhirieron a la medida de fuerza de este mi\u00e9rcoles. Movimientos sociales har\u00e1n piquetes en todo el pa\u00eds, y ATE y docentes universitarios llevan adelante un cese de actividades.<\/p>\n<p>La Mesa Nacional del Transporte concreta este mi\u00e9rcoles un paro de trenes de pasajeros de carga, puertos y barcos, camiones y la mayor parte de las aerol\u00edneas comerciales de pasajeros.<\/p>\n<p>La medida de fuerza es contra las pol\u00edticas de ajustes de Javier Milei.<\/p>\n<p>Los gremios del sector tienen el respaldo de movimientos sociales, que se sumaron a la protesta con cortes de calles y ollas populares en todo el pa\u00eds.\u00a0Vale destacar que la Uni\u00f3n Tranviarios Automotor (UTA) no participa de la acci\u00f3n, y espera renegociar salarios antes de la medida de fuerza que los colectivos convocaron este jueves.<\/p>\n<p>Tambi\u00e9n este mi\u00e9rcoles paran otros gremios que contin\u00faan en conflicto con Casa Rosada, como los estatales, docentes y universitarios. El Gobierno advirti\u00f3 que garantizar\u00e1 la libertad de trabajo.<\/p>\n<p>&nbsp;<\/p>\n","protected":false},"excerpt":{"rendered":"<p>El paro del transporte por 24 horas.<\/p>\n","protected":false},"author":3,"featured_media":27111,"comment_status":"open","ping_status":"open","sticky":false,"template":"","format":"standard","meta":{"footnotes":"","jetpack_publicize_message":"","jetpack_publicize_feature_enabled":true,"jetpack_social_post_already_shared":true,"jetpack_social_options":{"image_generator_settings":{"template":"highway","default_image_id":0,"font":"","enabled":false},"version":2}},"categories":[17],"tags":[2929],"class_list":["post-27106","post","type-post","status-publish","format-standard","has-post-thumbnail","hentry","category-politica","tag-paro-transporte"],"jetpack_publicize_connections":[],"jetpack_featured_media_url":"https:\/\/revistaepocadigital.com.ar\/wp-content\/uploads\/2024\/10\/paro_trenes-2.jpg","jetpack_likes_enabled":true,"_links":{"self":[{"href":"https:\/\/revistaepocadigital.com.ar\/index.php?rest_route=\/wp\/v2\/posts\/27106","targetHints":{"allow":["GET"]}}],"collection":[{"href":"https:\/\/revistaepocadigital.com.ar\/index.php?rest_route=\/wp\/v2\/posts"}],"about":[{"href":"https:\/\/revistaepocadigital.com.ar\/index.php?rest_route=\/wp\/v2\/types\/post"}],"author":[{"embeddable":true,"href":"https:\/\/revistaepocadigital.com.ar\/index.php?rest_route=\/wp\/v2\/users\/3"}],"replies":[{"embeddable":true,"href":"https:\/\/revistaepocadigital.com.ar\/index.php?rest_route=%2Fwp%2Fv2%2Fcomments&post=27106"}],"version-history":[{"count":0,"href":"https:\/\/revistaepocadigital.com.ar\/index.php?rest_route=\/wp\/v2\/posts\/27106\/revisions"}],"wp:featuredmedia":[{"embeddable":true,"href":"https:\/\/revistaepocadigital.com.ar\/index.php?rest_route=\/wp\/v2\/media\/27111"}],"wp:attachment":[{"href":"https:\/\/revistaepocadigital.com.ar\/index.php?rest_route=%2Fwp%2Fv2%2Fmedia&parent=27106"}],"wp:term":[{"taxonomy":"category","embeddable":true,"href":"https:\/\/revistaepocadigital.com.ar\/index.php?rest_route=%2Fwp%2Fv2%2Fcategories&post=27106"},{"taxonomy":"post_tag","embeddable":true,"href":"https:\/\/revistaepocadigital.com.ar\/index.php?rest_route=%2Fwp%2Fv2%2Ftags&post=27106"}],"curies":[{"name":"wp","href":"https:\/\/api.w.org\/{rel}","templated":true}]}}