{"id":2711,"date":"2019-06-22T20:29:42","date_gmt":"2019-06-22T23:29:42","guid":{"rendered":"https:\/\/revistaepocadigital.com.ar\/?p=2711"},"modified":"2019-06-24T23:23:13","modified_gmt":"2019-06-25T02:23:13","slug":"aqui-estan-estos-son-la-lista-de-diego-nanni","status":"publish","type":"post","link":"https:\/\/revistaepocadigital.com.ar\/?p=2711","title":{"rendered":"Aqu\u00ed est\u00e1n, estos son: la lista de Diego Nanni"},"content":{"rendered":"<div dir=\"ltr\"><strong>FRENTE DE TODOS EXALTACI\u00d3N. MUCHA GENTE NUEVA.<br \/>\n<\/strong><\/div>\n<p><!--more--><\/p>\n<div dir=\"ltr\">Cerrado el plazo para inscribir listas de candidatos a nivel nacional, provincial y distrital, se conoci\u00f3 la lista encabezada por <strong>Diego Nanni<\/strong> como candidato a intendente para las PASO de agosto.<\/div>\n<div dir=\"ltr\"><\/div>\n<div dir=\"ltr\"><em>&#8220;Hemos firmado qui\u00e9nes conformamos el Frente de Todos en Exaltaci\u00f3n de la Cruz. Les quiero agradecer, a quienes aportan a este proyecto que estamos construyendo entre todos&#8221;<\/em> dijo Nanni y acot\u00f3,<em> &#8220;esta es la lista que va a trabajar para representar a los vecinos y vecinas de nuestro pueblo&#8221;.<\/em><\/div>\n<div dir=\"ltr\"><\/div>\n<div dir=\"ltr\">Generaron apreciaciones de vecinos, el hecho que la lista de candidatos encabezadas por Nanni, se hubiera integrado con gran mayor\u00eda de jovenes e integrantes del espacio, que han comenzado a trabajar en pol\u00edtica. Al respecto sostuvo<strong> Nanni<\/strong> a EPOCA<em>, &#8220;la lista con gente con poca experiencia o poca participaci\u00f3n en pol\u00edtica partidaria no es novedad, ya que es la segunda elecci\u00f3n que insistimos en que hay que involucrar actores de la sociedad, que si bien tienen participaci\u00f3n de distintas maneras en trabajo social, no lo han volcado a los partidos pol\u00edticos porque no hab\u00edan sido seducidos con la idea&#8221;.<\/em><\/div>\n<div dir=\"ltr\"><\/div>\n<div dir=\"ltr\">\n<div dir=\"ltr\">Al respecto reflexion\u00f3 despu\u00e9s, &#8220;en la actualidad, somos varios espacios los que confluimos en esta lista, y se nota como ha sido bien distribu\u00edda y representada cada participaci\u00f3n seg\u00fan la localidad, sector de la sociedad en el que se desenvuelven. Se trata de espacios pol\u00edticos en los que militan, distintos intereses que defienden activamente y claramente la paridad de g\u00e9nero&#8221;.<\/div>\n<div dir=\"ltr\"><\/div>\n<div dir=\"ltr\"><em>&#8220;Va a ser muy interesante<\/em> -resalt\u00f3 Nanni-<em> que conozcan a cada uno de nuestros candidatos, para entender que cada uno tiene una historia que tuvo que ver para que fuera elegido para sumarse en la lista; toda gente comprometida con la sociedad y en esta oportunidad muy interesados en brindar su aporte&#8221;.<\/em><\/div>\n<div dir=\"ltr\"><\/div>\n<\/div>\n<div dir=\"ltr\"><\/div>\n<div dir=\"ltr\"><strong>Intendente<\/strong><\/div>\n<div dir=\"ltr\">Diego Nanni<\/div>\n<div dir=\"ltr\"><\/div>\n<div dir=\"ltr\"><strong>Concejales titulares:<\/strong><\/div>\n<div dir=\"ltr\">Gustavo Candia<\/div>\n<div dir=\"ltr\">Daniela Dichiara<\/div>\n<div dir=\"ltr\">Cristian Alonso<\/div>\n<div dir=\"ltr\">Patricia Guelielmotti<\/div>\n<div dir=\"ltr\">H\u00e9ctor &#8220;Pepo&#8221; Palmieri<\/div>\n<div dir=\"ltr\">Luc\u00eda Sena<\/div>\n<div dir=\"ltr\">Santiago Scalarandi<\/div>\n<div dir=\"ltr\"><\/div>\n<div dir=\"ltr\"><strong>Concejales suplentes:<\/strong><\/div>\n<div dir=\"ltr\">Bel\u00e9n Ledesma<\/div>\n<div dir=\"ltr\">Nelson Trezza<\/div>\n<div dir=\"ltr\">Yamila Ram\u00edrez<\/div>\n<div dir=\"ltr\">Ra\u00fal Alga\u00f1araz<\/div>\n<div dir=\"ltr\"><\/div>\n<div dir=\"ltr\"><strong>Consejeros escolares titulares:<\/strong><\/div>\n<div dir=\"ltr\">C\u00e9sar Acosta<\/div>\n<div dir=\"ltr\">Male Garatavidea<\/div>\n<div dir=\"ltr\">Fernando Gonz\u00e1lez<\/div>\n<div dir=\"ltr\"><\/div>\n<div dir=\"ltr\"><strong>Consejeros escolares suplentes:<\/strong><\/div>\n<div dir=\"ltr\">Nancy Gim\u00e9nez<\/div>\n<div dir=\"ltr\">Sergio Megido<\/div>\n<div dir=\"ltr\">Elsa Rueda<\/div>\n<div dir=\"ltr\"><\/div>\n<div dir=\"ltr\"><\/div>\n<div dir=\"ltr\"><\/div>\n<div dir=\"ltr\"><\/div>\n","protected":false},"excerpt":{"rendered":"<p>FRENTE DE TODOS EXALTACI\u00d3N. MUCHA GENTE NUEVA.<\/p>\n","protected":false},"author":3,"featured_media":2713,"comment_status":"open","ping_status":"open","sticky":false,"template":"","format":"standard","meta":{"footnotes":"","jetpack_publicize_message":"","jetpack_publicize_feature_enabled":true,"jetpack_social_post_already_shared":false,"jetpack_social_options":{"image_generator_settings":{"template":"highway","default_image_id":0,"font":"","enabled":false},"version":2}},"categories":[17],"tags":[43,385,66],"class_list":["post-2711","post","type-post","status-publish","format-standard","has-post-thumbnail","hentry","category-politica","tag-elecciones","tag-lista","tag-nanni"],"jetpack_publicize_connections":[],"jetpack_featured_media_url":"https:\/\/revistaepocadigital.com.ar\/wp-content\/uploads\/2019\/06\/nanni-lista19.jpg","jetpack_likes_enabled":true,"_links":{"self":[{"href":"https:\/\/revistaepocadigital.com.ar\/index.php?rest_route=\/wp\/v2\/posts\/2711","targetHints":{"allow":["GET"]}}],"collection":[{"href":"https:\/\/revistaepocadigital.com.ar\/index.php?rest_route=\/wp\/v2\/posts"}],"about":[{"href":"https:\/\/revistaepocadigital.com.ar\/index.php?rest_route=\/wp\/v2\/types\/post"}],"author":[{"embeddable":true,"href":"https:\/\/revistaepocadigital.com.ar\/index.php?rest_route=\/wp\/v2\/users\/3"}],"replies":[{"embeddable":true,"href":"https:\/\/revistaepocadigital.com.ar\/index.php?rest_route=%2Fwp%2Fv2%2Fcomments&post=2711"}],"version-history":[{"count":0,"href":"https:\/\/revistaepocadigital.com.ar\/index.php?rest_route=\/wp\/v2\/posts\/2711\/revisions"}],"wp:featuredmedia":[{"embeddable":true,"href":"https:\/\/revistaepocadigital.com.ar\/index.php?rest_route=\/wp\/v2\/media\/2713"}],"wp:attachment":[{"href":"https:\/\/revistaepocadigital.com.ar\/index.php?rest_route=%2Fwp%2Fv2%2Fmedia&parent=2711"}],"wp:term":[{"taxonomy":"category","embeddable":true,"href":"https:\/\/revistaepocadigital.com.ar\/index.php?rest_route=%2Fwp%2Fv2%2Fcategories&post=2711"},{"taxonomy":"post_tag","embeddable":true,"href":"https:\/\/revistaepocadigital.com.ar\/index.php?rest_route=%2Fwp%2Fv2%2Ftags&post=2711"}],"curies":[{"name":"wp","href":"https:\/\/api.w.org\/{rel}","templated":true}]}}