{"id":27123,"date":"2024-10-31T02:12:31","date_gmt":"2024-10-31T05:12:31","guid":{"rendered":"https:\/\/revistaepocadigital.com.ar\/?p=27123"},"modified":"2024-10-31T02:17:50","modified_gmt":"2024-10-31T05:17:50","slug":"al-festejo-por-los-84-anos-de-parada-robles-no-le-falto-nada","status":"publish","type":"post","link":"https:\/\/revistaepocadigital.com.ar\/?p=27123","title":{"rendered":"AL FESTEJO POR LOS 84 A\u00d1OS DE PARADA ROBLES, NO LE FALT\u00d3 NADA"},"content":{"rendered":"<p><strong>LA COMUNIDAD DE ROBLES, SALI\u00d3 A LA CALLE.<\/strong><!--more--><\/p>\n<p>Vecinos, grandes y chicos; visitantes. Mucha gente. Un d\u00eda a pleno sol el pasado domingo 27 de octubre. Todo se uni\u00f3 para que la fiesta de la localidad de Exaltaci\u00f3n de la Cruz, fuera completa.<\/p>\n<p>Estuvieron el intendente Nanni, funcionarios municipales, concejales y consejeros escolares, el delegado municipal de Robles, directivos de Cepral y representeantes de entidades de bien p\u00f9blico, entre otros.<\/p>\n<p>Se celebr\u00f3 la misa, hubo un colorido y participativo desfile, instituciones y escuelas montaron sus espacios, no faltaon los centros tradicionlistas, hubo entrega de distinciones a vecinos destacado, entidades y escuelas dispusieron de sus espacios y el show musial con la actuaci\u00f3n de conjuntos, cantantes locales, sum\u00e1ndose para el cierre Campedrinos, fue el momento culminante del gran d\u00eda vivido.<\/p>\n<p><strong><img loading=\"lazy\" decoding=\"async\" class=\"aligncenter size-full wp-image-27142\" src=\"https:\/\/revistaepocadigital.com.ar\/wp-content\/uploads\/2024\/10\/ro1.jpg\" alt=\"\" width=\"960\" height=\"640\" srcset=\"https:\/\/revistaepocadigital.com.ar\/wp-content\/uploads\/2024\/10\/ro1.jpg 960w, https:\/\/revistaepocadigital.com.ar\/wp-content\/uploads\/2024\/10\/ro1-300x200.jpg 300w, https:\/\/revistaepocadigital.com.ar\/wp-content\/uploads\/2024\/10\/ro1-768x512.jpg 768w, https:\/\/revistaepocadigital.com.ar\/wp-content\/uploads\/2024\/10\/ro1-696x464.jpg 696w, https:\/\/revistaepocadigital.com.ar\/wp-content\/uploads\/2024\/10\/ro1-630x420.jpg 630w\" sizes=\"auto, (max-width: 960px) 100vw, 960px\" \/><\/strong><\/p>\n<p>El intendente Nanni, saluda autoridades de los Bombeross Voluntarios de la localidad.<\/p>\n<p>&nbsp;<\/p>\n<p><img loading=\"lazy\" decoding=\"async\" class=\"aligncenter size-full wp-image-27124\" src=\"https:\/\/revistaepocadigital.com.ar\/wp-content\/uploads\/2024\/10\/unnamed-file.jpg\" alt=\"\" width=\"960\" height=\"640\" srcset=\"https:\/\/revistaepocadigital.com.ar\/wp-content\/uploads\/2024\/10\/unnamed-file.jpg 960w, https:\/\/revistaepocadigital.com.ar\/wp-content\/uploads\/2024\/10\/unnamed-file-300x200.jpg 300w, https:\/\/revistaepocadigital.com.ar\/wp-content\/uploads\/2024\/10\/unnamed-file-768x512.jpg 768w, https:\/\/revistaepocadigital.com.ar\/wp-content\/uploads\/2024\/10\/unnamed-file-696x464.jpg 696w, https:\/\/revistaepocadigital.com.ar\/wp-content\/uploads\/2024\/10\/unnamed-file-630x420.jpg 630w\" sizes=\"auto, (max-width: 960px) 100vw, 960px\" \/><\/p>\n<p>El desfile a pleno. En la imagen, representantes del Club Social y Deportivo Robles, con su presidente Humberto Balige a la cabeza.<\/p>\n<p><img loading=\"lazy\" decoding=\"async\" class=\"aligncenter size-medium wp-image-27144\" src=\"https:\/\/revistaepocadigital.com.ar\/wp-content\/uploads\/2024\/10\/ro2-300x200.jpg\" alt=\"\" width=\"300\" height=\"200\" srcset=\"https:\/\/revistaepocadigital.com.ar\/wp-content\/uploads\/2024\/10\/ro2-300x200.jpg 300w, https:\/\/revistaepocadigital.com.ar\/wp-content\/uploads\/2024\/10\/ro2-768x512.jpg 768w, https:\/\/revistaepocadigital.com.ar\/wp-content\/uploads\/2024\/10\/ro2-696x464.jpg 696w, https:\/\/revistaepocadigital.com.ar\/wp-content\/uploads\/2024\/10\/ro2-630x420.jpg 630w, https:\/\/revistaepocadigital.com.ar\/wp-content\/uploads\/2024\/10\/ro2.jpg 960w\" sizes=\"auto, (max-width: 300px) 100vw, 300px\" \/><\/p>\n<p>El jefe comunal con un representante de los centros tradicionalistas<\/p>\n<p>&nbsp;<\/p>\n<p><img loading=\"lazy\" decoding=\"async\" class=\"aligncenter size-full wp-image-27145\" src=\"https:\/\/revistaepocadigital.com.ar\/wp-content\/uploads\/2024\/10\/ro3.jpg\" alt=\"\" width=\"960\" height=\"640\" srcset=\"https:\/\/revistaepocadigital.com.ar\/wp-content\/uploads\/2024\/10\/ro3.jpg 960w, https:\/\/revistaepocadigital.com.ar\/wp-content\/uploads\/2024\/10\/ro3-300x200.jpg 300w, https:\/\/revistaepocadigital.com.ar\/wp-content\/uploads\/2024\/10\/ro3-768x512.jpg 768w, https:\/\/revistaepocadigital.com.ar\/wp-content\/uploads\/2024\/10\/ro3-696x464.jpg 696w, https:\/\/revistaepocadigital.com.ar\/wp-content\/uploads\/2024\/10\/ro3-630x420.jpg 630w\" sizes=\"auto, (max-width: 960px) 100vw, 960px\" \/><\/p>\n<p>La tradicional Procesi\u00f3n<\/p>\n<p><img loading=\"lazy\" decoding=\"async\" class=\"aligncenter size-full wp-image-27146\" src=\"https:\/\/revistaepocadigital.com.ar\/wp-content\/uploads\/2024\/10\/ro5-desfi.jpg\" alt=\"\" width=\"960\" height=\"541\" srcset=\"https:\/\/revistaepocadigital.com.ar\/wp-content\/uploads\/2024\/10\/ro5-desfi.jpg 960w, https:\/\/revistaepocadigital.com.ar\/wp-content\/uploads\/2024\/10\/ro5-desfi-300x169.jpg 300w, https:\/\/revistaepocadigital.com.ar\/wp-content\/uploads\/2024\/10\/ro5-desfi-768x433.jpg 768w, https:\/\/revistaepocadigital.com.ar\/wp-content\/uploads\/2024\/10\/ro5-desfi-696x392.jpg 696w, https:\/\/revistaepocadigital.com.ar\/wp-content\/uploads\/2024\/10\/ro5-desfi-745x420.jpg 745w\" sizes=\"auto, (max-width: 960px) 100vw, 960px\" \/><\/p>\n<p>Delegaciones de establecimientos educativos, tambi\u00e9n tomaron parte en el desfile.<\/p>\n<p><img loading=\"lazy\" decoding=\"async\" class=\"aligncenter size-full wp-image-27147\" src=\"https:\/\/revistaepocadigital.com.ar\/wp-content\/uploads\/2024\/10\/ro-aetis.jpg\" alt=\"\" width=\"960\" height=\"541\" srcset=\"https:\/\/revistaepocadigital.com.ar\/wp-content\/uploads\/2024\/10\/ro-aetis.jpg 960w, https:\/\/revistaepocadigital.com.ar\/wp-content\/uploads\/2024\/10\/ro-aetis-300x169.jpg 300w, https:\/\/revistaepocadigital.com.ar\/wp-content\/uploads\/2024\/10\/ro-aetis-768x433.jpg 768w, https:\/\/revistaepocadigital.com.ar\/wp-content\/uploads\/2024\/10\/ro-aetis-696x392.jpg 696w, https:\/\/revistaepocadigital.com.ar\/wp-content\/uploads\/2024\/10\/ro-aetis-745x420.jpg 745w\" sizes=\"auto, (max-width: 960px) 100vw, 960px\" \/><br \/>\nLos artistas locales se presentaron y tuvieron su momento muy merecido.<\/p>\n","protected":false},"excerpt":{"rendered":"<p>LA COMUNIDAD DE ROBLES, SALI\u00d3 A LA CALLE.<\/p>\n","protected":false},"author":3,"featured_media":27149,"comment_status":"open","ping_status":"open","sticky":false,"template":"","format":"standard","meta":{"footnotes":"","jetpack_publicize_message":"","jetpack_publicize_feature_enabled":true,"jetpack_social_post_already_shared":true,"jetpack_social_options":{"image_generator_settings":{"template":"highway","default_image_id":0,"font":"","enabled":false},"version":2}},"categories":[5],"tags":[2932,2933],"class_list":["post-27123","post","type-post","status-publish","format-standard","has-post-thumbnail","hentry","category-aqui-parada-robles","tag-aniversario-2024","tag-parada-arobles"],"jetpack_publicize_connections":[],"jetpack_featured_media_url":"https:\/\/revistaepocadigital.com.ar\/wp-content\/uploads\/2024\/10\/ro3-1.jpg","jetpack_likes_enabled":true,"_links":{"self":[{"href":"https:\/\/revistaepocadigital.com.ar\/index.php?rest_route=\/wp\/v2\/posts\/27123","targetHints":{"allow":["GET"]}}],"collection":[{"href":"https:\/\/revistaepocadigital.com.ar\/index.php?rest_route=\/wp\/v2\/posts"}],"about":[{"href":"https:\/\/revistaepocadigital.com.ar\/index.php?rest_route=\/wp\/v2\/types\/post"}],"author":[{"embeddable":true,"href":"https:\/\/revistaepocadigital.com.ar\/index.php?rest_route=\/wp\/v2\/users\/3"}],"replies":[{"embeddable":true,"href":"https:\/\/revistaepocadigital.com.ar\/index.php?rest_route=%2Fwp%2Fv2%2Fcomments&post=27123"}],"version-history":[{"count":0,"href":"https:\/\/revistaepocadigital.com.ar\/index.php?rest_route=\/wp\/v2\/posts\/27123\/revisions"}],"wp:featuredmedia":[{"embeddable":true,"href":"https:\/\/revistaepocadigital.com.ar\/index.php?rest_route=\/wp\/v2\/media\/27149"}],"wp:attachment":[{"href":"https:\/\/revistaepocadigital.com.ar\/index.php?rest_route=%2Fwp%2Fv2%2Fmedia&parent=27123"}],"wp:term":[{"taxonomy":"category","embeddable":true,"href":"https:\/\/revistaepocadigital.com.ar\/index.php?rest_route=%2Fwp%2Fv2%2Fcategories&post=27123"},{"taxonomy":"post_tag","embeddable":true,"href":"https:\/\/revistaepocadigital.com.ar\/index.php?rest_route=%2Fwp%2Fv2%2Ftags&post=27123"}],"curies":[{"name":"wp","href":"https:\/\/api.w.org\/{rel}","templated":true}]}}