{"id":2714,"date":"2019-06-23T17:20:18","date_gmt":"2019-06-23T20:20:18","guid":{"rendered":"https:\/\/revistaepocadigital.com.ar\/?p=2714"},"modified":"2019-06-23T17:21:00","modified_gmt":"2019-06-23T20:21:00","slug":"aqui-estan-estos-son-la-lista-de-sancho","status":"publish","type":"post","link":"https:\/\/revistaepocadigital.com.ar\/?p=2714","title":{"rendered":"Aqu\u00ed est\u00e1n, estos son: la lista de Ra\u00fal Sancho"},"content":{"rendered":"<p><strong>POL\u00cdTICA.<\/strong><!--more--><\/p>\n<p><strong> &#8220;<em>PARA LOGRAR UN CAMBIO EN EXALTACI\u00d3N DE LA CRUZ&#8221;<\/em>, HA DICHO RA\u00daL SANCHO.<\/strong><!--more--><\/p>\n<p>Ante el cierre de las listas como estaba previtos, Cambiemos anunci\u00f3 sus candidatos. &#8220;<em>Comienza una nueva campa\u00f1a, un nuevo cap\u00edtulo de un mismo sue\u00f1o, y los invitamos a todos los que coincidan en esta necesidad de cambio, a sumarse a participar&#8221;<\/em>, apunt\u00f3 el l\u00edder de <strong>Cambiemos<\/strong> en <strong>Exaltaci\u00f3n de la Cruz,<\/strong> y candidato a intendente dado que en este espacio pol\u00edtico por primera vez no habr\u00e1 internas.<\/p>\n<p>Despu\u00e9s sostuvo, <em>&#8220;muchas cosas nos vienen a la mente en estos momentos, muchos sentimientos juntos y recuerdos de todo el camino que hemos recorrido desde aquel 2012, en que decidimos dar vida a un espacio donde generar una alternativa para todos los vecinos que quer\u00edamos ver mejor a nuestro pueblo&#8221;.<\/em><\/p>\n<p>Luego consider\u00f3, <em>&#8220;todo eso nos ha tra\u00eddo hasta ac\u00e1. El trabajo de cada una de las personas que han puesto mucho de s\u00ed en este camino desde el comienzo hasta este 2019 tan importante&#8221;.<\/em><\/p>\n<p><em>&#8220;A todos los que han puesto de su tiempo y esfuerzo<\/em> -acot\u00f3-, <em>a cada vecino que nos ha recibido en su casa, a quienes han confiado en nosotros, a los que nos alientan a seguir, a los voluntarios que ayudan fiscalizando, a quienes son y han sido candidatos, a los casi 400 vecinos que avalaron nuestra lista y a todos los que conforman este gran equipo. Con humildad, compromiso y esperanza, presentamos nuestra lista de candidatos con la que confiamos lograremos poner en marcha un cambio que Exaltaci\u00f3n de la Cruz necesita mucho&#8221;.<\/em><\/p>\n<p>Sobre el hecho que no tendr\u00e1n elecciones internas, Sancho afirm\u00f3 que se debi\u00f3 a <em>&#8220;un trabajo en conjunto y consenso de todos los espacios que integran Cambiemos. Eso no significa que no haya diferencias, ojal\u00e1 nunca dejemos de tenerlas, sino qu\u00e9 hay un objetivo com\u00fan que est\u00e1 por encima de todo, y sobretodo un gran sentido de la responsabilidad hacia quienes conf\u00edan en nosotros para conducir esta nueva etapa en Exaltaci\u00f3n de la Cruz&#8221;.<\/em><\/p>\n<p><strong>La lista de &#8220;Juntos por el Cambio&#8221;.<\/strong><\/p>\n<p>INTENDENTE<br \/>\nRa\u00fal Sancho<\/p>\n<p>CONCEJALES TITULARES<br \/>\n1\u00ba) Ariel Herling<br \/>\n2\u00aa) Ver\u00f3nica Ludwig Dreier<br \/>\n3\u00ba) Gerardo \u201cChipi\u201d Noriega<br \/>\n4\u00aa) Ester Junco<br \/>\n5\u00ba) Roberto Kunsch<br \/>\n6\u00aa) Andrea Izuzquiza<br \/>\n7\u00ba) Jos\u00e9 Maria Shmidt<\/p>\n<p>CONCEJALES SUPLENTES<br \/>\n1\u00aa) Nancy Luchtenberg<br \/>\n2\u00ba) Oscar Cascia<br \/>\n3\u00aa) Sandra G\u00f3mez<br \/>\n4\u00ba) Pablo De Brito<\/p>\n<p>CONSEJEROS ESCOLARES TITULARES<br \/>\n1\u00aa) N\u00e9lida Gonz\u00e1lez<br \/>\n2\u00ba) Exequiel Sarav\u00ed<br \/>\n3\u00aa) Mariela Gigaglia<\/p>\n<p>CONSEJEROS ESCOLARES SUPLENTES<br \/>\n1\u00ba) Jerem\u00edas Sarasti<br \/>\n2\u00aa) Mercedes Arredondo<br \/>\n3\u00ba) Ovidio Gallegos<\/p>\n","protected":false},"excerpt":{"rendered":"<p>POL\u00cdTICA.<\/p>\n","protected":false},"author":3,"featured_media":2721,"comment_status":"open","ping_status":"open","sticky":false,"template":"","format":"standard","meta":{"footnotes":"","jetpack_publicize_message":"","jetpack_publicize_feature_enabled":true,"jetpack_social_post_already_shared":false,"jetpack_social_options":{"image_generator_settings":{"template":"highway","default_image_id":0,"font":"","enabled":false},"version":2}},"categories":[13],"tags":[44,386],"class_list":["post-2714","post","type-post","status-publish","format-standard","has-post-thumbnail","hentry","category-interes-general","tag-elecciones-2019","tag-lista-de-candidatos"],"jetpack_publicize_connections":[],"jetpack_featured_media_url":"https:\/\/revistaepocadigital.com.ar\/wp-content\/uploads\/2019\/06\/saanc.jpg","jetpack_likes_enabled":true,"_links":{"self":[{"href":"https:\/\/revistaepocadigital.com.ar\/index.php?rest_route=\/wp\/v2\/posts\/2714","targetHints":{"allow":["GET"]}}],"collection":[{"href":"https:\/\/revistaepocadigital.com.ar\/index.php?rest_route=\/wp\/v2\/posts"}],"about":[{"href":"https:\/\/revistaepocadigital.com.ar\/index.php?rest_route=\/wp\/v2\/types\/post"}],"author":[{"embeddable":true,"href":"https:\/\/revistaepocadigital.com.ar\/index.php?rest_route=\/wp\/v2\/users\/3"}],"replies":[{"embeddable":true,"href":"https:\/\/revistaepocadigital.com.ar\/index.php?rest_route=%2Fwp%2Fv2%2Fcomments&post=2714"}],"version-history":[{"count":0,"href":"https:\/\/revistaepocadigital.com.ar\/index.php?rest_route=\/wp\/v2\/posts\/2714\/revisions"}],"wp:featuredmedia":[{"embeddable":true,"href":"https:\/\/revistaepocadigital.com.ar\/index.php?rest_route=\/wp\/v2\/media\/2721"}],"wp:attachment":[{"href":"https:\/\/revistaepocadigital.com.ar\/index.php?rest_route=%2Fwp%2Fv2%2Fmedia&parent=2714"}],"wp:term":[{"taxonomy":"category","embeddable":true,"href":"https:\/\/revistaepocadigital.com.ar\/index.php?rest_route=%2Fwp%2Fv2%2Fcategories&post=2714"},{"taxonomy":"post_tag","embeddable":true,"href":"https:\/\/revistaepocadigital.com.ar\/index.php?rest_route=%2Fwp%2Fv2%2Ftags&post=2714"}],"curies":[{"name":"wp","href":"https:\/\/api.w.org\/{rel}","templated":true}]}}