{"id":27158,"date":"2024-11-01T23:51:43","date_gmt":"2024-11-02T02:51:43","guid":{"rendered":"https:\/\/revistaepocadigital.com.ar\/?p=27158"},"modified":"2024-11-08T16:55:40","modified_gmt":"2024-11-08T19:55:40","slug":"en-arroyo-de-la-cruz-un-centro-de-integracion-comunitaria","status":"publish","type":"post","link":"https:\/\/revistaepocadigital.com.ar\/?p=27158","title":{"rendered":"EN ARROYO DE LA  CRUZ, UN CENTRO DE INTEGRACI\u00d3N COMUNITARIA"},"content":{"rendered":"<div class=\"xdj266r x11i5rnm xat24cr x1mh8g0r x1vvkbs x126k92a\">\n<div dir=\"auto\"><strong>DISTINTOS SERVICIOS.<\/strong><\/div>\n<div dir=\"auto\"><\/div>\n<\/div>\n<p><!--more--><\/p>\n<div class=\"x11i5rnm xat24cr x1mh8g0r x1vvkbs xtlvy1s x126k92a\">\n<div dir=\"auto\">Con la presencia del Intendente, Diego Nanni y Valeria Ilarraz, directora de Producci\u00f3n de H\u00e1bitat de la provincia, fue inaugurado el Centro de Integraci\u00f3n Comunitaria para el Desarrollo Social y la Salud, en Arroyo de la Cruz.<\/div>\n<div dir=\"auto\"><\/div>\n<\/div>\n<div class=\"x11i5rnm xat24cr x1mh8g0r x1vvkbs xtlvy1s x126k92a\">\n<div dir=\"auto\">En el lugar, vecinos podr\u00e1n accede al CAPS con consultorios externos, vacunatorio y enfermer\u00eda, oficinas de atenci\u00f3n de Acci\u00f3n Social y Desarrollo de la Comunidad, un espacio para usos m\u00faltiples con juegos y biblioteca, play\u00f3n para esparcimiento, galer\u00eda semicubierta y veredas perimetrales.<\/div>\n<\/div>\n<div dir=\"auto\"><\/div>\n<div class=\"x11i5rnm xat24cr x1mh8g0r x1vvkbs xtlvy1s x126k92a\">\n<div dir=\"auto\"><\/div>\n<\/div>\n<div class=\"x11i5rnm xat24cr x1mh8g0r x1vvkbs xtlvy1s x126k92a\">\n<div dir=\"auto\">El Centro fue concretado, fue informado desde la comuna, atrav\u00e9s del programa de Mejoramiento del H\u00e1bitat de la provincia de Buenos Aires. En la inauguraci\u00f3n tambi\u00e9n estuvieron la secretaria de Acci\u00f3n Social, Mariela Nanni; Vanesa Russo, secretaria de Desarrollo de la Comunidad; Mar\u00eda Luz Bozzani, secretaria de Gobierno; Mar\u00eda Jos\u00e9 Longarela, secretaria de Salud y Calidad de Vida, directores y empleados municipales, funcionarios, vecinos y la comunidad educativa de Arroyo de la Cruz.<\/div>\n<\/div>\n","protected":false},"excerpt":{"rendered":"<p>DISTINTOS SERVICIOS.<\/p>\n","protected":false},"author":3,"featured_media":27293,"comment_status":"open","ping_status":"open","sticky":false,"template":"","format":"standard","meta":{"footnotes":"","jetpack_publicize_message":"","jetpack_publicize_feature_enabled":true,"jetpack_social_post_already_shared":true,"jetpack_social_options":{"image_generator_settings":{"template":"highway","default_image_id":0,"font":"","enabled":false},"version":2}},"categories":[6],"tags":[174,2935],"class_list":["post-27158","post","type-post","status-publish","format-standard","has-post-thumbnail","hentry","category-barrios","tag-arroyo-de-la-cruz","tag-centro-comunitario"],"jetpack_publicize_connections":[],"jetpack_featured_media_url":"https:\/\/revistaepocadigital.com.ar\/wp-content\/uploads\/2024\/11\/centro-arroy-00432432133587_n.jpg","jetpack_likes_enabled":true,"_links":{"self":[{"href":"https:\/\/revistaepocadigital.com.ar\/index.php?rest_route=\/wp\/v2\/posts\/27158","targetHints":{"allow":["GET"]}}],"collection":[{"href":"https:\/\/revistaepocadigital.com.ar\/index.php?rest_route=\/wp\/v2\/posts"}],"about":[{"href":"https:\/\/revistaepocadigital.com.ar\/index.php?rest_route=\/wp\/v2\/types\/post"}],"author":[{"embeddable":true,"href":"https:\/\/revistaepocadigital.com.ar\/index.php?rest_route=\/wp\/v2\/users\/3"}],"replies":[{"embeddable":true,"href":"https:\/\/revistaepocadigital.com.ar\/index.php?rest_route=%2Fwp%2Fv2%2Fcomments&post=27158"}],"version-history":[{"count":0,"href":"https:\/\/revistaepocadigital.com.ar\/index.php?rest_route=\/wp\/v2\/posts\/27158\/revisions"}],"wp:featuredmedia":[{"embeddable":true,"href":"https:\/\/revistaepocadigital.com.ar\/index.php?rest_route=\/wp\/v2\/media\/27293"}],"wp:attachment":[{"href":"https:\/\/revistaepocadigital.com.ar\/index.php?rest_route=%2Fwp%2Fv2%2Fmedia&parent=27158"}],"wp:term":[{"taxonomy":"category","embeddable":true,"href":"https:\/\/revistaepocadigital.com.ar\/index.php?rest_route=%2Fwp%2Fv2%2Fcategories&post=27158"},{"taxonomy":"post_tag","embeddable":true,"href":"https:\/\/revistaepocadigital.com.ar\/index.php?rest_route=%2Fwp%2Fv2%2Ftags&post=27158"}],"curies":[{"name":"wp","href":"https:\/\/api.w.org\/{rel}","templated":true}]}}