{"id":27164,"date":"2024-11-02T00:06:00","date_gmt":"2024-11-02T03:06:00","guid":{"rendered":"https:\/\/revistaepocadigital.com.ar\/?p=27164"},"modified":"2024-11-02T00:08:20","modified_gmt":"2024-11-02T03:08:20","slug":"alberto-fernandez-y-38-personas-citados-a-indagatoria-por-la-justicia-en-la-causa-de-los-seguros","status":"publish","type":"post","link":"https:\/\/revistaepocadigital.com.ar\/?p=27164","title":{"rendered":"Alberto Fern\u00e1ndez y  38 personas citados a indagatoria por la Justicia en la causa de los seguros"},"content":{"rendered":"<header class=\"article-header-wrapper\">\n<div class=\"article-header\">\n<h5 class=\"article-subheadline left\"><strong>Lo decidi\u00f3 el juez Juli\u00e1n Ercolini. Tambi\u00e9n deber\u00e1n declarar el empresario H\u00e9ctor Martinez Sosa y su mujer Mar\u00eda Cantero, y varios ex integrantes de Naci\u00f3n Seguros<\/strong><\/h5>\n<div class=\"byline\">\n<div class=\"byline-image-ctn\">\n<div class=\"author-image-header\">\n<div class=\"\"><picture><source srcset=\"https:\/\/www.infobae.com\/resizer\/v2\/https%3A%2F%2Fs3.amazonaws.com%2Farc-authors%2Finfobae%2Ff3c91049-3753-472f-aa41-1fe122ae9f8e.jpg?auth=8791d1af3c99411baf13ecb00fa0b06b518eeb18c66c640301336f867ce990a5&amp;smart=true&amp;width=40&amp;height=40&amp;quality=85\" media=\"(min-width: 80px)\" \/><img loading=\"lazy\" decoding=\"async\" class=\"global-image byline-author-image\" src=\"https:\/\/www.infobae.com\/resizer\/v2\/https%3A%2F%2Fs3.amazonaws.com%2Farc-authors%2Finfobae%2Ff3c91049-3753-472f-aa41-1fe122ae9f8e.jpg?auth=8791d1af3c99411baf13ecb00fa0b06b518eeb18c66c640301336f867ce990a5&amp;smart=true&amp;width=40&amp;height=40&amp;quality=85\" alt=\"Nicol\u00e1s Pizzi\" width=\"1\" height=\"1\" \/><\/picture><\/div>\n<\/div>\n<\/div>\n<\/div>\n<\/div>\n<\/header>\n<article class=\"article\">\n<div class=\"sharebar-container\">\n<div class=\"sharebar-buttons-container\">\n<div class=\"sharebar-buttons-separator\">nota publicada en infobae.com<\/div>\n<p>&nbsp;<\/p>\n<\/div>\n<\/div>\n<div class=\"body-article \">\n<div class=\" visual__image\"><picture><source srcset=\"https:\/\/www.infobae.com\/resizer\/v2\/CB6KCN2X2JAYLJIJPSS2HQQ2CE.jpg?auth=097ec2f80b0f06bb436bab82a4a8e66cbed819a7acfa1e97014f578ca6bd6944&amp;smart=true&amp;width=992&amp;height=558&amp;quality=85\" media=\"(min-width: 1000px)\" \/><source srcset=\"https:\/\/www.infobae.com\/resizer\/v2\/CB6KCN2X2JAYLJIJPSS2HQQ2CE.jpg?auth=097ec2f80b0f06bb436bab82a4a8e66cbed819a7acfa1e97014f578ca6bd6944&amp;smart=true&amp;width=768&amp;height=432&amp;quality=85\" media=\"(min-width: 768px)\" \/><source srcset=\"https:\/\/www.infobae.com\/resizer\/v2\/CB6KCN2X2JAYLJIJPSS2HQQ2CE.jpg?auth=097ec2f80b0f06bb436bab82a4a8e66cbed819a7acfa1e97014f578ca6bd6944&amp;smart=true&amp;width=577&amp;height=325&amp;quality=85\" media=\"(min-width: 580px)\" \/><source srcset=\"https:\/\/www.infobae.com\/resizer\/v2\/CB6KCN2X2JAYLJIJPSS2HQQ2CE.jpg?auth=097ec2f80b0f06bb436bab82a4a8e66cbed819a7acfa1e97014f578ca6bd6944&amp;smart=true&amp;width=420&amp;height=236&amp;quality=85\" media=\"(min-width: 350px)\" \/><source srcset=\"https:\/\/www.infobae.com\/resizer\/v2\/CB6KCN2X2JAYLJIJPSS2HQQ2CE.jpg?auth=097ec2f80b0f06bb436bab82a4a8e66cbed819a7acfa1e97014f578ca6bd6944&amp;smart=true&amp;width=350&amp;height=197&amp;quality=85\" media=\"(min-width: 80px)\" \/><img loading=\"lazy\" decoding=\"async\" class=\"global-image\" src=\"https:\/\/www.infobae.com\/resizer\/v2\/CB6KCN2X2JAYLJIJPSS2HQQ2CE.jpg?auth=097ec2f80b0f06bb436bab82a4a8e66cbed819a7acfa1e97014f578ca6bd6944&amp;smart=true&amp;width=350&amp;height=197&amp;quality=85\" alt=\"Mar\u00eda Cantero, H\u00e9ctor Mart\u00ednez Sosa y Alberto Fern\u00e1ndez inaugurar\u00e1n la ronda de indagatorias. \" width=\"1920\" height=\"1080\" \/><\/picture>Mar\u00eda Cantero, H\u00e9ctor Mart\u00ednez Sosa y Alberto Fern\u00e1ndez inaugurar\u00e1n la ronda de indagatorias.<\/div>\n<div><\/div>\n<p class=\"paragraph\">El juez federal\u00a0<b>Juli\u00e1n Ercolini cit\u00f3 a indagatoria al ex presidente Alberto Fern\u00e1ndez<\/b>\u00a0por el esc\u00e1ndalo de los seguros y a otras 38 personas, seg\u00fan pudo saber\u00a0<b>Infobae\u00a0<\/b>de fuentes judiciales.\u00a0<b>Tambi\u00e9n fueron convocados el empresario H\u00e9ctor Martinez Sosa, su mujer Mar\u00eda Cantero,\u00a0<\/b>y varios ex funcionarios de directorio de Naci\u00f3n Seguros.<\/p>\n<p class=\"paragraph\">Fern\u00e1ndez deber\u00e1 presentarse el\u00a0<b>20 de noviembre<\/b>. Al d\u00eda siguiente fueron citados Mart\u00ednez Sosa y su mujer, la hist\u00f3rica secretaria del ex presidente.<\/p>\n<div class=\"inline ad-wrapper\">\n<div class=\"dfpAd ad-inline\">\n<div id=\"infobae\/politica\/nota\/inline\" class=\"infobae\/politica\/nota\/inline arcad\"><\/div>\n<\/div>\n<\/div>\n<p class=\"paragraph\">La extensa lista incluye al ex presidente de Naci\u00f3n Seguros Alberto Pagliano, y a otros ex funcionarios de ese organismo como\u00a0<b>Gustavo Garc\u00eda Argibay, Sebasti\u00e1n Diaz Bancalari, Fernando Arana, Carlos Soria, y Mauro Tanos.\u00a0<\/b>Algunos de ellos habr\u00edan implementado, seg\u00fan la Justicia, un \u201cmecanismo de direccionamiento\u201d para elegir a los brokers que tuvieron contratos con el Estado entre 2019 y 2023. De esa manera, las designaciones por parte de los organismos p\u00fablicos eran, en muchos casos, una pantalla.<\/p>\n<p class=\"paragraph\">En una resoluci\u00f3n de 46 carillas a la que tuvo acceso\u00a0<b>Infobae,<\/b>\u00a0el juez acus\u00f3 a Fern\u00e1ndez de tener el control de toda la maniobra, al margen del decreto 823\/21, que termin\u00f3 con el sistema de coaseguro y le entreg\u00f3 el monopolio a Naci\u00f3n Seguros: \u201c<b>Aprovecha\u0301ndose de su investidura, el nombrado habri\u0301a retenido la potestad de adoptar la u\u0301ltima decisio\u0301n en caso de controversia entre los dema\u0301s miembros del grupo y se habri\u0301a ocupado del direccionamiento en los casos en que las gestiones previas resultaban infructuosas\u201d.<\/b><\/p>\n<div class=\"inline_2_DSK ad-wrapper ad-desktop\">\n<div class=\"dfpAd ad-inline\">\n<div id=\"infobae\/politica\/nota\/inline_2_DSK\" class=\"infobae\/politica\/nota\/inline_2_DSK arcad\"><\/div>\n<\/div>\n<\/div>\n<p class=\"paragraph\">Toda esa maniobra benefici\u00f3 a un grupo reducido de empresas.<\/p>\n<p class=\"paragraph\">Bachellier\u00a0<b>encabez\u00f3 el ranking de las comisiones.\u00a0<\/b>El a\u00f1o que m\u00e1s cobr\u00f3 fue en 2022, con $700.416.803.<a href=\"https:\/\/www.infobae.com\/politica\/2024\/03\/18\/escandalo-de-los-seguros-las-empresas-del-broker-amigo-de-alberto-fernandez-y-sus-satelites-cobraron-mas-de-2000-millones-por-comisiones\/\" rel=\"noopener noreferrer\">\u00a0<\/a><a href=\"https:\/\/www.infobae.com\/politica\/2024\/03\/18\/escandalo-de-los-seguros-las-empresas-del-broker-amigo-de-alberto-fernandez-y-sus-satelites-cobraron-mas-de-2000-millones-por-comisiones\/\" rel=\"noopener noreferrer\">Solo el contrato con Gendarmer\u00eda le signific\u00f3 un ingreso de $1.363 millones, aunque tambi\u00e9n tuvo las p\u00f3lizas del Ministerio de Seguridad, PFA, PSA y Prefectura.<\/a><\/p>\n<p class=\"paragraph\">Los chats encontrados en los tel\u00e9fonos de los imputados revelaron que Mart\u00ednez Sosa gestion\u00f3 esa p\u00f3liza.\u00a0<b>El broker le contaba a su mujer detalles de las reuniones y hasta se sacaba fotos con Andr\u00e9s Severino,\u00a0<\/b>por entonces director nacional de la fuerza.\u00a0<a href=\"https:\/\/www.infobae.com\/politica\/2024\/08\/02\/los-explosivos-chats-entre-la-secretaria-de-alberto-fernandez-y-su-marido-broker-por-el-escandalo-de-los-seguros\/\" target=\"_blank\" rel=\"noopener noreferrer\">\u201cTodav\u00eda aqu\u00ed. Ahora con \u00e9l y el 2do comandante\u201d, le cuenta a su mujer el 8 de julio de 2021.<\/a><\/p>\n<p class=\"paragraph\">Severino es uno de los citados. Deber\u00e1 presentarse el 2 de diciembre.<\/p>\n<div class=\" visual__image\"><picture><source srcset=\"https:\/\/www.infobae.com\/resizer\/v2\/RU3VBBSFNVFVRFX4KIC4UYAAMU.jpg?auth=f4d886dd1dd979c917fbd3c92f94f38c153f3494e28dea227f8d83cf0d128cfb&amp;smart=true&amp;width=992&amp;height=661&amp;quality=85\" media=\"(min-width: 1000px)\" \/><source srcset=\"https:\/\/www.infobae.com\/resizer\/v2\/RU3VBBSFNVFVRFX4KIC4UYAAMU.jpg?auth=f4d886dd1dd979c917fbd3c92f94f38c153f3494e28dea227f8d83cf0d128cfb&amp;smart=true&amp;width=768&amp;height=512&amp;quality=85\" media=\"(min-width: 768px)\" \/><source srcset=\"https:\/\/www.infobae.com\/resizer\/v2\/RU3VBBSFNVFVRFX4KIC4UYAAMU.jpg?auth=f4d886dd1dd979c917fbd3c92f94f38c153f3494e28dea227f8d83cf0d128cfb&amp;smart=true&amp;width=577&amp;height=385&amp;quality=85\" media=\"(min-width: 580px)\" \/><source srcset=\"https:\/\/www.infobae.com\/resizer\/v2\/RU3VBBSFNVFVRFX4KIC4UYAAMU.jpg?auth=f4d886dd1dd979c917fbd3c92f94f38c153f3494e28dea227f8d83cf0d128cfb&amp;smart=true&amp;width=420&amp;height=280&amp;quality=85\" media=\"(min-width: 350px)\" \/><source srcset=\"https:\/\/www.infobae.com\/resizer\/v2\/RU3VBBSFNVFVRFX4KIC4UYAAMU.jpg?auth=f4d886dd1dd979c917fbd3c92f94f38c153f3494e28dea227f8d83cf0d128cfb&amp;smart=true&amp;width=350&amp;height=233&amp;quality=85\" media=\"(min-width: 80px)\" \/><img loading=\"lazy\" decoding=\"async\" class=\"global-image\" src=\"https:\/\/www.infobae.com\/resizer\/v2\/RU3VBBSFNVFVRFX4KIC4UYAAMU.jpg?auth=f4d886dd1dd979c917fbd3c92f94f38c153f3494e28dea227f8d83cf0d128cfb&amp;smart=true&amp;width=350&amp;height=233&amp;quality=85\" alt=\"Mart\u00ednez Sosa con el jefe de Gendarmer\u00eda, Andr\u00e9s Severino. \" width=\"1920\" height=\"1258\" \/><\/picture>Mart\u00ednez Sosa con el jefe de Gendarmer\u00eda, Andr\u00e9s Severino.<\/div>\n<p>&nbsp;<\/p>\n<p class=\"paragraph\">Al frente de Bachellier figuran Osvaldo Alfredo Tortora y Ricardo Daniel Gonz\u00e1lez, pero los investigadores\u00a0<b>hace tiempo trabajan sobre la hip\u00f3tesis de que es un sat\u00e9lite de Mart\u00ednez Sosa<\/b>. Sin embargo, Tortora fue sumado a la lista de indagatorias.<\/p>\n<p class=\"paragraph\">Detr\u00e1s de esa empresa aparec\u00eda la firma de \u201cHecky\u201d Mart\u00ednez Sosa, que recibi\u00f3 $366.635.744 en comisiones. Una auditor\u00eda de Naci\u00f3n Seguros revel\u00f3 que el amigo de Fern\u00e1ndez tuvo contratos con\u00a0<b>19 organismos p\u00fablicos<\/b>.\u00a0<a href=\"https:\/\/www.infobae.com\/politica\/2024\/03\/14\/escandalo-de-los-seguros-la-secretaria-de-turismo-revelo-que-martinez-sosa-era-asesor-pero-dice-que-no-hay-datos-sobre-comisiones\/\" rel=\"noopener noreferrer\">En el listado aparecen cuatro ministerios, Vialidad Nacional, Casa de la Moneda, Corredores Viales SA, el Fondo de las Artes, y la Corte Suprema, entre otros.<\/a>\u00a0Solo entre esas dos empresas cobraron m\u00e1s de $2000 millones.<\/p>\n<p class=\"paragraph\">\u201cLa maniobra habri\u0301a requerido de la intervencio\u0301n intencional de funcionarios pu\u0301blicos de \u201cNaci\u00f3n Seguros SA\u201d y tambie\u0301n de las distintas reparticiones estatales tomadoras de los seguros en cuestio\u0301n que, segu\u0301n los casos, de modo impuesto o acordado, directa o indirectamente o por actos simulados,\u00a0<b>habri\u0301an mostrado intere\u0301s para un propio beneficio o de terceros, en la designacio\u0301n irregular o informal de productores<\/b>, organizadores y ma\u0301sters e, incluso, de coaseguradoras privadas, con la consecuente incorporacio\u0301n en las po\u0301lizas y liquidacio\u0301n de dividendos en favor de dichos particulares por parte de \u201cNaci\u00f3n Seguros\u201d, dice la resoluci\u00f3n del juez Ercolini.<\/p>\n<p class=\"paragraph\">Detr\u00e1s de Mart\u00ednez Sosa aparec\u00edan varios \u201csat\u00e9lites\u201d que tambi\u00e9n fueron citados a declarar:\u00a0<b>Manuel Rau\u0301l Andre\u0301s Calvo, Laura Elena Crisafulli, Norberto Mati\u0301as Garrido, y Fernando Carlos Salim.<\/b><\/p>\n<p class=\"paragraph\">En total, entre \u201cHecky\u201d y sus sat\u00e9lites cobraron $2.297.820.134, es decir el 59,6% del universo de comisiones pagadas.<\/p>\n<div class=\" visual__image\"><picture><source srcset=\"https:\/\/www.infobae.com\/resizer\/v2\/35XTXV3HYZCKXNJM5AE4DMKYOA.jpg?auth=82be4c43473645957b3cfac656995e4eebe9853df581512e3763cf82ddf1fe87&amp;smart=true&amp;width=992&amp;height=558&amp;quality=85\" media=\"(min-width: 1000px)\" \/><source srcset=\"https:\/\/www.infobae.com\/resizer\/v2\/35XTXV3HYZCKXNJM5AE4DMKYOA.jpg?auth=82be4c43473645957b3cfac656995e4eebe9853df581512e3763cf82ddf1fe87&amp;smart=true&amp;width=768&amp;height=432&amp;quality=85\" media=\"(min-width: 768px)\" \/><source srcset=\"https:\/\/www.infobae.com\/resizer\/v2\/35XTXV3HYZCKXNJM5AE4DMKYOA.jpg?auth=82be4c43473645957b3cfac656995e4eebe9853df581512e3763cf82ddf1fe87&amp;smart=true&amp;width=577&amp;height=325&amp;quality=85\" media=\"(min-width: 580px)\" \/><source srcset=\"https:\/\/www.infobae.com\/resizer\/v2\/35XTXV3HYZCKXNJM5AE4DMKYOA.jpg?auth=82be4c43473645957b3cfac656995e4eebe9853df581512e3763cf82ddf1fe87&amp;smart=true&amp;width=420&amp;height=236&amp;quality=85\" media=\"(min-width: 350px)\" \/><source srcset=\"https:\/\/www.infobae.com\/resizer\/v2\/35XTXV3HYZCKXNJM5AE4DMKYOA.jpg?auth=82be4c43473645957b3cfac656995e4eebe9853df581512e3763cf82ddf1fe87&amp;smart=true&amp;width=350&amp;height=197&amp;quality=85\" media=\"(min-width: 80px)\" \/><img loading=\"lazy\" decoding=\"async\" class=\"global-image\" src=\"https:\/\/www.infobae.com\/resizer\/v2\/35XTXV3HYZCKXNJM5AE4DMKYOA.jpg?auth=82be4c43473645957b3cfac656995e4eebe9853df581512e3763cf82ddf1fe87&amp;smart=true&amp;width=350&amp;height=197&amp;quality=85\" alt=\"\" width=\"1920\" height=\"1080\" \/><\/picture><\/div>\n<p class=\"paragraph\">El juez apunt\u00f3 tambi\u00e9n a la empresa Castello Mercuri SA y al broker Pablo Torres Garc\u00eda, due\u00f1o de TG Broker. \u201cComo resultado de este direccionamiento indebido, las empresas y productores afines a Mart\u00ednez Sosa, Castello y Torres Garc\u00eda pasaron a percibir ma\u0301s del 87% del monto abonado por \u201cNACIO\u0301N SEGUROS S.A.\u201d por las comisiones de las po\u0301lizas emitidas durante el peri\u0301odo en que se habri\u0301a desarrollado la maniobra\u201d, se destaca en el fallo.<\/p>\n<p class=\"paragraph\">Traducido a n\u00fameros, esas empresas cobraron\u00a0<b>$3.364.522.944,<\/b>\u00a0ma\u0301s del 87% de los $ 3.857.616.638 liquidados por la aseguradora oficial a todos los intermediarios en la gesti\u00f3n de Alberto Fern\u00e1ndez.<\/p>\n<p class=\"paragraph\">Respecto a Mart\u00ednez Sosa, la resoluci\u00f3n destaca\u00a0<b>la relaci\u00f3n de amistad con Fern\u00e1ndez<\/b>\u00a0y los regalos que le hac\u00eda al ex presidente junto a su pareja. En los chats de la causa se mencionan corbatas, relojes, y hasta un cuadro original de Per\u00f3n y Evita abraz\u00e1ndose.<i>\u00a0<\/i>Esa obra, de Juan Manuel N\u00fa\u00f1ez Lencinas, termin\u00f3 colgada en el despacho de Olivos.<\/p>\n<p class=\"paragraph\">En 2019, cuando todav\u00eda Fern\u00e1ndez no era presidente, Cantero compr\u00f3<b>\u00a0un Tag Heuer, de la serie Aston Martin, valuado en 1800 d\u00f3lares<\/b>. La foto fue borrada pero los peritos lograron recuperarla. El destinatario era el \u201cGordo\u201d Rodr\u00edguez, un nexo privilegiado entre el Presidente y Mart\u00ednez Sosa.<\/p>\n<p class=\"paragraph\">No fue el \u00fanico reloj lujoso que compr\u00f3 Cantero. El 8 de diciembre de 2019, dos d\u00edas antes de la asunci\u00f3n del flamante presidente, la secretaria entr\u00f3 a la oficina a los gritos y se dirigi\u00f3 a Alberto Fern\u00e1ndez:\u00a0<b>\u201cMir\u00e1 lo que te compramos con H\u00e9ctor\u201d.\u00a0<\/b>Adentro de la bolsa hab\u00eda un\u00a0<b>Rolex<\/b>. El presidente electo se incomod\u00f3 con la situaci\u00f3n y rechaz\u00f3 el regalo. Un dirigente pol\u00edtico, que luego tendr\u00eda un cargo importante en ese gobierno, fue testigo de toda la escena.<\/p>\n<div class=\" visual__image\"><picture><source srcset=\"https:\/\/www.infobae.com\/resizer\/v2\/OH5OSILDORC7DOJAMLAKVEDDDE.jpg?auth=6129b3553688eb6e4879648507e55f1ca4490d2b687a2b9556051ab0b9772363&amp;smart=true&amp;width=992&amp;height=558&amp;quality=85\" media=\"(min-width: 1000px)\" \/><source srcset=\"https:\/\/www.infobae.com\/resizer\/v2\/OH5OSILDORC7DOJAMLAKVEDDDE.jpg?auth=6129b3553688eb6e4879648507e55f1ca4490d2b687a2b9556051ab0b9772363&amp;smart=true&amp;width=768&amp;height=432&amp;quality=85\" media=\"(min-width: 768px)\" \/><source srcset=\"https:\/\/www.infobae.com\/resizer\/v2\/OH5OSILDORC7DOJAMLAKVEDDDE.jpg?auth=6129b3553688eb6e4879648507e55f1ca4490d2b687a2b9556051ab0b9772363&amp;smart=true&amp;width=577&amp;height=325&amp;quality=85\" media=\"(min-width: 580px)\" \/><source srcset=\"https:\/\/www.infobae.com\/resizer\/v2\/OH5OSILDORC7DOJAMLAKVEDDDE.jpg?auth=6129b3553688eb6e4879648507e55f1ca4490d2b687a2b9556051ab0b9772363&amp;smart=true&amp;width=420&amp;height=236&amp;quality=85\" media=\"(min-width: 350px)\" \/><source srcset=\"https:\/\/www.infobae.com\/resizer\/v2\/OH5OSILDORC7DOJAMLAKVEDDDE.jpg?auth=6129b3553688eb6e4879648507e55f1ca4490d2b687a2b9556051ab0b9772363&amp;smart=true&amp;width=350&amp;height=197&amp;quality=85\" media=\"(min-width: 80px)\" \/><img loading=\"lazy\" decoding=\"async\" class=\"global-image\" src=\"https:\/\/www.infobae.com\/resizer\/v2\/OH5OSILDORC7DOJAMLAKVEDDDE.jpg?auth=6129b3553688eb6e4879648507e55f1ca4490d2b687a2b9556051ab0b9772363&amp;smart=true&amp;width=350&amp;height=197&amp;quality=85\" alt=\"\" width=\"1920\" height=\"1080\" \/><\/picture><\/div>\n<p class=\"paragraph\">Adem\u00e1s de la maniobra para elegir a los brokers, Ercolini hizo hincapi\u00e9 en la elecci\u00f3n de las coaseguradoras, otro negocio millonario, tras la publicaci\u00f3n del decreto 823. \u201cEllo habri\u0301a permitido concentrar en la o\u0301rbita de \u201cNaci\u00f3n Seguros SA\u201d el direccionamiento de la asignacio\u0301n de porcentajes de los contratos a las aseguradoras privadas que eran seleccionadas de forma arbitraria desde la Subgerencia Te\u0301cnica Comercial a cargo de Carlos Alberto Soria\u201d, describi\u00f3 el juez.<\/p>\n<div class=\"undefined ad-wrapper\">\n<div class=\"dfpAd \">\n<div id=\"infobae\/politica\/nota\/undefined\" class=\"infobae\/politica\/nota\/undefined arcad\"><\/div>\n<\/div>\n<\/div>\n<p class=\"paragraph\">La causa de los seguros comenz\u00f3 a fines de febrero, tras un art\u00edculo publicado por el editor general adjunto del diario Clar\u00edn, Ricardo Roa<i>.\u00a0<\/i>En marzo, el juez Ercolini realiz\u00f3 decenas de allanamientos en los domicilios de los principales imputados y en m\u00e1s de 100 organismos. En esos operativos, se secuestraron varios celulares y se analiz\u00f3 su contenido. De esa manera se encontraron los mensajes y las fotos que le hab\u00eda mandado Fabiola Ya\u00f1ez a Cantero en 2023.<\/p>\n<p class=\"paragraph\">Entre los citados a indagatoria tambi\u00e9n aparece ex titular del Fondo de Garant\u00edas de Sustentabilidad (FGS),\u00a0<b>Federico D\u2019Angelo Campos,\u00a0<\/b>quien intercedi\u00f3 ante Naci\u00f3n Seguros por el contrato para los cr\u00e9ditos de los jubilados con la ANSES.<\/p>\n<p class=\"paragraph\">Luego de los primeros allanamientos ordenados por el juez, Naci\u00f3n Seguros ech\u00f3 al entonces gerente general\u00a0<b>Mauro Tanos,\u00a0<\/b>al gerente de compras\u00a0<b>Marcos Eufemio,\u00a0<\/b>y al gerente del \u00e1rea comercial,\u00a0<b>Mat\u00edas Caselli<\/b>. Semanas despu\u00e9s, tambi\u00e9n fue apartado D\u2019Angelo Campos de la ANSES.<\/p>\n<div class=\" visual__image\"><picture><source srcset=\"https:\/\/www.infobae.com\/resizer\/v2\/KQZ4P3KSDRFWBDV5DSLF5S4IEM.jpg?auth=b660aa25c055d7089b0b2a84757840eee9de7a96e69f57f2b846d73b900c58c1&amp;smart=true&amp;width=992&amp;height=558&amp;quality=85\" media=\"(min-width: 1000px)\" \/><source srcset=\"https:\/\/www.infobae.com\/resizer\/v2\/KQZ4P3KSDRFWBDV5DSLF5S4IEM.jpg?auth=b660aa25c055d7089b0b2a84757840eee9de7a96e69f57f2b846d73b900c58c1&amp;smart=true&amp;width=768&amp;height=432&amp;quality=85\" media=\"(min-width: 768px)\" \/><source srcset=\"https:\/\/www.infobae.com\/resizer\/v2\/KQZ4P3KSDRFWBDV5DSLF5S4IEM.jpg?auth=b660aa25c055d7089b0b2a84757840eee9de7a96e69f57f2b846d73b900c58c1&amp;smart=true&amp;width=577&amp;height=325&amp;quality=85\" media=\"(min-width: 580px)\" \/><source srcset=\"https:\/\/www.infobae.com\/resizer\/v2\/KQZ4P3KSDRFWBDV5DSLF5S4IEM.jpg?auth=b660aa25c055d7089b0b2a84757840eee9de7a96e69f57f2b846d73b900c58c1&amp;smart=true&amp;width=420&amp;height=236&amp;quality=85\" media=\"(min-width: 350px)\" \/><source srcset=\"https:\/\/www.infobae.com\/resizer\/v2\/KQZ4P3KSDRFWBDV5DSLF5S4IEM.jpg?auth=b660aa25c055d7089b0b2a84757840eee9de7a96e69f57f2b846d73b900c58c1&amp;smart=true&amp;width=350&amp;height=197&amp;quality=85\" media=\"(min-width: 80px)\" \/><img loading=\"lazy\" decoding=\"async\" class=\"global-image\" src=\"https:\/\/www.infobae.com\/resizer\/v2\/KQZ4P3KSDRFWBDV5DSLF5S4IEM.jpg?auth=b660aa25c055d7089b0b2a84757840eee9de7a96e69f57f2b846d73b900c58c1&amp;smart=true&amp;width=350&amp;height=197&amp;quality=85\" alt=\"La supuesta sede de la Cooperativa 7 de mayo en la calle Cervantes al 5300.\" width=\"1920\" height=\"1080\" \/><\/picture>La supuesta sede de la Cooperativa 7 de mayo en la calle Cervantes al 5300.<\/div>\n<p class=\"paragraph\">Adem\u00e1s fue citado a indagatoria el empresario\u00a0<b>Alfredo Del Corro,\u00a0<\/b>uno de los \u201cdue\u00f1os\u201d de la cooperativa 7 de mayo,<a href=\"https:\/\/www.infobae.com\/politica\/2024\/09\/29\/causa-seguros-una-cooperativa-recibio-transferencias-millonarias-de-brokers-y-sospechan-que-eran-coimas-para-funcionarios\/\" target=\"_blank\" rel=\"noopener noreferrer\">\u00a0que recibi\u00f3 decenas de transferencias sospechosas de algunos brokers investigados, tal como revel\u00f3 Infobae.<\/a><\/p>\n<p class=\"paragraph\">Esa cooperativa apareci\u00f3 en escena al comienzo del esc\u00e1ndalo. Fue un hallazgo totalmente casual: la Polic\u00eda sigui\u00f3 un auto luego de un allanamiento en la empresa San Ignacio y termin\u00f3 descubriendo dos camionetas 4&#215;4 registradas a nombre de esa firma. Esa pista expuso una red de contactos entre ex funcionarios de\u00a0<b>Naci\u00f3n Seguros<\/b>\u00a0y empresas aseguradoras.<\/p>\n<p class=\"paragraph\">Al menos dos aseguradoras investigadas por el juez Juli\u00e1n Ercolini figuran en las transferencias ingresadas a las cuentas de 7 de Mayo. El dinero entraba a cambio de un supuesto servicio. En este caso, se hablaba de\u00a0<b>eventos gastron\u00f3micos<\/b>. Para no despertar sospechas, la cooperativa emit\u00eda facturas por esos montos. Pero no hab\u00eda ning\u00fan catering.<\/p>\n<p class=\"paragraph\">La cooperativa 7 de mayo era<b>\u00a0<\/b>la due\u00f1a de una franquicia de \u201cLa Birreria\u201d, que funcionaba en Honduras al 5500,<b>\u00a0y hab\u00eda tramitado<\/b>\u00a0<b>un subsidio con el INAES de $15 millones.\u00a0<\/b>El dinero ingres\u00f3 a la cuenta el 24 de octubre de 2022. Una semana despu\u00e9s, se esfum\u00f3 a trav\u00e9s de 16 cheques, seg\u00fan consta en un documento oficial al que tuvo acceso\u00a0<b>Infobae<\/b>. \u201cLa Cooperativa no dio respuesta a la informaci\u00f3n acerca de a qu\u00e9 persona, humana o jur\u00eddica, se ha extendido cada uno de esos cheques\u201d, admiti\u00f3 el INAES en mayo de este a\u00f1o. Un mes despu\u00e9s, tuvo que suspenderla.<\/p>\n<\/div>\n<\/article>\n","protected":false},"excerpt":{"rendered":"<p>Lo decidi\u00f3 el juez Juli\u00e1n Ercolini. Tambi\u00e9n deber\u00e1n declarar el empresario H\u00e9ctor Martinez Sosa y su mujer Mar\u00eda Cantero, y varios ex integrantes de Naci\u00f3n Seguros nota publicada en infobae.com &nbsp; Mar\u00eda Cantero, H\u00e9ctor Mart\u00ednez Sosa y Alberto Fern\u00e1ndez inaugurar\u00e1n la ronda de indagatorias. El juez federal\u00a0Juli\u00e1n Ercolini cit\u00f3 a indagatoria al ex presidente Alberto [&hellip;]<\/p>\n","protected":false},"author":3,"featured_media":27166,"comment_status":"open","ping_status":"open","sticky":false,"template":"","format":"standard","meta":{"footnotes":"","jetpack_publicize_message":"","jetpack_publicize_feature_enabled":true,"jetpack_social_post_already_shared":true,"jetpack_social_options":{"image_generator_settings":{"template":"highway","default_image_id":0,"font":"","enabled":false},"version":2}},"categories":[17],"tags":[2657,2936,2937],"class_list":["post-27164","post","type-post","status-publish","format-standard","has-post-thumbnail","hentry","category-politica","tag-alberto-fernandez","tag-causa-seguros","tag-justicia"],"jetpack_publicize_connections":[],"jetpack_featured_media_url":"https:\/\/revistaepocadigital.com.ar\/wp-content\/uploads\/2024\/11\/CB6KCN2X2JAYLJIJPSS2HQQ2CE.avif","jetpack_likes_enabled":true,"_links":{"self":[{"href":"https:\/\/revistaepocadigital.com.ar\/index.php?rest_route=\/wp\/v2\/posts\/27164","targetHints":{"allow":["GET"]}}],"collection":[{"href":"https:\/\/revistaepocadigital.com.ar\/index.php?rest_route=\/wp\/v2\/posts"}],"about":[{"href":"https:\/\/revistaepocadigital.com.ar\/index.php?rest_route=\/wp\/v2\/types\/post"}],"author":[{"embeddable":true,"href":"https:\/\/revistaepocadigital.com.ar\/index.php?rest_route=\/wp\/v2\/users\/3"}],"replies":[{"embeddable":true,"href":"https:\/\/revistaepocadigital.com.ar\/index.php?rest_route=%2Fwp%2Fv2%2Fcomments&post=27164"}],"version-history":[{"count":0,"href":"https:\/\/revistaepocadigital.com.ar\/index.php?rest_route=\/wp\/v2\/posts\/27164\/revisions"}],"wp:featuredmedia":[{"embeddable":true,"href":"https:\/\/revistaepocadigital.com.ar\/index.php?rest_route=\/wp\/v2\/media\/27166"}],"wp:attachment":[{"href":"https:\/\/revistaepocadigital.com.ar\/index.php?rest_route=%2Fwp%2Fv2%2Fmedia&parent=27164"}],"wp:term":[{"taxonomy":"category","embeddable":true,"href":"https:\/\/revistaepocadigital.com.ar\/index.php?rest_route=%2Fwp%2Fv2%2Fcategories&post=27164"},{"taxonomy":"post_tag","embeddable":true,"href":"https:\/\/revistaepocadigital.com.ar\/index.php?rest_route=%2Fwp%2Fv2%2Ftags&post=27164"}],"curies":[{"name":"wp","href":"https:\/\/api.w.org\/{rel}","templated":true}]}}