{"id":27178,"date":"2024-11-05T02:04:18","date_gmt":"2024-11-05T05:04:18","guid":{"rendered":"https:\/\/revistaepocadigital.com.ar\/?p=27178"},"modified":"2024-11-05T02:23:50","modified_gmt":"2024-11-05T05:23:50","slug":"la-denuncia-de-la-ucr-por-el-ataque-al-comite-nacional","status":"publish","type":"post","link":"https:\/\/revistaepocadigital.com.ar\/?p=27178","title":{"rendered":"La denuncia de la UCR por el ataque al Comit\u00e9 Nacional"},"content":{"rendered":"<p><strong>Desde el Comit\u00e9 Nacional de la Uni\u00f3n C\u00edvica Radical denunciaron el ataque.<\/strong><!--more--><\/p>\n<p>Tras las cr\u00edticas a Alfons\u00edn y el ataque al comit\u00e9 de la UCR, el presidente Milei recibi\u00f3 a los gobernadores radicales. Seg\u00fan la denuncia, el ataque fue dirigido a la oficina de Mart\u00edn Lousteau y tuvo lugar durante la madrugada del pasado 2 de noviembre.<\/p>\n<p>La Uni\u00f3n C\u00edvica Radical (UCR) denunci\u00f3 que un ataque tuvo lugar en las oficinas del Comit\u00e9 Nacional del partido. En detalle, desde el partido aseguraron que cinco personas forzaron la oficina del senador Mart\u00edn Lousteau.\u00a0El hecho tuvo lugar en el edificio ubicado en la calle Alsina 1786 de Capital Federal. El comunicado oficial emitido por el Comit\u00e9 Nacional afirm\u00f3 que los atacantes &#8220;rompieron muebles, computadoras, revolvieron carpetas, papeles y archivos y se fueron sin robar nada&#8221;.<\/p>\n<p>Ataque al comit\u00e9 de la UCR: solidaridad de todo el arco pol\u00edtico ante acusaciones oficialistas<br \/>\nEl ataque a las oficinas del Comit\u00e9 Nacional de la Uni\u00f3n C\u00edvica Radical<br \/>\nMediante un comunicado oficial, las autoridades del comit\u00e9 hicieron p\u00fablica la denuncia por el ataque ocurrido. &#8220;La UCR repudia este ataque in\u00e9dito a su principal sede partidaria y exige un r\u00e1pido esclarecimiento de los hechos y la identificaci\u00f3n de los responsables, por tal motivo ya realiz\u00f3 la denuncia judicial&#8221;.<\/p>\n<p>&#8220;Al menos cinco personas que forzaron la oficina del presidente Mart\u00edn Lousteau, rompieron muebles, computadoras, revolvieron carpetas, papeles y archivos y se fueron sin robar nada&#8221;, relat\u00f3 el inicio del escrito. Adem\u00e1s de la denuncia, desde el partido compartieron una filmaci\u00f3n las consecuencias del ataque.<\/p>\n<p>Luego, desde la UCR agregaron: &#8220;Est\u00e1s personas que quedaron registradas en las c\u00e1maras de seguridad ingresaron por el edificio colindante alrededor de la 1.30 del s\u00e1bado 2 de noviembre y se estima que estuvieron en nuestro edificio por espacio de una hora&#8221;. Tambi\u00e9n subrayaron que uno de los atacantes &#8220;permaneci\u00f3 en la vereda como campana&#8221; mientras el resto del grupo se dedic\u00f3 a &#8220;revolver y romper todo lo que encontraron en las oficinas principales, dejando tiradas en el piso dos computadoras notebook, elementos de oficina y otros materiales de trabajo&#8221;.<\/p>\n<p>Referentes de la UCR cruzaron a Javier Milei por sus dichos sobre Ra\u00fal Alfons\u00edn<br \/>\nTras los dichos de Milei sobre el expresidente radical, el Comit\u00e9 Nacional de la UCR, Bloques legislativos nacionales, el Foro de Intendentes y las organizaciones partidarias, emitieron un comunicado para repudiar las declaraciones del presidente. &#8220;No es solo un agravio injustificado a su memoria, es una afrenta al pueblo argentino&#8221;, afirmaron y pidieron que cese &#8220;en sus agravios contra qui\u00e9n fue el verdadero l\u00edder del proceso democr\u00e1tico argentino&#8221;.<\/p>\n<p>La pol\u00e9mica se inici\u00f3 cuando el Presidente emiti\u00f3 fuerte acusaci\u00f3n contra Ra\u00fal Alfons\u00edn en el 47\u00b0 aniversario de la Fundaci\u00f3n Mediterr\u00e1nea. \u201cPrevia ca\u00edda de la convertibilidad y el golpe de Estado impulsado por (Eduardo) Duhalde y (Ra\u00fal) Alfons\u00edn, que parad\u00f3jicamente a Alfons\u00edn lo muestran como el padre de la democracia, siendo que fue partidario de un golpe de Estado&#8221;, dispar\u00f3 sin titubear.<\/p>\n<p>Desde De Loredo a Lousteau, diferentes dirigentes de la UCR criticaron al Presidente por sus dichos sobre Ra\u00fal Alfons\u00edn.<\/p>\n<p>&#8220;Fue Ra\u00fal Alfons\u00edn quien de verdad recibi\u00f3 la peor herencia que un presidente argentino tuvo que encarar al asumir, y lo hizo sin agredir nunca a un adversario, sin limitar jam\u00e1s las libertades y con el compromiso para afianzar la democracia, sistema que le permiti\u00f3 a Javier Milei ser electo diputado primero y presidente despu\u00e9s&#8221;, expres\u00f3 el comunicado de la UCR en defensa de Alfons\u00edn.<\/p>\n<p>Por su parte, el presidente de la UCR y senador, Mart\u00edn Lousteau sostuvo: &#8220;No debe llamar la atenci\u00f3n que el Presidente con menor compromiso democr\u00e1tico de nuestra historia reciente critique a quien refund\u00f3 la democracia argentina&#8221;, escribi\u00f3 en su cuenta de X, junto al fragmento del video en cuesti\u00f3n.<\/p>\n<p>El presidente del bloque radical m\u00e1s cercano al Gobierno, Rodrigo De Loredo, tambi\u00e9n sali\u00f3 al cruce del m\u00e1ximo mandatario. &#8220;La afirmaci\u00f3n que acaba de realizar el presidente @JMilei sobre Ra\u00fal Alfons\u00edn reci\u00e9n en Fundaci\u00f3n Mediterr\u00e1nea. M\u00e1s a\u00fan en una fecha tan cara a todos los argentinos. Absolutamente disparatado&#8221;, escribi\u00f3.<\/p>\n<p>Por su parte, el senador Pablo Blanco afirm\u00f3 que Milei &#8220;pretende desvirtuar la historia al acusar a Alfons\u00edn de haber impulsado un golpe de Estado&#8221;. &#8220;Ra\u00fal Alfons\u00edn fue un pilar de la democracia y un defensor de los derechos humanos. No permitamos que la mentira opaque su legado&#8221;, sostuvo.<\/p>\n<p>Finalmente el diputado Pablo Juliano (titular del bloque Democracia para siempre, de radicales opositores al Gobierno), public\u00f3 en su cuenta de X: &#8220;Presidente Javier Milei usted no tiene estatura para hablar de Alfons\u00edn, menos para inventar desde un atril que impuls\u00f3 un golpe de Estado, su compromiso con la democracia fue absoluto. Algo que usted no puede mostrar ni un solo minuto&#8221;.<\/p>\n","protected":false},"excerpt":{"rendered":"<p>Desde el Comit\u00e9 Nacional de la Uni\u00f3n C\u00edvica Radical denunciaron el ataque.<\/p>\n","protected":false},"author":3,"featured_media":27193,"comment_status":"open","ping_status":"open","sticky":false,"template":"","format":"standard","meta":{"footnotes":"","jetpack_publicize_message":"","jetpack_publicize_feature_enabled":true,"jetpack_social_post_already_shared":true,"jetpack_social_options":{"image_generator_settings":{"template":"highway","default_image_id":0,"font":"","enabled":false},"version":2}},"categories":[13],"tags":[2939,2940],"class_list":["post-27178","post","type-post","status-publish","format-standard","has-post-thumbnail","hentry","category-interes-general","tag-ataque-ucr-capital","tag-losteau"],"jetpack_publicize_connections":[],"jetpack_featured_media_url":"https:\/\/revistaepocadigital.com.ar\/wp-content\/uploads\/2024\/11\/ucr-capucr-ataque-1.jpg","jetpack_likes_enabled":true,"_links":{"self":[{"href":"https:\/\/revistaepocadigital.com.ar\/index.php?rest_route=\/wp\/v2\/posts\/27178","targetHints":{"allow":["GET"]}}],"collection":[{"href":"https:\/\/revistaepocadigital.com.ar\/index.php?rest_route=\/wp\/v2\/posts"}],"about":[{"href":"https:\/\/revistaepocadigital.com.ar\/index.php?rest_route=\/wp\/v2\/types\/post"}],"author":[{"embeddable":true,"href":"https:\/\/revistaepocadigital.com.ar\/index.php?rest_route=\/wp\/v2\/users\/3"}],"replies":[{"embeddable":true,"href":"https:\/\/revistaepocadigital.com.ar\/index.php?rest_route=%2Fwp%2Fv2%2Fcomments&post=27178"}],"version-history":[{"count":0,"href":"https:\/\/revistaepocadigital.com.ar\/index.php?rest_route=\/wp\/v2\/posts\/27178\/revisions"}],"wp:featuredmedia":[{"embeddable":true,"href":"https:\/\/revistaepocadigital.com.ar\/index.php?rest_route=\/wp\/v2\/media\/27193"}],"wp:attachment":[{"href":"https:\/\/revistaepocadigital.com.ar\/index.php?rest_route=%2Fwp%2Fv2%2Fmedia&parent=27178"}],"wp:term":[{"taxonomy":"category","embeddable":true,"href":"https:\/\/revistaepocadigital.com.ar\/index.php?rest_route=%2Fwp%2Fv2%2Fcategories&post=27178"},{"taxonomy":"post_tag","embeddable":true,"href":"https:\/\/revistaepocadigital.com.ar\/index.php?rest_route=%2Fwp%2Fv2%2Ftags&post=27178"}],"curies":[{"name":"wp","href":"https:\/\/api.w.org\/{rel}","templated":true}]}}