{"id":27225,"date":"2024-11-07T01:38:38","date_gmt":"2024-11-07T04:38:38","guid":{"rendered":"https:\/\/revistaepocadigital.com.ar\/?p=27225"},"modified":"2024-11-07T01:40:19","modified_gmt":"2024-11-07T04:40:19","slug":"situacion-limite-y-descontrol-en-aeroparque-habia-gente-a-los-gritos-tratando-de-bajar-de-los-aviones","status":"publish","type":"post","link":"https:\/\/revistaepocadigital.com.ar\/?p=27225","title":{"rendered":"SITUACI\u00d3N L\u00cdMITE Y DESCONTROL EN AEROPARQUE. \u201cHab\u00eda gente a los gritos tratando de bajar de los aviones\u201d"},"content":{"rendered":"<div class=\"lay --apertura\">\n<div class=\"row\">\n<div class=\"col-12\"><\/div>\n<\/div>\n<\/div>\n<div class=\"lay-sidebar\">\n<div class=\"sidebar__main\">\n<div class=\"row\">\n<div class=\"col-12 \">\n<h2 class=\"com-subhead --bajada --m-xs-\">OTRO D\u00cdA CA\u00d3TICO QUE HA PUESTO AL ROJO VIVO EL ENFRENTAMIENTO DE LOS SINDICATOS DEL SECTOR CONTRA EL GOBIERNO DE MILEI. Demoras y cancelaciones de vuelos por una medida de fuerza sorpres<span class=\"com-text --caption --twoxs\">iva del personal de Intercargo.<!--more--><\/span><\/h2>\n<div class=\"mod-date-container flex flex-column gap-8 mb-16 text-neutral-light-600 jc-between flex-row_sm ai-center_sm\"><\/div>\n<div>\n<section class=\"mod-opening\">\n<div class=\"content-media\">\n<section id=\"XVINX3VGWBB7NDXRW6TMAGV3VY\" class=\"mod-media \" role=\"button\">\n<figure class=\"mod-figure --horizontal\" role=\"button\">\n<div class=\"placeholder \">\n<div class=\"com-image\"><picture><img loading=\"lazy\" decoding=\"async\" class=\"image flex com-image --cover\" src=\"https:\/\/www.lanacion.com.ar\/resizer\/v2\/pasajeros-afectados-por-un-paro-sorpresivo-de-XVINX3VGWBB7NDXRW6TMAGV3VY.JPG?auth=c45ebee0a6cd9cf0f95b7042691985f9db8ba8906187d13f068c26a5e3b6a218&amp;width=420&amp;height=280&amp;quality=70&amp;smart=true\" alt=\"Pasajeros afectados por un paro sorpresivo de personal de Intercargo\" width=\"768\" height=\"513\" \/><\/picture><\/div>\n<\/div><figcaption class=\"mod-figcaption\"><span class=\"com-text --caption --twoxs\">Pasajeros afectados por un paro sorpresivo de personal de Intercargo<\/span><span class=\"com-text --credit --twoxs\">Nicol\u00e1s Su\u00e1rez<\/span><\/figcaption><\/figure>\n<\/section>\n<\/div>\n<\/section>\n<\/div>\n<\/div>\n<\/div>\n<section class=\"cuerpo__nota\">\n<div class=\"row\">\n<div class=\"col-12 col-desksm-1\">\n<div class=\"mod-share-container py-12 mb-16 mb-0_l border border-bottom border-thin border-neutral-light-100 border-0_l --no-app sticky float-l_l z-101 transition transition-all transition-duration-250 top-73_min1024\">\n<div class=\"mod-share flex mb-0 p-0_l\">\n<div id=\"v-share\" class=\"share flex relative z-100 flex-column_l bg-light-0 pb-16_l pt-8_l px-8_l\">\n<hr class=\"\" \/>\n<div class=\"second-buttons-group flex ai-center flex-column_l pl-8_max1023 ai-center_max1023 jc-center_l pt-16_l gap-8 gap-24_m\">\n<p>&nbsp;<\/p>\n<div class=\"btn-container sm-none flex relative\">El Aeroparque se convirti\u00f3 en un hervidero de frustraci\u00f3n y desorden desde la ma\u00f1ana (6\/11) por <a class=\"com-link\" title=\"una medida de fuerza sorpresiva que desde alrededor de las 10.45 realiza personal de la empresa Intercargo. \" href=\"https:\/\/www.lanacion.com.ar\/sociedad\/aeroparque-trabajadores-de-intercargo-realizan-una-medida-de-fuerza-por-el-despido-de-un-empleado-nid06112024\/\" target=\"_self\" rel=\"noopener\"><span style=\"color: #000000;\">una medida de fuerza sorpresiva que desde alrededor de las 10.45 realiza personal de la empresa Intercargo.<\/span>\u00a0<\/a>Frente a la falta de respuestas por parte de las compa\u00f1\u00edas a\u00e9reas afectadas y con una multitud cada vez m\u00e1s impaciente, agentes de la Polic\u00eda de Seguridad Aeroportuaria (PSA) intentaron organizar la situaci\u00f3n, mediante la implementaci\u00f3n de <strong>un sistema de control<\/strong>\u00a0para guiar a los pasajeros en una \u00fanica fila que rodea la terminal.<\/div>\n<\/div>\n<\/div>\n<\/div>\n<\/div>\n<\/div>\n<div class=\"col-deskxl-10 offset-deskxl-1 col-desksm-11\">\n<div class=\"row\">\n<div class=\"col-12\">\n<p class=\"com-paragraph --s\">Seg\u00fan indicaron fuentes de PSA a\u00a0<strong>LA NACION<\/strong>, \u201cdesconocemos hasta cu\u00e1ndo va a durar el paro. Lo que hicimos fue\u00a0<strong>sacar a la gente que estaba en los aviones porque era un descontrol, gente a los gritos que ped\u00eda bajar<\/strong>\u201d. Sin embargo, el intento de organizaci\u00f3n parec\u00eda insuficiente: en el interior de Aeroparque, la situaci\u00f3n era ca\u00f3tica, y los empleados de las aerol\u00edneas, superados, no lograban contener las demandas de los viajeros. Los pasajeros, irritados, gritaban en busca de soluciones y, entre la confusi\u00f3n, se o\u00edan reclamos constantes: \u201c\u00a1Siempre lo mismo!\u201d<\/p>\n<div class=\"content-media cursor-pointer\">\n<section class=\"mod-media ratio-16-9\">\n<div class=\"mod-video\">\n<div class=\"video-player bg-black ratio-16-9\">\n<div id=\"cvujvSQw\"><\/div>\n<\/div>\n<\/div>\n<\/section>\n<\/div>\n<p class=\"com-paragraph --s\">Entre los afectados, varios casos reflejaron el impacto de esta paralizaci\u00f3n. Uno de ellos es el de <strong>Carmen Salazar, de 89 a\u00f1os<\/strong>, quien lleg\u00f3 al aeropuerto en silla de ruedas, acompa\u00f1ada por su hija, con la ilusi\u00f3n de visitar a su familia en el sur del pa\u00eds. \u201cHace meses que organizamos este viaje. Mi familia me est\u00e1 esperando y quer\u00eda ir a ver a mis nietos que no veo desde hace a\u00f1os\u201d, coment\u00f3, mientras observaba el desorden a su alrededor. Su hija explic\u00f3 que, debido a la cancelaci\u00f3n, han intentado obtener informaci\u00f3n en distintos mostradores, pero solo reciben respuestas ambiguas. \u201cNos dicen que esperemos, pero ya llevamos horas ac\u00e1 y mi mam\u00e1 est\u00e1 muy inc\u00f3moda. Pedimos alguna soluci\u00f3n, pero no hay respuesta. Es desesperante porque, con su edad, cualquier espera prolongada se vuelve un problema\u201d, a\u00f1adi\u00f3. Carmen, visiblemente afectada, agreg\u00f3: \u201cNo s\u00e9 si voy a poder volver a verlos, es un sue\u00f1o que se est\u00e1 convirtiendo en pesadilla\u201d.<\/p>\n<p class=\"com-paragraph --s\">Otro caso conmovedor era el de una pareja de\u00a0<strong>turistas extranjeros<\/strong>\u00a0que planeaban continuar su viaje por la Argentina. Pierre y Am\u00e9lie, ambos de nacionalidad francesa, se encontraban en medio de la multitud, tratando de comprender la situaci\u00f3n. Con poco manejo del idioma y una agenda ajustada, el bloqueo de su vuelo fue un golpe inesperado. \u201cNos mandan de un lado a otro, pero nadie nos dice cu\u00e1ndo podremos volar. Vinimos con toda la ilusi\u00f3n de conocer estos paisajes tan conocidos en el mundo, y ahora parece que nos vamos a perder esta oportunidad\u201d, indic\u00f3 Pierre. \u201cNuestras valijas ya estaban en el avi\u00f3n y no sabemos si podremos recuperarlas. Tenemos todo ah\u00ed: la ropa, los documentos\u201d, agreg\u00f3 Am\u00e9lie, con decepci\u00f3n.<\/p>\n<p class=\"com-paragraph --s\">El caso de Ana Mansilla era otro de los testimonios que resaltaba la urgencia de los pasajeros. Ella, que reside en la Capital, deb\u00eda despedirse de su madre, que est\u00e1 gravemente enferma en Salta. \u201cRecib\u00ed una llamada esta ma\u00f1ana dici\u00e9ndome que\u00a0<strong>el estado de mi mam\u00e1 empeor\u00f3 y que no le queda mucho tiempo.<\/strong>\u00a0Vine ac\u00e1 corriendo, con la esperanza de llegar a tiempo, pero\u00a0<strong>ahora estoy atrapada en esta situaci\u00f3n<\/strong>\u201d, cont\u00f3 con la voz quebrada. Mientras intentaba contener las l\u00e1grimas, agreg\u00f3: \u201cLe expliqu\u00e9 a la aerol\u00ednea lo que estaba pasando, que no pod\u00eda esperar a ma\u00f1ana o pasado, pero no me dan ninguna respuesta concreta. Es como si no les importara. Solo necesito estar con mi mam\u00e1 en este momento, pero parece que ni siquiera me van a permitir eso\u201d.<\/p>\n<div class=\"content-media cursor-pointer\">\n<section class=\"mod-media ratio-16-9\">\n<div class=\"mod-video\">\n<div class=\"video-player bg-black ratio-16-9\">\n<div id=\"facade-nK698S3y\" class=\"content-facade-jw relative bg-black ratio-16-9\">\n<div id=\"button-play\" class=\"absolute flex w-100 h-100 jc-center ai-center z-15\"><\/div>\n<picture><source srcset=\"https:\/\/cdn.jwplayer.com\/v2\/media\/nK698S3y\/poster.jpg?width=720\" media=\"(min-width: 768px)\" \/><img decoding=\"async\" class=\"image flex com-image --cover\" src=\"https:\/\/cdn.jwplayer.com\/v2\/media\/nK698S3y\/poster.jpg?width=720\" alt=\"Caos en Aeroparque\" \/><\/picture>\n<\/div>\n<div id=\"nK698S3y\"><\/div>\n<\/div>\n<\/div>\n<\/section>\n<\/div>\n<p class=\"com-paragraph --s\">Cientos de pasajeros, frustrados y agotados, intentaban recuperar su equipaje. Algunos no lograron despachar sus valijas, mientras que otros se encontraban en la inc\u00f3moda situaci\u00f3n de haber embarcado su equipaje y no poder acceder a \u00e9l. Entre ellos, hab\u00eda un grupo de j\u00f3venes chilenas: \u201cHace cinco minutos nos lleg\u00f3 el mail de cancelaci\u00f3n y tuvimos que venir a retirar las valijas\u201d, dijeron. Una de ellas enfrentaba una situaci\u00f3n a\u00fan m\u00e1s complicada, ya que su valija ya hab\u00eda sido despachada. \u201cCuando pregunt\u00e9 cu\u00e1ndo me la devolver\u00edan, me dijeron que reci\u00e9n la tendr\u00e9 cuando se levante el paro\u201d.<\/p>\n<p class=\"com-paragraph --s\">Otra pasajera, con destino a C\u00f3rdoba en un vuelo de JetSmart, describi\u00f3 el desconcierto y la larga espera. \u201cMe sub\u00ed al avi\u00f3n a las 10.30, mi valija ya hab\u00eda sido despachada y el vuelo deb\u00eda salir a las 11.20\u2033, explic\u00f3. Sin embargo, el avi\u00f3n permaneci\u00f3 en la pista por una hora sin despegar, y finalmente todos fueron obligados a descender. \u201cMi valija la estoy esperando, no apareci\u00f3\u201d, coment\u00f3 la mujer, que a las 16.20 continuaba sentada frente a la cinta transportadora, observando cada maleta que pasaba. \u201cNo me puedo ir del aeropuerto, porque no me devuelven el equipaje, no s\u00e9 d\u00f3nde est\u00e1\u201d, a\u00f1adi\u00f3 con resignaci\u00f3n.<\/p>\n<p class=\"com-paragraph --s\">Una pasajera, entre l\u00e1grimas, expresaba su desesperaci\u00f3n: \u201cNo me dicen nada, me ofrecen un vuelo para pasado ma\u00f1ana y yo no puedo seguir haci\u00e9ndome cargo de los gastos del hotel. Vine con lo justo\u201d. Viajando sola y con pocos recursos, explic\u00f3 que la \u00fanica alternativa que le brindaron es un vuelo de m\u00e1s de 15 horas que implicar\u00eda un trayecto desde Buenos Aires a Bariloche, de all\u00ed a C\u00f3rdoba y finalmente a Tucum\u00e1n. \u201cEs todo un periplo; llegar\u00eda reci\u00e9n a las dos de la tarde de pasado ma\u00f1ana\u201d, lament\u00f3.<\/p>\n<div class=\"content-media cursor-pointer\">\n<section class=\"mod-media ratio-16-9\">\n<div class=\"mod-video\">\n<div class=\"video-player bg-black ratio-16-9\">\n<div id=\"6ecxgoQb\"><\/div>\n<\/div>\n<\/div>\n<\/section>\n<\/div>\n<p class=\"com-paragraph --s\">La pasajera, agotada tras haberse levantado a las 3, mostraba signos de agotamiento f\u00edsico y emocional. \u201cEstoy muy cansada, muy cansada\u201d, dijo mientras su voz se quebraba. Su familia la espera en Tucum\u00e1n, pero las respuestas en el aeropuerto eran vagas y confusas. \u201cLes ped\u00ed que al menos me ofrezcan un hotel hasta que puedan reprogramar el vuelo, pero nadie me dice nada claro. Nadie sabe d\u00f3nde queda la asistencia al cliente ni d\u00f3nde se gestiona la ayuda\u201d, explic\u00f3.<\/p>\n<p class=\"com-paragraph --s\">INSOPORTABLE ESPERA EN EL INTERIOR DE LOS AVIONES.<\/p>\n<p class=\"com-paragraph --s\">Mat\u00edas Bianchi, uno de los pasajeros afectados por el paro, cont\u00f3\u00a0 LA NACI\u00d3N\u00a0su experiencia desde el momento en que aterriz\u00f3 su vuelo. \u201cEl vuelo lleg\u00f3 a las 14.50, aterriz\u00f3, pero se qued\u00f3 esperando a que le asignen un lugar para estacionarse\u201d, relat\u00f3. Fue entonces cuando les informaron que hab\u00eda una huelga y que el personal de Intercargo no estaba trabajando, lo que imped\u00eda asignarles una posici\u00f3n para desembarcar. \u201cNo pod\u00edan estimar d\u00f3nde y a qu\u00e9 hora nos iban a dar una posici\u00f3n para bajar del avi\u00f3n\u201d, coment\u00f3.<\/p>\n<p class=\"com-paragraph --s\">Despu\u00e9s de unos 15 o 20 minutos, el avi\u00f3n comenz\u00f3 a carretear, cruz\u00f3 la pista hasta estacionarse en el sector de los hangares de Aeroparque, lejos de la terminal. \u201cAh\u00ed esperamos como 40 minutos m\u00e1s, con el aire acondicionado funcionando, y vuelven a pedir disculpas, diciendo que la situaci\u00f3n era consecuencia de la huelga\u201d, indic\u00f3. Durante la espera, permitieron a los pasajeros moverse dentro del avi\u00f3n, ir al ba\u00f1o y conversar entre ellos, aunque el malestar era evidente. \u201cLa gente empieza a decir que es una verg\u00fcenza, que nos tienen secuestrados, que tienen que ir a trabajar\u201d, agreg\u00f3.<\/p>\n<p class=\"com-paragraph --s\">Finalmente, tras aproximadamente 40 minutos adicionales, varios polic\u00edas de la PSA llegaron al lugar en una camioneta y habilitaron el desembarco por una escalera. \u201cNos subieron a un colectivo que dio toda la vuelta por atr\u00e1s de la pista, como una vuelta ol\u00edmpica, hasta llegar al lado de la terminal\u201d, cont\u00f3. Sin embargo, su odisea no termin\u00f3 ah\u00ed, ya que al llegar a la cinta de equipajes, el caos era evidente. \u201cAhora hay un l\u00edo con las valijas, estaban todas las m\u00e1quinas apagadas, y cuando empezaron a aparecer valijas se amontonaban en la salida, se ca\u00edan al piso y en otros sectores las acumulaban contra las paredes\u201d, concluy\u00f3 Bianchi.<\/p>\n<p class=\"com-paragraph --s\">Poco antes de las 19.30,\u00a0<strong>el caos en la terminal a\u00e9rea porte\u00f1a comenz\u00f3 a disiparse lentamente,\u00a0<\/strong>aunque la espera segu\u00eda siendo exasperante para algunos. Las valijas, que permanecieron retenidas durante horas, finalmente empezaron a ser entregadas a sus due\u00f1os. \u201cTres horas esper\u00e9 para que me dieran mi valija\u201d, coment\u00f3 un pasajero, mientras sosten\u00eda su equipaje con alivio. La situaci\u00f3n en la zona de preembarque de Flybondi, que antes estaba abarrotada, cambi\u00f3: ya casi no hay personas esperando, y la monta\u00f1a de valijas que antes se acumulaba all\u00ed ha desaparecido.<\/p>\n<p class=\"com-paragraph --s\">Sin embargo, el panorama es distinto en las \u00e1reas de JetSmart, Latam y Gol, donde a\u00fan se observan largas filas de pasajeros esperando para hacer el preembarque.<\/p>\n<p class=\"com-paragraph --s\">En las pantallas de vuelos, persisieron las cancelaciones y demoras. Los vuelos cancelados inclu\u00edan dos servicios de JetSmart con destino a C\u00f3rdoba, uno a las 20 y otro a las 21.06. Entre los servicios demorados se encontraron el de JetSmart de las 20.15 hacia Neuqu\u00e9n y el de Gol a Florian\u00f3polis, programado para las 20:20. El resto, se mantuvieron en horario.\u00a0 En el sector de ventas de pasajes de Flybondi, la fila que durante el mediod\u00eda y la tarde sal\u00eda del Aeroparque, disminuy\u00f3 considerablemente.<\/p>\n<\/div>\n<\/div>\n<\/div>\n<\/div>\n<\/section>\n<\/div>\n<\/div>\n<p>Nota y fotos: gentileza Diario La Naci\u00f3n.<\/p>\n","protected":false},"excerpt":{"rendered":"<p>OTRO D\u00cdA CA\u00d3TICO QUE HA PUESTO AL ROJO VIVO EL ENFRENTAMIENTO DE LOS SINDICATOS DEL SECTOR CONTRA EL GOBIERNO DE MILEI. Demoras y cancelaciones de vuelos por una medida de fuerza sorpresiva del personal de Intercargo.<\/p>\n","protected":false},"author":3,"featured_media":27226,"comment_status":"open","ping_status":"open","sticky":false,"template":"","format":"standard","meta":{"footnotes":"","jetpack_publicize_message":"","jetpack_publicize_feature_enabled":true,"jetpack_social_post_already_shared":true,"jetpack_social_options":{"image_generator_settings":{"template":"highway","default_image_id":0,"font":"","enabled":false},"version":2}},"categories":[13],"tags":[],"class_list":["post-27225","post","type-post","status-publish","format-standard","has-post-thumbnail","hentry","category-interes-general"],"jetpack_publicize_connections":[],"jetpack_featured_media_url":"https:\/\/revistaepocadigital.com.ar\/wp-content\/uploads\/2024\/11\/paro-AERO.jpg","jetpack_likes_enabled":true,"_links":{"self":[{"href":"https:\/\/revistaepocadigital.com.ar\/index.php?rest_route=\/wp\/v2\/posts\/27225","targetHints":{"allow":["GET"]}}],"collection":[{"href":"https:\/\/revistaepocadigital.com.ar\/index.php?rest_route=\/wp\/v2\/posts"}],"about":[{"href":"https:\/\/revistaepocadigital.com.ar\/index.php?rest_route=\/wp\/v2\/types\/post"}],"author":[{"embeddable":true,"href":"https:\/\/revistaepocadigital.com.ar\/index.php?rest_route=\/wp\/v2\/users\/3"}],"replies":[{"embeddable":true,"href":"https:\/\/revistaepocadigital.com.ar\/index.php?rest_route=%2Fwp%2Fv2%2Fcomments&post=27225"}],"version-history":[{"count":0,"href":"https:\/\/revistaepocadigital.com.ar\/index.php?rest_route=\/wp\/v2\/posts\/27225\/revisions"}],"wp:featuredmedia":[{"embeddable":true,"href":"https:\/\/revistaepocadigital.com.ar\/index.php?rest_route=\/wp\/v2\/media\/27226"}],"wp:attachment":[{"href":"https:\/\/revistaepocadigital.com.ar\/index.php?rest_route=%2Fwp%2Fv2%2Fmedia&parent=27225"}],"wp:term":[{"taxonomy":"category","embeddable":true,"href":"https:\/\/revistaepocadigital.com.ar\/index.php?rest_route=%2Fwp%2Fv2%2Fcategories&post=27225"},{"taxonomy":"post_tag","embeddable":true,"href":"https:\/\/revistaepocadigital.com.ar\/index.php?rest_route=%2Fwp%2Fv2%2Ftags&post=27225"}],"curies":[{"name":"wp","href":"https:\/\/api.w.org\/{rel}","templated":true}]}}