{"id":27247,"date":"2024-11-07T02:43:31","date_gmt":"2024-11-07T05:43:31","guid":{"rendered":"https:\/\/revistaepocadigital.com.ar\/?p=27247"},"modified":"2024-11-07T02:43:31","modified_gmt":"2024-11-07T05:43:31","slug":"las-motos-y-los-motociclistas-un-problema-constante","status":"publish","type":"post","link":"https:\/\/revistaepocadigital.com.ar\/?p=27247","title":{"rendered":"LAS MOTOS Y LOS MOTOCICLISTAS, UN PROBLEMA CONSTANTE"},"content":{"rendered":"<p><strong>EL TR\u00c1NSITO VEHICULAR CADA VEZ M\u00c1S INTENSO.<\/strong><\/p>\n<p><!--more--><\/p>\n<p>Es notado desde los \u00faltimos a\u00f1os en calles y rutas de Exaltaci\u00f3n de la Cruz. Autos, veh\u00edculos comerciales, colectivos y motos de diferentes cilindradas.<\/p>\n<p>Los motoclistcas as\u00ed como los ciclistas, suelen transitar sin cumplir\u00a0 con las normas estipuladas y, tampco respetando las de tr\u00e1nsitos, incluso provocando contiuos ruidos molestos que perjudican a vecinos y controlados sin la rigurosidad y permanencia constante durante las 24 horas del d\u00eda.<\/p>\n<p>As\u00ed, como hace unos d\u00edas sobre la ruta 9, as\u00ed como en otros puntos del distrito, suelen producirse accidentes que involucran a motociclistas y tambi\u00e9n a veh\u00edculos, con distinto tipo de gravedad.<\/p>\n<p>La estrategia de concientizar por las \u00e1reas respectidas del municipio, as\u00ed como de la polic\u00eda, deber\u00eda acentuarse en paralelo con los controles pertinentes.<\/p>\n<p>&nbsp;<\/p>\n<p><img loading=\"lazy\" decoding=\"async\" class=\"aligncenter size-full wp-image-27237\" src=\"https:\/\/revistaepocadigital.com.ar\/wp-content\/uploads\/2024\/11\/456957587_10233690034853693_2095621643782373687_n-1.jpg\" alt=\"\" width=\"501\" height=\"640\" srcset=\"https:\/\/revistaepocadigital.com.ar\/wp-content\/uploads\/2024\/11\/456957587_10233690034853693_2095621643782373687_n-1.jpg 501w, https:\/\/revistaepocadigital.com.ar\/wp-content\/uploads\/2024\/11\/456957587_10233690034853693_2095621643782373687_n-1-235x300.jpg 235w, https:\/\/revistaepocadigital.com.ar\/wp-content\/uploads\/2024\/11\/456957587_10233690034853693_2095621643782373687_n-1-329x420.jpg 329w\" sizes=\"auto, (max-width: 501px) 100vw, 501px\" \/><\/p>\n","protected":false},"excerpt":{"rendered":"<p>EL TR\u00c1NSITO VEHICULAR CADA VEZ M\u00c1S INTENSO.<\/p>\n","protected":false},"author":4,"featured_media":27248,"comment_status":"open","ping_status":"open","sticky":false,"template":"","format":"standard","meta":{"footnotes":"","jetpack_publicize_message":"","jetpack_publicize_feature_enabled":true,"jetpack_social_post_already_shared":true,"jetpack_social_options":{"image_generator_settings":{"template":"highway","default_image_id":0,"font":"","enabled":false},"version":2}},"categories":[15],"tags":[37,2591],"class_list":["post-27247","post","type-post","status-publish","format-standard","has-post-thumbnail","hentry","category-lo-que-tenes-que-saber","tag-destacada","tag-tasas-motos"],"jetpack_publicize_connections":[],"jetpack_featured_media_url":"https:\/\/revistaepocadigital.com.ar\/wp-content\/uploads\/2024\/11\/MOTOCICLIAATAAS.jpg","jetpack_likes_enabled":true,"_links":{"self":[{"href":"https:\/\/revistaepocadigital.com.ar\/index.php?rest_route=\/wp\/v2\/posts\/27247","targetHints":{"allow":["GET"]}}],"collection":[{"href":"https:\/\/revistaepocadigital.com.ar\/index.php?rest_route=\/wp\/v2\/posts"}],"about":[{"href":"https:\/\/revistaepocadigital.com.ar\/index.php?rest_route=\/wp\/v2\/types\/post"}],"author":[{"embeddable":true,"href":"https:\/\/revistaepocadigital.com.ar\/index.php?rest_route=\/wp\/v2\/users\/4"}],"replies":[{"embeddable":true,"href":"https:\/\/revistaepocadigital.com.ar\/index.php?rest_route=%2Fwp%2Fv2%2Fcomments&post=27247"}],"version-history":[{"count":0,"href":"https:\/\/revistaepocadigital.com.ar\/index.php?rest_route=\/wp\/v2\/posts\/27247\/revisions"}],"wp:featuredmedia":[{"embeddable":true,"href":"https:\/\/revistaepocadigital.com.ar\/index.php?rest_route=\/wp\/v2\/media\/27248"}],"wp:attachment":[{"href":"https:\/\/revistaepocadigital.com.ar\/index.php?rest_route=%2Fwp%2Fv2%2Fmedia&parent=27247"}],"wp:term":[{"taxonomy":"category","embeddable":true,"href":"https:\/\/revistaepocadigital.com.ar\/index.php?rest_route=%2Fwp%2Fv2%2Fcategories&post=27247"},{"taxonomy":"post_tag","embeddable":true,"href":"https:\/\/revistaepocadigital.com.ar\/index.php?rest_route=%2Fwp%2Fv2%2Ftags&post=27247"}],"curies":[{"name":"wp","href":"https:\/\/api.w.org\/{rel}","templated":true}]}}