{"id":2726,"date":"2019-06-21T15:02:18","date_gmt":"2019-06-21T18:02:18","guid":{"rendered":"https:\/\/revistaepocadigital.com.ar\/?p=2726"},"modified":"2019-06-24T15:12:32","modified_gmt":"2019-06-24T18:12:32","slug":"aqui-estan-estos-son-la-lista-de-freddy-alvarez","status":"publish","type":"post","link":"https:\/\/revistaepocadigital.com.ar\/?p=2726","title":{"rendered":"Aqu\u00ed est\u00e1n, estos son: la lista de Freddy Alvarez"},"content":{"rendered":"<p><strong>TAMBIEN SE SUM\u00d3 A LA CARRERA.<\/strong><!--more--><\/p>\n<p>Como estaba previsto, <strong>Alfredo &#8220;Freddy&#8221; Alvarez<\/strong> encabeza la lista como candidato a intendente de Exaltaci\u00f3n de la Cruz por el espacio <strong>Consenso Federal<\/strong> que postula como presidente a Roberto Lavagna y como vice a Juan Manuel Urtubey.<\/p>\n<p><strong>La lista.<\/strong><\/p>\n<p><img loading=\"lazy\" decoding=\"async\" class=\"aligncenter size-full wp-image-2727\" src=\"https:\/\/revistaepocadigital.com.ar\/wp-content\/uploads\/2019\/06\/ALVAREZ-FREDD-LISTA19.jpg\" alt=\"\" width=\"996\" height=\"1280\" srcset=\"https:\/\/revistaepocadigital.com.ar\/wp-content\/uploads\/2019\/06\/ALVAREZ-FREDD-LISTA19.jpg 996w, https:\/\/revistaepocadigital.com.ar\/wp-content\/uploads\/2019\/06\/ALVAREZ-FREDD-LISTA19-233x300.jpg 233w, https:\/\/revistaepocadigital.com.ar\/wp-content\/uploads\/2019\/06\/ALVAREZ-FREDD-LISTA19-768x987.jpg 768w, https:\/\/revistaepocadigital.com.ar\/wp-content\/uploads\/2019\/06\/ALVAREZ-FREDD-LISTA19-797x1024.jpg 797w, https:\/\/revistaepocadigital.com.ar\/wp-content\/uploads\/2019\/06\/ALVAREZ-FREDD-LISTA19-696x894.jpg 696w, https:\/\/revistaepocadigital.com.ar\/wp-content\/uploads\/2019\/06\/ALVAREZ-FREDD-LISTA19-327x420.jpg 327w, https:\/\/revistaepocadigital.com.ar\/wp-content\/uploads\/2019\/06\/ALVAREZ-FREDD-LISTA19-654x840.jpg 654w\" sizes=\"auto, (max-width: 996px) 100vw, 996px\" \/><\/p>\n","protected":false},"excerpt":{"rendered":"<p>TAMBIEN SE SUM\u00d3 A LA CARRERA.<\/p>\n","protected":false},"author":3,"featured_media":2729,"comment_status":"open","ping_status":"open","sticky":false,"template":"","format":"standard","meta":{"footnotes":"","jetpack_publicize_message":"","jetpack_publicize_feature_enabled":true,"jetpack_social_post_already_shared":false,"jetpack_social_options":{"image_generator_settings":{"template":"highway","default_image_id":0,"font":"","enabled":false},"version":2}},"categories":[17],"tags":[387],"class_list":["post-2726","post","type-post","status-publish","format-standard","has-post-thumbnail","hentry","category-politica","tag-elecciones-alvarez-lista"],"jetpack_publicize_connections":[],"jetpack_featured_media_url":"https:\/\/revistaepocadigital.com.ar\/wp-content\/uploads\/2019\/06\/alvaa.jpg","jetpack_likes_enabled":true,"_links":{"self":[{"href":"https:\/\/revistaepocadigital.com.ar\/index.php?rest_route=\/wp\/v2\/posts\/2726","targetHints":{"allow":["GET"]}}],"collection":[{"href":"https:\/\/revistaepocadigital.com.ar\/index.php?rest_route=\/wp\/v2\/posts"}],"about":[{"href":"https:\/\/revistaepocadigital.com.ar\/index.php?rest_route=\/wp\/v2\/types\/post"}],"author":[{"embeddable":true,"href":"https:\/\/revistaepocadigital.com.ar\/index.php?rest_route=\/wp\/v2\/users\/3"}],"replies":[{"embeddable":true,"href":"https:\/\/revistaepocadigital.com.ar\/index.php?rest_route=%2Fwp%2Fv2%2Fcomments&post=2726"}],"version-history":[{"count":0,"href":"https:\/\/revistaepocadigital.com.ar\/index.php?rest_route=\/wp\/v2\/posts\/2726\/revisions"}],"wp:featuredmedia":[{"embeddable":true,"href":"https:\/\/revistaepocadigital.com.ar\/index.php?rest_route=\/wp\/v2\/media\/2729"}],"wp:attachment":[{"href":"https:\/\/revistaepocadigital.com.ar\/index.php?rest_route=%2Fwp%2Fv2%2Fmedia&parent=2726"}],"wp:term":[{"taxonomy":"category","embeddable":true,"href":"https:\/\/revistaepocadigital.com.ar\/index.php?rest_route=%2Fwp%2Fv2%2Fcategories&post=2726"},{"taxonomy":"post_tag","embeddable":true,"href":"https:\/\/revistaepocadigital.com.ar\/index.php?rest_route=%2Fwp%2Fv2%2Ftags&post=2726"}],"curies":[{"name":"wp","href":"https:\/\/api.w.org\/{rel}","templated":true}]}}