{"id":27263,"date":"2024-11-07T10:11:45","date_gmt":"2024-11-07T13:11:45","guid":{"rendered":"https:\/\/revistaepocadigital.com.ar\/?p=27263"},"modified":"2024-11-07T10:11:45","modified_gmt":"2024-11-07T13:11:45","slug":"el-dia-de-la-tradicion-en-capilla-del-senor-parada-robles-y-los-cardales","status":"publish","type":"post","link":"https:\/\/revistaepocadigital.com.ar\/?p=27263","title":{"rendered":"EL D\u00cdA DE LA TRADICI\u00d3N EN CAPILLA DEL SE\u00d1OR, PARADA ROBLES Y LOS CARDALES"},"content":{"rendered":"<p><strong>Organiza la Direcci\u00f3n de Cultura de la Municipalidad de Exaltaci\u00f3n de la Cruz.<\/strong><!--more--><\/p>\n<p>\ud83d\udcc6 S\u00e1bado 9\/11, desde las 17 hs en el Teatro abierto &#8220;Mar\u00eda Vigil&#8221; de Parada Robles.<br \/>\n\ud83d\udcc5 Domingo 10\/11, desde las 12 hs en el Parque Cultural de Los Cardales.<br \/>\n\ud83d\udcc5 Domingo 10\/11 desde las 17 hs en la Plaza Jos\u00e9 Hern\u00e1ndez de Capilla del Se\u00f1or.<\/p>\n<p>&nbsp;<\/p>\n<p><img loading=\"lazy\" decoding=\"async\" class=\"aligncenter size-large wp-image-27267\" src=\"https:\/\/revistaepocadigital.com.ar\/wp-content\/uploads\/2024\/11\/tra-car-1200x1200.jpg\" alt=\"\" width=\"696\" height=\"696\" srcset=\"https:\/\/revistaepocadigital.com.ar\/wp-content\/uploads\/2024\/11\/tra-car-1200x1200.jpg 1200w, https:\/\/revistaepocadigital.com.ar\/wp-content\/uploads\/2024\/11\/tra-car-300x300.jpg 300w, https:\/\/revistaepocadigital.com.ar\/wp-content\/uploads\/2024\/11\/tra-car-150x150.jpg 150w, https:\/\/revistaepocadigital.com.ar\/wp-content\/uploads\/2024\/11\/tra-car-768x768.jpg 768w, https:\/\/revistaepocadigital.com.ar\/wp-content\/uploads\/2024\/11\/tra-car-696x696.jpg 696w, https:\/\/revistaepocadigital.com.ar\/wp-content\/uploads\/2024\/11\/tra-car-1068x1068.jpg 1068w, https:\/\/revistaepocadigital.com.ar\/wp-content\/uploads\/2024\/11\/tra-car-420x420.jpg 420w, https:\/\/revistaepocadigital.com.ar\/wp-content\/uploads\/2024\/11\/tra-car-840x840.jpg 840w, https:\/\/revistaepocadigital.com.ar\/wp-content\/uploads\/2024\/11\/tra-car.jpg 1440w\" sizes=\"auto, (max-width: 696px) 100vw, 696px\" \/><\/p>\n<p><strong>\u00bfQui\u00e9n fu\u00e9 Jos\u00e9 Hern\u00e1ndez?<\/strong><br \/>\nNaci\u00f3 el 10 de Noviembre de 1834 en San Mart\u00edn, Provincia de Buenos Aires. A los 9 a\u00f1os de edad, se traslada al sur de la provincia con su familia. All\u00ed entr\u00f3 en contacto con el estilo de vida, las costumbres, la lengua y los c\u00f3digos de honor de los gauchos.<br \/>\nSu formaci\u00f3n fue forzadamente autodidacta pero en sus inicios literarios intent\u00f3 la poes\u00eda culta, sin embargo fue a trav\u00e9s de la escritura de corte popular donde alcanz\u00f3 el \u00e9xito. El 28 de noviembre de 1872 el diario \u201cLa Rep\u00fablica\u201d anuncia \u201cEl gaucho Mart\u00edn Fierro\u201d obra m\u00e1xima de la literatura gauchesca.<br \/>\nEs recordado y homenajeado en Capilla del Se\u00f1or por ser due\u00f1o junto a su Hermano de la Estancia \u201cMart\u00edn Fierro\u201d, los terrenos que actualmente ocupa la estaci\u00f3n del Ferrocarril Urquiza pertenec\u00edan a dicha estancia y fueron donados por los hermanos Hern\u00e1ndez para introducir al ferrocarril en esta regi\u00f3n del interior de la provincia.<\/p>\n","protected":false},"excerpt":{"rendered":"<p>Organiza la Direcci\u00f3n de Cultura de la Municipalidad de Exaltaci\u00f3n de la Cruz.<\/p>\n","protected":false},"author":3,"featured_media":27266,"comment_status":"open","ping_status":"open","sticky":false,"template":"","format":"standard","meta":{"footnotes":"","jetpack_publicize_message":"","jetpack_publicize_feature_enabled":true,"jetpack_social_post_already_shared":true,"jetpack_social_options":{"image_generator_settings":{"template":"highway","default_image_id":0,"font":"","enabled":false},"version":2}},"categories":[14],"tags":[2946],"class_list":["post-27263","post","type-post","status-publish","format-standard","has-post-thumbnail","hentry","category-la-gente","tag-dia-tradicion"],"jetpack_publicize_connections":[],"jetpack_featured_media_url":"https:\/\/revistaepocadigital.com.ar\/wp-content\/uploads\/2024\/11\/tra-cap-1.jpg","jetpack_likes_enabled":true,"_links":{"self":[{"href":"https:\/\/revistaepocadigital.com.ar\/index.php?rest_route=\/wp\/v2\/posts\/27263","targetHints":{"allow":["GET"]}}],"collection":[{"href":"https:\/\/revistaepocadigital.com.ar\/index.php?rest_route=\/wp\/v2\/posts"}],"about":[{"href":"https:\/\/revistaepocadigital.com.ar\/index.php?rest_route=\/wp\/v2\/types\/post"}],"author":[{"embeddable":true,"href":"https:\/\/revistaepocadigital.com.ar\/index.php?rest_route=\/wp\/v2\/users\/3"}],"replies":[{"embeddable":true,"href":"https:\/\/revistaepocadigital.com.ar\/index.php?rest_route=%2Fwp%2Fv2%2Fcomments&post=27263"}],"version-history":[{"count":0,"href":"https:\/\/revistaepocadigital.com.ar\/index.php?rest_route=\/wp\/v2\/posts\/27263\/revisions"}],"wp:featuredmedia":[{"embeddable":true,"href":"https:\/\/revistaepocadigital.com.ar\/index.php?rest_route=\/wp\/v2\/media\/27266"}],"wp:attachment":[{"href":"https:\/\/revistaepocadigital.com.ar\/index.php?rest_route=%2Fwp%2Fv2%2Fmedia&parent=27263"}],"wp:term":[{"taxonomy":"category","embeddable":true,"href":"https:\/\/revistaepocadigital.com.ar\/index.php?rest_route=%2Fwp%2Fv2%2Fcategories&post=27263"},{"taxonomy":"post_tag","embeddable":true,"href":"https:\/\/revistaepocadigital.com.ar\/index.php?rest_route=%2Fwp%2Fv2%2Ftags&post=27263"}],"curies":[{"name":"wp","href":"https:\/\/api.w.org\/{rel}","templated":true}]}}