{"id":27276,"date":"2024-11-08T01:51:33","date_gmt":"2024-11-08T04:51:33","guid":{"rendered":"https:\/\/revistaepocadigital.com.ar\/?p=27276"},"modified":"2024-11-08T16:15:56","modified_gmt":"2024-11-08T19:15:56","slug":"donald-trump-reloaded-recargado","status":"publish","type":"post","link":"https:\/\/revistaepocadigital.com.ar\/?p=27276","title":{"rendered":"DONALD TRUMP RELOADED (RECARGADO)"},"content":{"rendered":"<p><strong>GANADOR DE LAS ELECCIONES PRESIDENCIALES EN ESTADOS UNIDOS.\u00a0 LA AFINIDAD MANIFIESTA CON EL PRESIDENTE ARGENTINO JAVIER MILEI.<\/strong><br \/>\n<!--more--><\/p>\n<p>Las elecciones del pasado 5 de noviembre en los Estados Unidos, sorprendieron a m\u00e1s de uno debido al triunfo de Donald Trump. El ahora presidente elegido, ha conseguido una mayor\u00eda clara en los votos para el Colegio Electoral.<\/p>\n<p>Adem\u00e1s, a diferencia de las dos participaciones electorales anteriores, el expresidente estuvo obteniendo la mayor\u00eda del voto popular, con lo que los republicanos alcanzaban muy probablemente, el control del Senado. Esto significar\u00eda v\u00eda libre en esa C\u00e1mara para las iniciativas presidenciales.<\/p>\n<p>Es preciso notar que la democracia norteamericana muestra algunos signos de desgaste, con una disminuci\u00f3n de votantes, 8 millones menos respecto de la elecci\u00f3n anterior. El hecho afect\u00f3 particularmente a Kamala Harris, la candidata dem\u00f3crata. Y tambi\u00e9n al candidato ganador, que aunque obtuvo una clara mayor\u00eda en el Colegio Electoral, consigui\u00f3 1,8 millones de votos menos que en la elecci\u00f3n de 2020, en la que perdi\u00f3 con Joe Biden.<\/p>\n<p>El expresidente, quien despierta por igual expectativas y desesperanza, llega recargado. Lo mencionamos, porque en campa\u00f1a redobl\u00f3 su estilo agresivo y rimbombante, siendo a\u00fan m\u00e1s enf\u00e1tico en su ataque contra cr\u00edticos y opositores. En el mismo sentido, redobl\u00f3 su apuesta respecto de la agenda de gobierno, en relaci\u00f3n con los temas fronterizos, la seguridad, la escena internacional y el proteccionismo econ\u00f3mico. Por eso, muchos no dudan en clasificarlo como populista de derecha.<\/p>\n<p>Se espera que la cuesti\u00f3n migratoria y el control de las fronteras vuelvan al centro de la escena. As\u00ed como tambi\u00e9n la econom\u00eda, en cuyo contexto dos puntos de la realidad norteamericana, resultaron claves en su discurso de campa\u00f1a: el control de la inflaci\u00f3n y el desempleo.<\/p>\n<p>As\u00ed tambi\u00e9n, tras el triunfo no tardaron en aparecer las especulaciones respecto de las relaciones del nuevo presidente norteamericano con el gobierno argentino. Aunque no hace falta ser un or\u00e1culo, para vaticinar una reedici\u00f3n de las viejas \u201crelaciones carnales\u201d con los Estados Unidos.<\/p>\n<p>El presidente argentino suele hablar de su admiraci\u00f3n por Trump, a quien se lo ha manifestado en persona. En igual sentido, el presidente electo de los Estados Unidos, no ha dudado en dar su apoyo a Milei.<\/p>\n<p>A\u00fan con una afinidad manifiesta entre ellos, algunos puntos de la agenda econ\u00f3mica los contraponen: Trump es un proteccionista declarado, y Milei un aperturista a ultranza por definici\u00f3n. En este sentido va la pol\u00edtica del \u201cAm\u00e9rica First\u201d, y la propuesta de Trump de imposici\u00f3n de aranceles a los productos importados, algo que afectar\u00eda al reducido conjunto de proveedores argentinos a ese mercado, y que reduce a\u00fan m\u00e1s las probabilidades de los exportadores argentinos de entrar al mercado norteamericano.<\/p>\n<p>En este plano, hay un tema en particular que entusiasma a los negociadores de la deuda. Desde el gobierno de Milei esperan que tener el apoyo de Estados Unidos, que tiene el 16,5 de los votos en el Consejo de Administraci\u00f3n del Fondo Monetario Internacional.<\/p>\n<p>Respecto al resto de la agenda internacional, las coincidencias entre Trump y Milei abundan. En particular, respecto a la regi\u00f3n y los conflictos armados en el Este de Europa y Medio Oriente. Esto es importante .<\/p>\n<p>Un tema central en la relaci\u00f3n Estados Unidos-Argentina, ser\u00e1 la relaci\u00f3n con China. Trump mencion\u00f3 abiertamente, su postura respecto a la competencia con China en temas estrat\u00e9gicos y econ\u00f3micos. Trump tiene un posicionamiento m\u00e1s radical que el de Biden, quien coloc\u00f3 a la jefa del Comando Sur a presionar al gobierno argentino, sobre la base aeroespacial china en Neuqu\u00e9n, entre otros temas vinculados a la relaci\u00f3n chino-argentina. Dentro de la nueva administraci\u00f3n, se advierte la posibilidad de nuevos aranceles norteamericanos contra los productos de ese pa\u00eds y una mayor confrontaci\u00f3n el plano geopol\u00edtico.<\/p>\n<p>Esto pone al gobierno argentino en un aprieto, al mantener compromisos con el gigante asi\u00e1tico en diferentes planos. En los \u00faltimos meses el gobierno argentino comenz\u00f3 un intento por recomponer las relaciones con el gobierno chino, luego de las cr\u00edticas p\u00fablicas del presidente Milei. De esa manera, con la mira puesta en una agenda conjunta que inclu\u00eda un encuentro entre ambos mandatarios, el gobierno pretende salvar algunos temas claves para la salud de la econom\u00eda argentina: inversiones en el pa\u00eds, el swap de monedas y el voto de China en el board del FMI.<\/p>\n<p>A\u00fan cuando los nuevos aires parecen darle aire a la gesti\u00f3n libertaria, se suman nuevos desaf\u00edos en las relaciones internacionales ante lo que parece ser un nuevo escenario global.<\/p>\n<p><img loading=\"lazy\" decoding=\"async\" class=\"alignleft size-thumbnail wp-image-27288\" src=\"https:\/\/revistaepocadigital.com.ar\/wp-content\/uploads\/2024\/11\/SANTUCHO-LEOPOLDO-150x150.jpg\" alt=\"\" width=\"150\" height=\"150\" \/><\/p>\n<p><strong>Por Lic. Leopoldo Santucho y Nancy Monz\u00f3n, directores de<br \/>\nde la consultora Inteligencia Colectiva.<\/strong><\/p>\n<p>&nbsp;<\/p>\n<p>&nbsp;<\/p>\n<p>inteligencia colectiva.ar<br \/>\n@inteligeniaco6<br \/>\n@colectivainteligencia<\/p>\n","protected":false},"excerpt":{"rendered":"<p>GANADOR DE LAS ELECCIONES PRESIDENCIALES EN ESTADOS UNIDOS.\u00a0 LA AFINIDAD MANIFIESTA CON EL PRESIDENTE ARGENTINO JAVIER MILEI.<\/p>\n","protected":false},"author":3,"featured_media":27282,"comment_status":"open","ping_status":"open","sticky":false,"template":"","format":"standard","meta":{"footnotes":"","jetpack_publicize_message":"","jetpack_publicize_feature_enabled":true,"jetpack_social_post_already_shared":true,"jetpack_social_options":{"image_generator_settings":{"template":"highway","default_image_id":0,"font":"","enabled":false},"version":2}},"categories":[17],"tags":[2947,2278,2799],"class_list":["post-27276","post","type-post","status-publish","format-standard","has-post-thumbnail","hentry","category-politica","tag-elecciones-ee-uu","tag-milei","tag-trump"],"jetpack_publicize_connections":[],"jetpack_featured_media_url":"https:\/\/revistaepocadigital.com.ar\/wp-content\/uploads\/2024\/11\/TRUMP-MILEI.webp","jetpack_likes_enabled":true,"_links":{"self":[{"href":"https:\/\/revistaepocadigital.com.ar\/index.php?rest_route=\/wp\/v2\/posts\/27276","targetHints":{"allow":["GET"]}}],"collection":[{"href":"https:\/\/revistaepocadigital.com.ar\/index.php?rest_route=\/wp\/v2\/posts"}],"about":[{"href":"https:\/\/revistaepocadigital.com.ar\/index.php?rest_route=\/wp\/v2\/types\/post"}],"author":[{"embeddable":true,"href":"https:\/\/revistaepocadigital.com.ar\/index.php?rest_route=\/wp\/v2\/users\/3"}],"replies":[{"embeddable":true,"href":"https:\/\/revistaepocadigital.com.ar\/index.php?rest_route=%2Fwp%2Fv2%2Fcomments&post=27276"}],"version-history":[{"count":0,"href":"https:\/\/revistaepocadigital.com.ar\/index.php?rest_route=\/wp\/v2\/posts\/27276\/revisions"}],"wp:featuredmedia":[{"embeddable":true,"href":"https:\/\/revistaepocadigital.com.ar\/index.php?rest_route=\/wp\/v2\/media\/27282"}],"wp:attachment":[{"href":"https:\/\/revistaepocadigital.com.ar\/index.php?rest_route=%2Fwp%2Fv2%2Fmedia&parent=27276"}],"wp:term":[{"taxonomy":"category","embeddable":true,"href":"https:\/\/revistaepocadigital.com.ar\/index.php?rest_route=%2Fwp%2Fv2%2Fcategories&post=27276"},{"taxonomy":"post_tag","embeddable":true,"href":"https:\/\/revistaepocadigital.com.ar\/index.php?rest_route=%2Fwp%2Fv2%2Ftags&post=27276"}],"curies":[{"name":"wp","href":"https:\/\/api.w.org\/{rel}","templated":true}]}}