{"id":27312,"date":"2024-11-12T22:28:41","date_gmt":"2024-11-13T01:28:41","guid":{"rendered":"https:\/\/revistaepocadigital.com.ar\/?p=27312"},"modified":"2024-11-12T22:31:12","modified_gmt":"2024-11-13T01:31:12","slug":"los-tigres-subcampeones-rugieron-fuerte-en-el-nacional-de-basquet-para-personas-con-sindrome-de-down","status":"publish","type":"post","link":"https:\/\/revistaepocadigital.com.ar\/?p=27312","title":{"rendered":"LOS TIGRES SUBCAMPEONES. RUGIERON FUERTE EN EL NACIONAL DE BASQUET PARA PERSONAS CON S\u00cdNDROME DE DOWN"},"content":{"rendered":"<div class=\"xdj266r x11i5rnm xat24cr x1mh8g0r x1vvkbs x126k92a\">\n<div dir=\"auto\"><\/div>\n<div dir=\"auto\"><strong>EN CONCEPCI\u00d3N DEL URUGUAY, ENTRE R\u00cdOS.<!--more--><\/strong><\/div>\n<div dir=\"auto\"><\/div>\n<div dir=\"auto\">El <strong>3\u00b0 Torneo Nacional de B\u00e1squet para personas con S\u00edndrome de Down<\/strong> tuvo lugar en la mencionada ciudad entrerriana con la organizaci\u00f3n de la<strong> FAADASD<\/strong> y se denomin\u00f3 <strong>Bas21.<\/strong><\/div>\n<div dir=\"auto\"><\/div>\n<div dir=\"auto\"><em>&#8220;Entre los 12 equipos que compitieron, estuvimos con Los Tigres del Club Honor y Patria de Capilla del Se\u00f1or&#8221;<\/em>, coment\u00f3 a EPOCA <strong>N\u00e9stor Albarenque<\/strong> integrante de la dupla destacada que completa<strong> Claudio Gonz\u00e1lez Johansen,<\/strong> ambos orientadores y conductores de Los Tigres.<\/div>\n<\/div>\n<div dir=\"auto\"><\/div>\n<div dir=\"auto\"><a class=\"x1i10hfl x1qjc9v5 xjbqb8w xjqpnuy xa49m3k xqeqjp1 x2hbi6w x13fuv20 xu3j5b3 x1q0q8m5 x26u7qi x972fbf xcfux6l x1qhh985 xm0m39n x9f619 x1ypdohk xdl72j9 x2lah0s xe8uvvx xdj266r x11i5rnm xat24cr x1mh8g0r x2lwn1j xeuugli xexx8yu x4uap5 x18d9i69 xkhd6sd x1n2onr6 x16tdsg8 x1hl2dhg xggy1nq x1ja2u2z x1t137rt x1q0g3np x87ps6o x1lku1pv x1a2a7pz x1lcm9me x1yr5g0i xrt01vj x10y3i5r x1lliihq x5yr21d x6ikm8r x10wlt62 xh8yej3\" tabindex=\"-1\" role=\"link\" href=\"https:\/\/www.facebook.com\/messenger_media\/?attachment_id=1565027854404864&amp;message_id=mid.%24cAABa8yePQl-ZU-Lwc2TIp2EbF7u9&amp;thread_id=100000136400717\" aria-label=\"Abrir foto\"><img decoding=\"async\" class=\"x1rg5ohu x5yr21d xl1xv1r xh8yej3\" src=\"https:\/\/scontent.xx.fbcdn.net\/v\/t1.15752-9\/462561458_1565027857738197_8221221203696890137_n.jpg?stp=dst-jpg_s480x480&amp;_nc_cat=110&amp;ccb=1-7&amp;_nc_sid=0024fc&amp;_nc_eui2=AeGYyup1KgRC8BU4A_8W7u_sCODClrmi1n0I4MKWuaLWfYSYe9itB94dIsxKvyUSGEg&amp;_nc_ohc=SF4AQG-kRTEQ7kNvgGKPQxa&amp;_nc_ad=z-m&amp;_nc_cid=0&amp;_nc_zt=23&amp;_nc_ht=scontent.xx&amp;oh=03_Q7cD1QEQtopSdn1kW7ogCvrEIdG4AxZ9pnr9Fi5y2-82oQq2Tw&amp;oe=675B824D\" alt=\"Abrir foto\" \/><\/a><\/div>\n<div dir=\"auto\"><\/div>\n<div class=\"xdj266r x11i5rnm xat24cr x1mh8g0r x1vvkbs x126k92a\">\n<div dir=\"auto\"><\/div>\n<div dir=\"auto\">Los Tigres del Club Honor y Patria, redondearon otra magn\u00edfica actuaci\u00f3n, resultando segundos y por lo tanto, subcampeones<em>. &#8220;Como dije, compitieron 12 equipos en Zona Desarrollo y en Zona Competitiva&#8221;,<\/em> apunt\u00f3 Albarenque.<\/div>\n<\/div>\n<div dir=\"auto\"><\/div>\n<div dir=\"auto\"><img decoding=\"async\" src=\"https:\/\/scontent.xx.fbcdn.net\/v\/t1.15752-9\/462548747_554173844009796_6759887081883120528_n.jpg?stp=dst-jpg_s640x640&amp;_nc_cat=111&amp;ccb=1-7&amp;_nc_sid=0024fc&amp;_nc_eui2=AeHtvJXUbimIDN1vRLA6vbYo8K-_kJtKyTXwr7-Qm0rJNZhW3rqFy3uJdLhiUmVHiGM&amp;_nc_ohc=qb-MbbzTkisQ7kNvgG0XGeG&amp;_nc_ad=z-m&amp;_nc_cid=0&amp;_nc_zt=23&amp;_nc_ht=scontent.xx&amp;oh=03_Q7cD1QH7k06JIiVI-DuD-vk5MXl-VjihyQBQ-nvcmnRoPVR7yA&amp;oe=675B6F18\" alt=\"Abrir foto\" \/><\/div>\n<div dir=\"auto\"><\/div>\n<div dir=\"auto\"><\/div>\n<div class=\"xdj266r x11i5rnm xat24cr x1mh8g0r x1vvkbs x126k92a\">\n<div dir=\"auto\">La procedencia de los equipos que intervinieron en el Torneo Nacional, reflej\u00f3 la importancia de la competencia. Hubo equipos arribados desde distintos puntos de la Argentina, como Mar del Plata, Santa Rosa y General Pico, La Pampa; San Rafael, Mendoza; Capital Federal. Tambi\u00e9n desde la ciudad cordobesa de R\u00edo Tercero y C\u00f3rdoba capital, a su vez jugaron equipos de Santa Fe y de Paran\u00e1 y Concepci\u00f3n del Uruguay, Entre R\u00edos.<\/div>\n<\/div>\n<div dir=\"auto\">\n<figure id=\"attachment_27339\" aria-describedby=\"caption-attachment-27339\" style=\"width: 433px\" class=\"wp-caption aligncenter\"><img loading=\"lazy\" decoding=\"async\" class=\"size-full wp-image-27339\" src=\"https:\/\/revistaepocadigital.com.ar\/wp-content\/uploads\/2024\/11\/gonzalez-johan-albaren.jpg\" alt=\"\" width=\"433\" height=\"392\" srcset=\"https:\/\/revistaepocadigital.com.ar\/wp-content\/uploads\/2024\/11\/gonzalez-johan-albaren.jpg 433w, https:\/\/revistaepocadigital.com.ar\/wp-content\/uploads\/2024\/11\/gonzalez-johan-albaren-300x272.jpg 300w\" sizes=\"auto, (max-width: 433px) 100vw, 433px\" \/><figcaption id=\"caption-attachment-27339\" class=\"wp-caption-text\">Gonz\u00e1lez Johansen y Albarenque, al frente de Los Tigres.<\/figcaption><\/figure>\n<\/div>\n<div class=\"xdj266r x11i5rnm xat24cr x1mh8g0r x1vvkbs x126k92a\">\n<div dir=\"auto\"><\/div>\n<div dir=\"auto\">\n<p>La final tuvo lugar en el <strong>Estadio del Club Zanineti,<\/strong> y la jugaron<strong> Integra Sport de\u00a0 Mar del Plata y Los Tigres de Capilla del Se\u00f1or<\/strong>, adjudic\u00e1ndose el torneo el equipo de la ciudad atl\u00e1ntica. <em>&#8220;Jugamos una final m\u00e1s, con la importancia que eso significa &#8211;<\/em>resalt\u00f3 Albarenque-; <em>esta vez no se nos di\u00f3 el t\u00edtulo pero igual nos sentimos felices por llegar a la final, y despu\u00e9s regresar en el mismo micro con nuestros amigos de Integra Sport, los merecidos campeones; y a los que nos acompa\u00f1aron, \u00a1muchas gracias!&#8221;.<\/em><\/p>\n<div dir=\"auto\"><\/div>\n<\/div>\n<\/div>\n<div class=\"x11i5rnm xat24cr x1mh8g0r x1vvkbs xtlvy1s x126k92a\">\n<div dir=\"auto\">\n<figure id=\"attachment_27315\" aria-describedby=\"caption-attachment-27315\" style=\"width: 696px\" class=\"wp-caption aligncenter\"><img loading=\"lazy\" decoding=\"async\" class=\"size-large wp-image-27315\" src=\"https:\/\/revistaepocadigital.com.ar\/wp-content\/uploads\/2024\/11\/tigr3-1200x900.jpg\" alt=\"\" width=\"696\" height=\"522\" srcset=\"https:\/\/revistaepocadigital.com.ar\/wp-content\/uploads\/2024\/11\/tigr3-1200x900.jpg 1200w, https:\/\/revistaepocadigital.com.ar\/wp-content\/uploads\/2024\/11\/tigr3-300x225.jpg 300w, https:\/\/revistaepocadigital.com.ar\/wp-content\/uploads\/2024\/11\/tigr3-768x576.jpg 768w, https:\/\/revistaepocadigital.com.ar\/wp-content\/uploads\/2024\/11\/tigr3-1536x1152.jpg 1536w, https:\/\/revistaepocadigital.com.ar\/wp-content\/uploads\/2024\/11\/tigr3-80x60.jpg 80w, https:\/\/revistaepocadigital.com.ar\/wp-content\/uploads\/2024\/11\/tigr3-160x120.jpg 160w, https:\/\/revistaepocadigital.com.ar\/wp-content\/uploads\/2024\/11\/tigr3-265x198.jpg 265w, https:\/\/revistaepocadigital.com.ar\/wp-content\/uploads\/2024\/11\/tigr3-696x522.jpg 696w, https:\/\/revistaepocadigital.com.ar\/wp-content\/uploads\/2024\/11\/tigr3-1068x801.jpg 1068w, https:\/\/revistaepocadigital.com.ar\/wp-content\/uploads\/2024\/11\/tigr3-560x420.jpg 560w, https:\/\/revistaepocadigital.com.ar\/wp-content\/uploads\/2024\/11\/tigr3-1120x840.jpg 1120w, https:\/\/revistaepocadigital.com.ar\/wp-content\/uploads\/2024\/11\/tigr3-1920x1440.jpg 1920w, https:\/\/revistaepocadigital.com.ar\/wp-content\/uploads\/2024\/11\/tigr3.jpg 2048w\" sizes=\"auto, (max-width: 696px) 100vw, 696px\" \/><figcaption id=\"caption-attachment-27315\" class=\"wp-caption-text\">Los Tiigres. El regreso a casa despu\u00e9s de otra gran actuaci\u00f3n.<\/figcaption><\/figure>\n<p><img loading=\"lazy\" decoding=\"async\" class=\"aligncenter size-large wp-image-27316\" src=\"https:\/\/revistaepocadigital.com.ar\/wp-content\/uploads\/2024\/11\/tigr2-1-1200x900.jpg\" alt=\"\" width=\"696\" height=\"522\" srcset=\"https:\/\/revistaepocadigital.com.ar\/wp-content\/uploads\/2024\/11\/tigr2-1-1200x900.jpg 1200w, https:\/\/revistaepocadigital.com.ar\/wp-content\/uploads\/2024\/11\/tigr2-1-300x225.jpg 300w, https:\/\/revistaepocadigital.com.ar\/wp-content\/uploads\/2024\/11\/tigr2-1-768x576.jpg 768w, https:\/\/revistaepocadigital.com.ar\/wp-content\/uploads\/2024\/11\/tigr2-1-1536x1152.jpg 1536w, https:\/\/revistaepocadigital.com.ar\/wp-content\/uploads\/2024\/11\/tigr2-1-80x60.jpg 80w, https:\/\/revistaepocadigital.com.ar\/wp-content\/uploads\/2024\/11\/tigr2-1-160x120.jpg 160w, https:\/\/revistaepocadigital.com.ar\/wp-content\/uploads\/2024\/11\/tigr2-1-265x198.jpg 265w, https:\/\/revistaepocadigital.com.ar\/wp-content\/uploads\/2024\/11\/tigr2-1-696x522.jpg 696w, https:\/\/revistaepocadigital.com.ar\/wp-content\/uploads\/2024\/11\/tigr2-1-1068x801.jpg 1068w, https:\/\/revistaepocadigital.com.ar\/wp-content\/uploads\/2024\/11\/tigr2-1-560x420.jpg 560w, https:\/\/revistaepocadigital.com.ar\/wp-content\/uploads\/2024\/11\/tigr2-1-1120x840.jpg 1120w, https:\/\/revistaepocadigital.com.ar\/wp-content\/uploads\/2024\/11\/tigr2-1-1920x1440.jpg 1920w, https:\/\/revistaepocadigital.com.ar\/wp-content\/uploads\/2024\/11\/tigr2-1.jpg 2048w\" sizes=\"auto, (max-width: 696px) 100vw, 696px\" \/><\/p>\n<\/div>\n<\/div>\n","protected":false},"excerpt":{"rendered":"<p>EN CONCEPCI\u00d3N DEL URUGUAY, ENTRE R\u00cdOS.<\/p>\n","protected":false},"author":4,"featured_media":27337,"comment_status":"open","ping_status":"open","sticky":false,"template":"","format":"standard","meta":{"footnotes":"","jetpack_publicize_message":"","jetpack_publicize_feature_enabled":true,"jetpack_social_post_already_shared":true,"jetpack_social_options":{"image_generator_settings":{"template":"highway","default_image_id":0,"font":"","enabled":false},"version":2}},"categories":[15],"tags":[37,2207,2948],"class_list":["post-27312","post","type-post","status-publish","format-standard","has-post-thumbnail","hentry","category-lo-que-tenes-que-saber","tag-destacada","tag-los-tigres","tag-torneo-nacional-basquet"],"jetpack_publicize_connections":[],"jetpack_featured_media_url":"https:\/\/revistaepocadigital.com.ar\/wp-content\/uploads\/2024\/11\/tigres.jpg","jetpack_likes_enabled":true,"_links":{"self":[{"href":"https:\/\/revistaepocadigital.com.ar\/index.php?rest_route=\/wp\/v2\/posts\/27312","targetHints":{"allow":["GET"]}}],"collection":[{"href":"https:\/\/revistaepocadigital.com.ar\/index.php?rest_route=\/wp\/v2\/posts"}],"about":[{"href":"https:\/\/revistaepocadigital.com.ar\/index.php?rest_route=\/wp\/v2\/types\/post"}],"author":[{"embeddable":true,"href":"https:\/\/revistaepocadigital.com.ar\/index.php?rest_route=\/wp\/v2\/users\/4"}],"replies":[{"embeddable":true,"href":"https:\/\/revistaepocadigital.com.ar\/index.php?rest_route=%2Fwp%2Fv2%2Fcomments&post=27312"}],"version-history":[{"count":0,"href":"https:\/\/revistaepocadigital.com.ar\/index.php?rest_route=\/wp\/v2\/posts\/27312\/revisions"}],"wp:featuredmedia":[{"embeddable":true,"href":"https:\/\/revistaepocadigital.com.ar\/index.php?rest_route=\/wp\/v2\/media\/27337"}],"wp:attachment":[{"href":"https:\/\/revistaepocadigital.com.ar\/index.php?rest_route=%2Fwp%2Fv2%2Fmedia&parent=27312"}],"wp:term":[{"taxonomy":"category","embeddable":true,"href":"https:\/\/revistaepocadigital.com.ar\/index.php?rest_route=%2Fwp%2Fv2%2Fcategories&post=27312"},{"taxonomy":"post_tag","embeddable":true,"href":"https:\/\/revistaepocadigital.com.ar\/index.php?rest_route=%2Fwp%2Fv2%2Ftags&post=27312"}],"curies":[{"name":"wp","href":"https:\/\/api.w.org\/{rel}","templated":true}]}}