{"id":2733,"date":"2019-06-23T15:27:28","date_gmt":"2019-06-23T18:27:28","guid":{"rendered":"https:\/\/revistaepocadigital.com.ar\/?p=2733"},"modified":"2019-06-24T21:01:59","modified_gmt":"2019-06-25T00:01:59","slug":"aqui-estan-estos-son-la-lista-de-horacio-errazu","status":"publish","type":"post","link":"https:\/\/revistaepocadigital.com.ar\/?p=2733","title":{"rendered":"Aqu\u00ed est\u00e1n, estos son: la lista de Horacio Errazu"},"content":{"rendered":"<div>\n<div>\n<div id=\"ydp86ad3508pf1\" class=\"ydp86ad3508dp-page-outer\">\n<div class=\"ydp86ad3508dp-page-inner\">\n<div id=\"ydp86ad3508pg-1pf1\" class=\"ydp86ad3508pf ydp86ad3508pg-1w0 ydp86ad3508pg-1h0\">\n<div class=\"ydp86ad3508pc ydp86ad3508pg-1pc1 ydp86ad3508pg-1w0 ydp86ad3508pg-1h0\">\n<div><strong>POL\u00cdTICA. A\u00d1O ELECTORAL.<\/strong> <!--more--><\/div>\n<\/div>\n<\/div>\n<div>\n<p>&nbsp;<\/p>\n<p><strong>Horacio Errazu<\/strong> confirm\u00f3 su candidatura a intendente municipal y participar\u00e1 como hab\u00eda sostenido, con lista propia dentro del espacio Frente de Todos, &#8220;El Frente presenta lista \u00fanica de unidad a nivel nacional y provincial&#8221;, mencion\u00f3 Errazu. En Exaltaci\u00f3n de la Cruz, habr\u00e1 tres alternativas electorales en las<strong> P.A.S.O<\/strong>, las encabezadas por Diego Nanni, Luciano Ferreyra y el mencionado Errazu.<\/p>\n<p><em>&#8220;La lista est\u00e1 integrada por vecinos de Exaltaci\u00f3n de la Cruz, con gran inter\u00e9s por involucrarse en mejorar el est\u00e1ndar devida de los vecinos&#8221;,<\/em> sostuvo el hombre que ocup\u00f3 el cargo de jefe comunal y que se postula para administrar el distrito a partir de diciembre venidero.<\/p>\n<div>\n<div id=\"ydp86ad3508pf1\" class=\"ydp86ad3508dp-page-outer\">\n<div class=\"ydp86ad3508dp-page-inner\">\n<div id=\"ydp86ad3508pg-1pf1\" class=\"ydp86ad3508pf ydp86ad3508pg-1w0 ydp86ad3508pg-1h0\">\n<div class=\"ydp86ad3508pc ydp86ad3508pg-1pc1 ydp86ad3508pg-1w0 ydp86ad3508pg-1h0\">\n<div class=\"ydp86ad3508t ydp86ad3508pg-1m0 ydp86ad3508pg-1x0 ydp86ad3508pg-1h3 ydp86ad3508pg-1y19 ydp86ad3508pg-1ff2 ydp86ad3508pg-1fs1 ydp86ad3508pg-1fc0 ydp86ad3508pg-1sc0 ydp86ad3508pg-1ls0 ydp86ad3508pg-1ws0\"><em>&#8220;Y cuando hablo de mejoras par los vecinos, me refiero a las dis\ue014ntas \u00e1reas que tengan que desarrollarse, siempre pensando que el contacto directo con nuestra gente es la<\/em><\/div>\n<div class=\"ydp86ad3508t ydp86ad3508pg-1m0 ydp86ad3508pg-1x0 ydp86ad3508pg-1h3 ydp86ad3508pg-1y1a ydp86ad3508pg-1ff2 ydp86ad3508pg-1fs1 ydp86ad3508pg-1fc0 ydp86ad3508pg-1sc0 ydp86ad3508pg-1ls0 ydp86ad3508pg-1ws0\"><em>mejor forma de conocer y entender los inconvenientes que \ue014enen los habitantes del distrito&#8221;,<\/em> apunt\u00f3 Errazu (en la foto junto a Daniel Portillo).<\/div>\n<div><\/div>\n<p><strong>La lista.<\/strong><\/p>\n<p>INTENDENTE<br \/>\nHoracio Errazu<\/p>\n<p>CONCEJALES TITULARES.<br \/>\n1\u00b0 Portillo, Daniel Rub\u00e9n<br \/>\n2\u00b0 Santoro, Marcela Alejandra<br \/>\n3\u00b0 Molina, Lucas Leonel<br \/>\n4\u00b0 Saavedra, Alicia Susana<br \/>\n5\u00b0 Cristarella, Maximiliano<br \/>\n6\u00b0 P\u00e9rez, Natalia Ver\u00f3nica<br \/>\n7\u00b0 Rabanal, Eduardo Agust\u00edn<\/p>\n<p>CONCEJALES SUPLENTES<br \/>\n1\u00b0 Rulet, Ailin Lidia Elizabeth<br \/>\n2\u00b0 Rey, Juan Francisco<br \/>\n3\u00b0 Waurisch, Brenda<br \/>\n4\u00b0 Lugo Pons, V\u00edctor Dar\u00edo<\/p>\n<p>CONSEJEROS ESCOLARES<br \/>\n1\u00b0 Correa, Viviana Alicia<br \/>\n2\u00b0 Martinez, Mario Ra\u00fal<br \/>\n3\u00b0 Maran, Agustina Natali<\/p>\n<p>CONSEJEROS ESCOLARES SUPLENTES<br \/>\n1\u00ba Alga\u00f1araz, Jorge Gabriel<br \/>\n2\u00b0 Alegre, Romina Alejandra<br \/>\n3\u00b0 Grecco, Rodolfo Emilio<\/p>\n","protected":false},"excerpt":{"rendered":"<p>POL\u00cdTICA. A\u00d1O ELECTORAL.<\/p>\n","protected":false},"author":3,"featured_media":2755,"comment_status":"open","ping_status":"open","sticky":false,"template":"","format":"standard","meta":{"footnotes":"","jetpack_publicize_message":"","jetpack_publicize_feature_enabled":true,"jetpack_social_post_already_shared":false,"jetpack_social_options":{"image_generator_settings":{"template":"highway","default_image_id":0,"font":"","enabled":false},"version":2}},"categories":[13],"tags":[388,46],"class_list":["post-2733","post","type-post","status-publish","format-standard","has-post-thumbnail","hentry","category-interes-general","tag-elecciones-lista","tag-errazu"],"jetpack_publicize_connections":[],"jetpack_featured_media_url":"https:\/\/revistaepocadigital.com.ar\/wp-content\/uploads\/2019\/06\/errazu-portillo-d.-19.jpg","jetpack_likes_enabled":true,"_links":{"self":[{"href":"https:\/\/revistaepocadigital.com.ar\/index.php?rest_route=\/wp\/v2\/posts\/2733","targetHints":{"allow":["GET"]}}],"collection":[{"href":"https:\/\/revistaepocadigital.com.ar\/index.php?rest_route=\/wp\/v2\/posts"}],"about":[{"href":"https:\/\/revistaepocadigital.com.ar\/index.php?rest_route=\/wp\/v2\/types\/post"}],"author":[{"embeddable":true,"href":"https:\/\/revistaepocadigital.com.ar\/index.php?rest_route=\/wp\/v2\/users\/3"}],"replies":[{"embeddable":true,"href":"https:\/\/revistaepocadigital.com.ar\/index.php?rest_route=%2Fwp%2Fv2%2Fcomments&post=2733"}],"version-history":[{"count":0,"href":"https:\/\/revistaepocadigital.com.ar\/index.php?rest_route=\/wp\/v2\/posts\/2733\/revisions"}],"wp:featuredmedia":[{"embeddable":true,"href":"https:\/\/revistaepocadigital.com.ar\/index.php?rest_route=\/wp\/v2\/media\/2755"}],"wp:attachment":[{"href":"https:\/\/revistaepocadigital.com.ar\/index.php?rest_route=%2Fwp%2Fv2%2Fmedia&parent=2733"}],"wp:term":[{"taxonomy":"category","embeddable":true,"href":"https:\/\/revistaepocadigital.com.ar\/index.php?rest_route=%2Fwp%2Fv2%2Fcategories&post=2733"},{"taxonomy":"post_tag","embeddable":true,"href":"https:\/\/revistaepocadigital.com.ar\/index.php?rest_route=%2Fwp%2Fv2%2Ftags&post=2733"}],"curies":[{"name":"wp","href":"https:\/\/api.w.org\/{rel}","templated":true}]}}