{"id":27346,"date":"2024-11-12T23:49:19","date_gmt":"2024-11-13T02:49:19","guid":{"rendered":"https:\/\/revistaepocadigital.com.ar\/?p=27346"},"modified":"2024-11-12T23:49:19","modified_gmt":"2024-11-13T02:49:19","slug":"los-argentinos-ante-una-de-las-mas-grandes-encrucijadas-de-su-historia","status":"publish","type":"post","link":"https:\/\/revistaepocadigital.com.ar\/?p=27346","title":{"rendered":"LOS ARGENTINOS ANTE UNA DE LAS M\u00c1S GRANDES ENCRUCIJADAS DE SU HISTORIA."},"content":{"rendered":"<p><strong>LA PREGUNTA.<\/strong><!--more--><\/p>\n<p><strong>La Argentina, que fue un pilar de la m\u00fasica en espa\u00f1ol en el mundo, vive hoy una realidad cultural que nos invita a una reflexi\u00f3n profunda y abarcativa.<\/strong><\/p>\n<p><em>Desde el tango de Gardel y Piazzolla, pasando por la poes\u00eda de Goyeneche y el rock innovador de los 80 con Soda Stereo, la Argentina marc\u00f3 a generaciones con su arte y su influencia regional<\/em>.<\/p>\n<p>La m\u00fasica argentina reflejaba una identidad \u00fanica, rica en emociones profundas y una b\u00fasqueda constante de excelencia art\u00edstica. <strong>Sin embargo, en la actualidad y desde hace a\u00f1os a\u00f1os, la escena musical parece m\u00e1s un reflejo de las carencias sociales que de su talento.<\/strong><\/p>\n<p><img loading=\"lazy\" decoding=\"async\" class=\"aligncenter size-full wp-image-27353\" src=\"https:\/\/revistaepocadigital.com.ar\/wp-content\/uploads\/2024\/11\/MANIFESTACION.jpg-1.jpg\" alt=\"\" width=\"570\" height=\"380\" srcset=\"https:\/\/revistaepocadigital.com.ar\/wp-content\/uploads\/2024\/11\/MANIFESTACION.jpg-1.jpg 570w, https:\/\/revistaepocadigital.com.ar\/wp-content\/uploads\/2024\/11\/MANIFESTACION.jpg-1-300x200.jpg 300w\" sizes=\"auto, (max-width: 570px) 100vw, 570px\" \/><\/p>\n<p><strong>La falta de acceso a la educaci\u00f3n de calidad y el abandono de las pol\u00edticas culturales y educativas, padecidas desde hace d\u00e9cadas<\/strong>, han permitido que expresiones m\u00e1s simplistas, con mucho menor contenido y llenos de esa <strong>decadencia brutal que ha ensombrecido al pa\u00eds, tomaran un inusitado e \u00bfinexplicable? protagonismo<\/strong>.<\/p>\n<p>Mientras en otras \u00e9pocas nuestros<strong> \u00eddolos inspiraban admiraci\u00f3n y orgullo en el pa\u00eds e incluso en buena parte del mundo,<\/strong> la<strong> m\u00fasica popular pareci\u00f3 orientarse hacia el consumo r\u00e1pido, desechable y de una pobreza art\u00edstica y cultural pat\u00e9tica, destacando estilos invadidos de una pobreza creativa indescifrable; lejos, lej\u00edsimo de ofrecer profundidad ni en su l\u00edrica ni en su propuesta art\u00edstica.<\/strong><\/p>\n<p><span style=\"color: #ff6600;\"><strong>\u00bfQu\u00e9 pensar\u00edan Gardel, Goyeneche o Piazzolla de esta tan cruda y devastadora realidad?<\/strong><\/span><\/p>\n<p>Tal vez se preguntar\u00edan c\u00f3mo el pa\u00eds que alguna vez fue faro cultural en el continente e inclusive para muchos otros pa\u00edses, h<strong>a permitido que el arte, que nos identifica y une, perdiera su industida calidad y prestigio para sumergirse en un pozo oscuro, profundo y de muy dif\u00edcil salida.<\/strong><\/p>\n<p><strong>La m\u00fasica puede ser una voz para los sectores m\u00e1s desfavorecidos<\/strong>, que tanto han crecido en la Argentina producto de <strong>gobiernos que olvidaron el cap\u00edtulo m\u00e1s importante del libro: trabajar para la gente.<\/strong> Y en tal sentido, jam\u00e1s debe sacrificarse o dilapidar la riqueza cultural que define a un pa\u00eds.<\/p>\n<p><strong>La soluci\u00f3n no es rechazar a las nuevas tendencias<\/strong>, sino fomentar la educaci\u00f3n y el aprecio por el arte, la cultura, el respeto por el pr\u00f3jimo y por el pr\u00f3ximo, y la<strong> voluntad para trabajar aniquilada por pol\u00edticas err\u00e1ticas, con n\u00edtidos tintes populistas que llevaron una vez m\u00e1s a la Argentina al fondo del mar, y vaya a saber si habr\u00e1 sido la \u00faltima.<\/strong><\/p>\n<p><strong>La Argentina imperiosamente<\/strong> debe recuperar su verdadera identidad, la que vale, perdida en tantos desavar\u00edos. Y esa identidad, tambi\u00e9n pasa por la m\u00fasica y el respeto internacional que una vez supo ganarse. <strong>\u00bfO ser\u00e1 una utop\u00eda?<\/strong><\/p>\n<p><em>Por Gustavo Rosso (especial desde Minneapolis, EE.UU)<\/em><\/p>\n","protected":false},"excerpt":{"rendered":"<p>LA PREGUNTA.<\/p>\n","protected":false},"author":4,"featured_media":27348,"comment_status":"open","ping_status":"open","sticky":false,"template":"","format":"standard","meta":{"footnotes":"","jetpack_publicize_message":"","jetpack_publicize_feature_enabled":true,"jetpack_social_post_already_shared":true,"jetpack_social_options":{"image_generator_settings":{"template":"highway","default_image_id":0,"font":"","enabled":false},"version":2}},"categories":[13],"tags":[],"class_list":["post-27346","post","type-post","status-publish","format-standard","has-post-thumbnail","hentry","category-interes-general"],"jetpack_publicize_connections":[],"jetpack_featured_media_url":"https:\/\/revistaepocadigital.com.ar\/wp-content\/uploads\/2024\/11\/cerati-l-gante-1.jpg","jetpack_likes_enabled":true,"_links":{"self":[{"href":"https:\/\/revistaepocadigital.com.ar\/index.php?rest_route=\/wp\/v2\/posts\/27346","targetHints":{"allow":["GET"]}}],"collection":[{"href":"https:\/\/revistaepocadigital.com.ar\/index.php?rest_route=\/wp\/v2\/posts"}],"about":[{"href":"https:\/\/revistaepocadigital.com.ar\/index.php?rest_route=\/wp\/v2\/types\/post"}],"author":[{"embeddable":true,"href":"https:\/\/revistaepocadigital.com.ar\/index.php?rest_route=\/wp\/v2\/users\/4"}],"replies":[{"embeddable":true,"href":"https:\/\/revistaepocadigital.com.ar\/index.php?rest_route=%2Fwp%2Fv2%2Fcomments&post=27346"}],"version-history":[{"count":0,"href":"https:\/\/revistaepocadigital.com.ar\/index.php?rest_route=\/wp\/v2\/posts\/27346\/revisions"}],"wp:featuredmedia":[{"embeddable":true,"href":"https:\/\/revistaepocadigital.com.ar\/index.php?rest_route=\/wp\/v2\/media\/27348"}],"wp:attachment":[{"href":"https:\/\/revistaepocadigital.com.ar\/index.php?rest_route=%2Fwp%2Fv2%2Fmedia&parent=27346"}],"wp:term":[{"taxonomy":"category","embeddable":true,"href":"https:\/\/revistaepocadigital.com.ar\/index.php?rest_route=%2Fwp%2Fv2%2Fcategories&post=27346"},{"taxonomy":"post_tag","embeddable":true,"href":"https:\/\/revistaepocadigital.com.ar\/index.php?rest_route=%2Fwp%2Fv2%2Ftags&post=27346"}],"curies":[{"name":"wp","href":"https:\/\/api.w.org\/{rel}","templated":true}]}}