{"id":27378,"date":"2024-11-17T01:55:49","date_gmt":"2024-11-17T04:55:49","guid":{"rendered":"https:\/\/revistaepocadigital.com.ar\/?p=27378"},"modified":"2024-11-17T01:59:12","modified_gmt":"2024-11-17T04:59:12","slug":"en-alicante-espana-la-ilusion-en-el-mundial-de-kick-boxing-es-exaltacrucena","status":"publish","type":"post","link":"https:\/\/revistaepocadigital.com.ar\/?p=27378","title":{"rendered":"EN ALICANTE, ESPA\u00d1A, LA ILUSI\u00d3N EN EL MUNDIAL DE KICK BOXING ES EXALTACRUCE\u00d1A"},"content":{"rendered":"<div class=\"post-header\">\n<h3 class=\"post-title\"><strong>Tres p\u00fagiles compiten.<\/strong><\/h3>\n<h3><\/h3>\n<h5 class=\"post-byline\"><strong style=\"color: #111111; font-family: Roboto, sans-serif; font-size: 27px;\">Cristian Alga\u00f1araz, El\u00edas Paiz y Lemuel Nassivera en el Mundial de Kick Boxing, motivados y muy bien preparados.<\/strong><\/h5>\n<div><\/div>\n<\/div>\n<p><!--more--><\/p>\n<div class=\"post-content\">\n<p>El Campeonato Mundial de Kick Boxing 2024 se celebrar\u00e1 en Alicante, Espa\u00f1a, del 18 al 22 de este mes, el campeonato conmemora los 60 a\u00f1os de la Federaci\u00f3n Mundial de Kick Boxing (WKF). Compet\u00edan todas las disciplinas de kick boxing, con p\u00fagiles de distintos pa\u00edses del mundol.<\/p>\n<\/div>\n<p>Los p\u00fagiles del Mi\u00f1o Team; Cristi\u00e1n Alga\u00f1araz, El\u00edas Paiz y Lemuel Nassivera, representaban a la Argentina en una cita largamente anhelada. Encabezaba la delegaci\u00f3n el entrenador Ricardo Mi\u00f1o y la completaba uno de los padres de los deportistas, Carlos Nassivera.<\/p>\n<p>El Kick Boxing ha visto destacarse a los tres argentinos que viajaron al Mundial, as\u00ed como tambi\u00e9n creci\u00f3 el deporte, not\u00e1ndose en los participantes y en los resultados alcanzados por los locales.<\/p>\n<p>Los del Mi\u00f1o Team; Cristi\u00e1n Alga\u00f1araz, El\u00edas Paiz y Lemuel Nassivera; afrontaban el mas importante desafio deportivo de sus vidas, al que consiguieron participar luego de muchos esfuerzos m\u00e1s alla de los muy buenos resultados deportivos logrados en los \u00faltimos tiempos.<\/p>\n<div class=\"post-content\">\n<p>Cristi\u00e1n Alga\u00f1araz, asi como los otros representantes, hicieron declaraciones antes de viajar al peri\u00f3dico El Lugare\u00f1o. \u201cMe prepar\u00e9 muy bien, siempre pensando en mi objetivo. La verdad es algo nuevo para m\u00ed y yo voy a ir con mis herramientas que d\u00eda a d\u00eda trabajo para sacar el 200 por ciento de m\u00ed. Para m\u00ed es un sue\u00f1o, no tengo palabras para poder decir lo feliz que estoy de poder representar a Argentina. Mi objetivo en cada pelea es dar el 200 por ciento y que mi pueblo est\u00e9 orgulloso de los pibes que representan a nuestro pa\u00eds\u201d,\u00a0 dijo Cristian. En tanto, El\u00edas Paiz sostuvo, &#8220;la preparaci\u00f3n para el Mundial de Alicante fue muy buena y fuerte porque sobre todo tuve mucha voluntad. Lo que espero del Mundial era que muestre mi mejor versi\u00f3n, voy con la estrategia de hacer las cosas bien, sencillas y correctas. Para m\u00ed, representar a Exaltaci\u00f3n de la Cruz y a la Argentina es un orgullo; el objetivo es dar lo mejor, dar una buena imagen y que se presenten nuevas oportunidades\u201d.<\/p>\n<p><img loading=\"lazy\" decoding=\"async\" class=\"size-full wp-image-27391\" src=\"https:\/\/revistaepocadigital.com.ar\/wp-content\/uploads\/2024\/11\/lemnuel-ll.jpeg\" alt=\"\" width=\"626\" height=\"640\" srcset=\"https:\/\/revistaepocadigital.com.ar\/wp-content\/uploads\/2024\/11\/lemnuel-ll.jpeg 626w, https:\/\/revistaepocadigital.com.ar\/wp-content\/uploads\/2024\/11\/lemnuel-ll-293x300.jpeg 293w, https:\/\/revistaepocadigital.com.ar\/wp-content\/uploads\/2024\/11\/lemnuel-ll-356x364.jpeg 356w, https:\/\/revistaepocadigital.com.ar\/wp-content\/uploads\/2024\/11\/lemnuel-ll-411x420.jpeg 411w\" sizes=\"auto, (max-width: 626px) 100vw, 626px\" \/><\/p>\n<pre>La emoci\u00f3n de Carlos Nassivera, padre de Lemuel, antes del viaje.<\/pre>\n<p>En cuanto a Lemuel Nassivera, asegur\u00f3 su determinaci\u00f3n y anhelo por obtener buenos resultados: \u201cMe prepar\u00e9 m\u00e1s enfocado que nunca, con los objetivos m\u00e1s claros que nunca, con ganas de demostrar y dejar bien representada a Argentina en el Mundial de Espa\u00f1a. Espero encontrarme con los mejores de mi categor\u00eda y, sin sonar a cre\u00eddo, noquearlos, poder demostrar y demostrarme a m\u00ed mismo de qu\u00e9 estoy hecho. Si bien es un orgullo para m\u00ed poder representar mi pueblo y, m\u00e1s que eso, a mi pa\u00eds, es algo que no podr\u00eda expresar con claridad, son muchas sensaciones juntas. Me prepar\u00e9 para dar lo mejor y es lo que voy a hacer, dar todo de m\u00ed. Apunto a lo grande, a salir campe\u00f3n, eso verdaderamente me dejar\u00eda conforme, porque s\u00e9 todo el esfuerzo que hay atr\u00e1s, tanto m\u00edo como el de mi familia, para poder verme hoy y cumplir uno de mis sue\u00f1os\u201d.<\/p>\n<div class=\"addtoany_share_save_container addtoany_content addtoany_content_bottom\"><\/div>\n<\/div>\n<div class=\"post-meta\">\n<p class=\"post-categories\">\n<\/div>\n","protected":false},"excerpt":{"rendered":"<p>Tres p\u00fagiles compiten. Cristian Alga\u00f1araz, El\u00edas Paiz y Lemuel Nassivera en el Mundial de Kick Boxing, motivados y muy bien preparados.<\/p>\n","protected":false},"author":4,"featured_media":27382,"comment_status":"open","ping_status":"open","sticky":false,"template":"","format":"standard","meta":{"footnotes":"","jetpack_publicize_message":"","jetpack_publicize_feature_enabled":true,"jetpack_social_post_already_shared":true,"jetpack_social_options":{"image_generator_settings":{"template":"highway","default_image_id":0,"font":"","enabled":false},"version":2}},"categories":[13],"tags":[2597,2953,2230,2954,2254],"class_list":["post-27378","post","type-post","status-publish","format-standard","has-post-thumbnail","hentry","category-interes-general","tag-2597","tag-alicante","tag-kick-boxing","tag-mino","tag-nassivera"],"jetpack_publicize_connections":[],"jetpack_featured_media_url":"https:\/\/revistaepocadigital.com.ar\/wp-content\/uploads\/2024\/11\/Mino-Team-Alicante.jpg","jetpack_likes_enabled":true,"_links":{"self":[{"href":"https:\/\/revistaepocadigital.com.ar\/index.php?rest_route=\/wp\/v2\/posts\/27378","targetHints":{"allow":["GET"]}}],"collection":[{"href":"https:\/\/revistaepocadigital.com.ar\/index.php?rest_route=\/wp\/v2\/posts"}],"about":[{"href":"https:\/\/revistaepocadigital.com.ar\/index.php?rest_route=\/wp\/v2\/types\/post"}],"author":[{"embeddable":true,"href":"https:\/\/revistaepocadigital.com.ar\/index.php?rest_route=\/wp\/v2\/users\/4"}],"replies":[{"embeddable":true,"href":"https:\/\/revistaepocadigital.com.ar\/index.php?rest_route=%2Fwp%2Fv2%2Fcomments&post=27378"}],"version-history":[{"count":0,"href":"https:\/\/revistaepocadigital.com.ar\/index.php?rest_route=\/wp\/v2\/posts\/27378\/revisions"}],"wp:featuredmedia":[{"embeddable":true,"href":"https:\/\/revistaepocadigital.com.ar\/index.php?rest_route=\/wp\/v2\/media\/27382"}],"wp:attachment":[{"href":"https:\/\/revistaepocadigital.com.ar\/index.php?rest_route=%2Fwp%2Fv2%2Fmedia&parent=27378"}],"wp:term":[{"taxonomy":"category","embeddable":true,"href":"https:\/\/revistaepocadigital.com.ar\/index.php?rest_route=%2Fwp%2Fv2%2Fcategories&post=27378"},{"taxonomy":"post_tag","embeddable":true,"href":"https:\/\/revistaepocadigital.com.ar\/index.php?rest_route=%2Fwp%2Fv2%2Ftags&post=27378"}],"curies":[{"name":"wp","href":"https:\/\/api.w.org\/{rel}","templated":true}]}}