{"id":2739,"date":"2019-06-24T16:46:45","date_gmt":"2019-06-24T19:46:45","guid":{"rendered":"https:\/\/revistaepocadigital.com.ar\/?p=2739"},"modified":"2019-06-24T16:46:45","modified_gmt":"2019-06-24T19:46:45","slug":"vidal-y-macri-en-la-inauguracion-de-un-nuevo-tramo-de-la-ruta-7","status":"publish","type":"post","link":"https:\/\/revistaepocadigital.com.ar\/?p=2739","title":{"rendered":"VIDAL Y MACRI EN LA INAUGURACI\u00d3N DE UN NUEVO TRAMO DE LA RUTA 7"},"content":{"rendered":"<figure id=\"attachment_2743\" aria-describedby=\"caption-attachment-2743\" style=\"width: 656px\" class=\"wp-caption aligncenter\"><img loading=\"lazy\" decoding=\"async\" class=\"size-full wp-image-2743\" src=\"https:\/\/revistaepocadigital.com.ar\/wp-content\/uploads\/2019\/06\/Macri-y-Vidal-giles-1.jpg\" alt=\"\" width=\"656\" height=\"438\" srcset=\"https:\/\/revistaepocadigital.com.ar\/wp-content\/uploads\/2019\/06\/Macri-y-Vidal-giles-1.jpg 656w, https:\/\/revistaepocadigital.com.ar\/wp-content\/uploads\/2019\/06\/Macri-y-Vidal-giles-1-300x200.jpg 300w, https:\/\/revistaepocadigital.com.ar\/wp-content\/uploads\/2019\/06\/Macri-y-Vidal-giles-1-629x420.jpg 629w\" sizes=\"auto, (max-width: 656px) 100vw, 656px\" \/><figcaption id=\"caption-attachment-2743\" class=\"wp-caption-text\">El presidente y la gobernadora en San Andr\u00e9s de Giles.<\/figcaption><\/figure>\n<p><strong><em>&#8220;SEIS MIL KIL\u00d3METROS DE RUTA EN LA PROVINCIA ESTABAN ABANDONADOS Y HOY SON UNA REALIDAD\u201d.<\/em><\/strong><!--more--><\/p>\n<p>Dijo la gobernadora de la Provincia de Buenos Aires, <strong>Mar\u00eda Eugenia Vidal,<\/strong> quien acompa\u00f1\u00f3 al presidente <strong>Mauricio Macri,<\/strong> en la inauguraci\u00f3n de un nuevo tramo de la<strong> Autopista de la Ruta Nacional N\u00b07 denominado Variante San Andr\u00e9s de Giles,<\/strong> y que une las ciudades de <strong>Luj\u00e1n con Jun\u00edn.<\/strong><\/p>\n<p><em>\u201cHace 4 a\u00f1os recorr\u00edamos con Mauricio esta ruta y en uno de los recorridos que hice por Chacabuco, en una biblioteca popular muy chiquita, un grupo de vecinos me pidi\u00f3 por la Ruta 7. A las pocas semanas fuimos con Mauricio y los vimos a la vera de la ruta, con un cartel que contaba la cantidad de fallecidos por accidentes que pod\u00edan prevenirse con una ruta mejor\u201d,<\/em> continu\u00f3 la gobernadora. \u201c<em>Y as\u00ed fue que a\u00fan antes de ganar la elecci\u00f3n, empezamos a trabajar en este proyecto con Guillermo Dietrich. Pero no solo ac\u00e1, tambi\u00e9n en las rutas 8, en la 3, en la 5. Y los resultados se empiezan a ver en la Provincia, en la 51, la 88, la 67, en la 11 y la 56, en la 6&#8230;\u201d,<\/em> resalt\u00f1o.<\/p>\n<p>El acto de inauguraci\u00f3n se realiz\u00f3 sobre el puente de la Ruta Nacional N\u00b0 7, en el cruce con la Ruta Provincial N\u00b041. Tambi\u00e9n estuvieron presentes el ministro de Transporte de la Naci\u00f3n, Guillermo Dietrich, y los intendentes de Rojas, Claudio Rossi; de Jun\u00edn, Pablo Petrecca; de Chacabuco, Victor Aiola; de San Andr\u00e9s de Giles, Carlos Puglelli; y vecinosidad.<\/p>\n<p>La mandataria expres\u00f3:<em> \u201cCuando nos preguntan qu\u00e9 significan estas obras para nosotros, son mucho m\u00e1s que cemento, son certezas. Son miles de personas que han trabajado en las obras que hicimos juntos, son los impuestos que ahora van a un lugar que se puede mostrar\u201d<\/em>. Y acot\u00f3, <em>&#8220;esa certeza de que vali\u00f3 la pena es la que hoy est\u00e1 ac\u00e1, donde hab\u00eda un cartel que contaba los muertos y hoy hay una ruta de verdad, bien hecha y con seguridad para todos los vecinos\u201d.<\/em><\/p>\n<p><strong>Sobre las obras del nuevo tramo de la Ruta Nacional N\u00b0 7<\/strong><\/p>\n<p>El nuevo tramo de autopista tiene una extensi\u00f3n de 8 kil\u00f3metros, y permite bordear el tejido urbano de San Andr\u00e9s de Giles para optimizar la circulaci\u00f3n del tr\u00e1nsito al evitar el cruce de la Ruta Provincial N\u00ba 7 con la Ruta Provincial N\u00ba 41, mediante un paso de alto nivel.<\/p>\n<p>Ese punto registra m\u00e1s de 2 siniestros viales por mes, es el s\u00e9ptimo entre los tramos m\u00e1s peligrosos de toda la provincia de Buenos Aires, y con mayores \u00edndices de mortalidad. El sector del nuevo puente ten\u00eda tres veces m\u00e1s siniestralidad que el resto de la ruta. El principal objetivo de la obra es aportar mayor seguridad vial, reducir los tiempos de viaje, ya que permite evitar el ingreso a la ciudad, y los costos log\u00edsticos para el transporte de carga. La obra hab\u00eda sido licitada en 2014 pero comenz\u00f3 en 2017. Para su construcci\u00f3n se invirtieron $1751 millones.<\/p>\n<p>Fuente y fotos: Secretaria de Medios de la provincia de Buenos Aires.<\/p>\n","protected":false},"excerpt":{"rendered":"<p>&#8220;SEIS MIL KIL\u00d3METROS DE RUTA EN LA PROVINCIA ESTABAN ABANDONADOS Y HOY SON UNA REALIDAD\u201d.<\/p>\n","protected":false},"author":3,"featured_media":2741,"comment_status":"open","ping_status":"open","sticky":false,"template":"","format":"standard","meta":{"footnotes":"","jetpack_publicize_message":"","jetpack_publicize_feature_enabled":true,"jetpack_social_post_already_shared":false,"jetpack_social_options":{"image_generator_settings":{"template":"highway","default_image_id":0,"font":"","enabled":false},"version":2}},"categories":[15],"tags":[37,389,390,146],"class_list":["post-2739","post","type-post","status-publish","format-standard","has-post-thumbnail","hentry","category-lo-que-tenes-que-saber","tag-destacada","tag-macri","tag-ruta-7","tag-vidal"],"jetpack_publicize_connections":[],"jetpack_featured_media_url":"https:\/\/revistaepocadigital.com.ar\/wp-content\/uploads\/2019\/06\/Macri-y-Vidal-San-Andr\u00e9s-de-Giles-2.jpg","jetpack_likes_enabled":true,"_links":{"self":[{"href":"https:\/\/revistaepocadigital.com.ar\/index.php?rest_route=\/wp\/v2\/posts\/2739","targetHints":{"allow":["GET"]}}],"collection":[{"href":"https:\/\/revistaepocadigital.com.ar\/index.php?rest_route=\/wp\/v2\/posts"}],"about":[{"href":"https:\/\/revistaepocadigital.com.ar\/index.php?rest_route=\/wp\/v2\/types\/post"}],"author":[{"embeddable":true,"href":"https:\/\/revistaepocadigital.com.ar\/index.php?rest_route=\/wp\/v2\/users\/3"}],"replies":[{"embeddable":true,"href":"https:\/\/revistaepocadigital.com.ar\/index.php?rest_route=%2Fwp%2Fv2%2Fcomments&post=2739"}],"version-history":[{"count":0,"href":"https:\/\/revistaepocadigital.com.ar\/index.php?rest_route=\/wp\/v2\/posts\/2739\/revisions"}],"wp:featuredmedia":[{"embeddable":true,"href":"https:\/\/revistaepocadigital.com.ar\/index.php?rest_route=\/wp\/v2\/media\/2741"}],"wp:attachment":[{"href":"https:\/\/revistaepocadigital.com.ar\/index.php?rest_route=%2Fwp%2Fv2%2Fmedia&parent=2739"}],"wp:term":[{"taxonomy":"category","embeddable":true,"href":"https:\/\/revistaepocadigital.com.ar\/index.php?rest_route=%2Fwp%2Fv2%2Fcategories&post=2739"},{"taxonomy":"post_tag","embeddable":true,"href":"https:\/\/revistaepocadigital.com.ar\/index.php?rest_route=%2Fwp%2Fv2%2Ftags&post=2739"}],"curies":[{"name":"wp","href":"https:\/\/api.w.org\/{rel}","templated":true}]}}