{"id":27396,"date":"2024-11-17T02:50:17","date_gmt":"2024-11-17T05:50:17","guid":{"rendered":"https:\/\/revistaepocadigital.com.ar\/?p=27396"},"modified":"2024-11-17T03:59:48","modified_gmt":"2024-11-17T06:59:48","slug":"ana-acevedo-apasionada-por-los-libros-publico-su-primer-trabajo","status":"publish","type":"post","link":"https:\/\/revistaepocadigital.com.ar\/?p=27396","title":{"rendered":"ANA ACEVEDO, APASIONADA POR LOS LIBROS, PUBLIC\u00d3 SU PRIMER TRABAJO"},"content":{"rendered":"<div>\n<header class=\"r_BN D_F W_6D6F p_R P_Zjgzuf ir_0\" aria-label=\"Mensaje\">\n<div class=\"D_F ac_FT ab_CI en_0\">\n<figure id=\"attachment_27401\" aria-describedby=\"caption-attachment-27401\" style=\"width: 432px\" class=\"wp-caption aligncenter\"><img loading=\"lazy\" decoding=\"async\" class=\"size-full wp-image-27401\" src=\"https:\/\/revistaepocadigital.com.ar\/wp-content\/uploads\/2024\/11\/350937730_269719208887902_2540191724132917709_n.jpg\" alt=\"\" width=\"432\" height=\"540\" srcset=\"https:\/\/revistaepocadigital.com.ar\/wp-content\/uploads\/2024\/11\/350937730_269719208887902_2540191724132917709_n.jpg 432w, https:\/\/revistaepocadigital.com.ar\/wp-content\/uploads\/2024\/11\/350937730_269719208887902_2540191724132917709_n-240x300.jpg 240w, https:\/\/revistaepocadigital.com.ar\/wp-content\/uploads\/2024\/11\/350937730_269719208887902_2540191724132917709_n-336x420.jpg 336w\" sizes=\"auto, (max-width: 432px) 100vw, 432px\" \/><figcaption id=\"caption-attachment-27401\" class=\"wp-caption-text\">Ana Acevedo, la\u00a0 autora.<\/figcaption><\/figure>\n<p><strong>IMPORTANTE LOGRO. EL PRIMER LIBRO ESCRITO.<\/strong><\/div>\n<\/header>\n<div>EL TESTIMONIO DE LA AUTORA, UNA JOVEN CAPILLENSE,<\/div>\n<header class=\"r_BN D_F W_6D6F p_R P_Zjgzuf ir_0\" aria-label=\"Mensaje\">\n<div class=\"D_F en_0 M_3gJOe A_6Eb4 c1AVi73_6EWk C_Z1VRqsb\" data-test-id=\"message-date\"><\/div>\n<div class=\"D_F ab_CI en_0 H_6Fd5 W_6Fd5 lv_1IWXzk h_Z13pql2 h4_2d9T5e\"><\/div>\n<\/header>\n<\/div>\n<p><!--more--><\/p>\n<div data-test-id=\"message-body-container\">\n<div class=\"I_ZkbNhI D_FY W_6D6F\" data-test-id=\"message-view-body\">\n<div class=\"X_6MGW\"><\/div>\n<div class=\"msg-body P_wpofO mq_AS\" data-test-id=\"message-view-body-content\">\n<div class=\"jb_0 X_6MGW N_6Fd5\">\n<div>\n<div id=\"yiv1457928960\">\n<div dir=\"ltr\">\n<div dir=\"ltr\"><em>Mi nombre es Ana Acevedo, nacida en Capilla del Se\u00f1or. Tengo 27 a\u00f1os y me apasionan los libros desde que soy ni\u00f1a. Mi primer libro fue un cuento infantil que me regal\u00f3 mi t\u00eda Yuli y que me adentr\u00f3 en este mundo tan m\u00e1gico que es la literatura. Comenc\u00e9 a escribir desde peque\u00f1a, en la primar\u00eda me resultaba muy sencillo escribir cuentos cortos, siempre tuve una gran imaginaci\u00f3n para crear mundos, personajes, situaciones, historias. Cerca de mis doce a\u00f1os en adelante conoc\u00ed una p\u00e1gina en d\u00f3nde se suelen subir novelas, Wattpad y ah\u00ed compart\u00eda todo lo que escrib\u00eda, novelas de r\u00f3mance sobre todo.\u00a0<\/em><\/div>\n<div dir=\"ltr\"><\/div>\n<div dir=\"ltr\">\n<div><em>He so\u00f1ado con publicar mi propio libro por muchos a\u00f1os, por lo que en el 2023 decid\u00ed comenzar a escribir algo a lo que le dedicar\u00eda mas tiempo porque quer\u00eda publicarlo.\u00a0<\/em><\/div>\n<div><em>El 10 de marzo del 2023 comenc\u00e9 a escribir esta novela y lo termin\u00e9 en Febrero del 2024, con sus revisiones y ediciones.\u00a0<\/em><\/div>\n<div><\/div>\n<div><em>Busqu\u00e9 los contactos de todas las editoriales que pudiera. Desde editoriales grandes como Planeta hasta otras m\u00e1s peque\u00f1as.\u00a0<\/em><\/div>\n<div><em>A Mir\u00edficas las conozco desde el 2022, no recuerdo como llegu\u00e9 a su perfil en Instragram pero me gustaban sus libros y su inter\u00e9s por publicar a mujeres y ayudarlas a hacer visible su arte.\u00a0<\/em><em>Les mand\u00e9 el manuscrito y en menos de un mes me respondieron mostrando su inter\u00e9s por la obra.\u00a0<\/em><\/div>\n<div><\/div>\n<div><em>Fueron meses de correci\u00f3n, edici\u00f3n y charlas para sacarle el mayor provecho a la historia. Las chicas de la editorial son divinas, me quitaron todos los miedos y dudas que una principiante puede tener, todo esto era nuevo para m\u00ed.\u00a0<\/em><\/div>\n<div><em>En septiembre de este a\u00f1o sale a la preventa mi primera novela, espero que la primera de muchas.\u00a0<\/em><\/div>\n<\/div>\n<div><img loading=\"lazy\" decoding=\"async\" class=\"aligncenter size-full wp-image-27398\" src=\"https:\/\/revistaepocadigital.com.ar\/wp-content\/uploads\/2024\/11\/LIBRO.jpg\" alt=\"\" width=\"526\" height=\"526\" srcset=\"https:\/\/revistaepocadigital.com.ar\/wp-content\/uploads\/2024\/11\/LIBRO.jpg 526w, https:\/\/revistaepocadigital.com.ar\/wp-content\/uploads\/2024\/11\/LIBRO-300x300.jpg 300w, https:\/\/revistaepocadigital.com.ar\/wp-content\/uploads\/2024\/11\/LIBRO-150x150.jpg 150w, https:\/\/revistaepocadigital.com.ar\/wp-content\/uploads\/2024\/11\/LIBRO-420x420.jpg 420w\" sizes=\"auto, (max-width: 526px) 100vw, 526px\" \/><\/div>\n<div dir=\"ltr\">\n<div><\/div>\n<div><em>Me apasiona escribir, como dije anteriormente, crear nuevos mundos, nuevos personajes y sus personalidades, nuevas historias.\u00a0<\/em><em>Creo que los libros tienen sus magia, porque sin necesidad de ver una pantalla, nos permiten vivir emociones y experiencias con solo leer p\u00e1ginas. Nos permiten llorar, re\u00edr o enojarnos. Nos hacen sentir que caminamos por calles de Par\u00eds o que estamos dentro de un mundo con dragones y elfos, o que somos detectives y tenemos que resolver un caso&#8230; los libros son m\u00e1gicos. Y espero poder lograr todo eso con los que yo escribo.\u00a0<\/em><\/div>\n<div><\/div>\n<div><em>En cuanto a mi libro, es un romance historico. Tenemos a nuestros protagonistas Freya y Erick. Dos j\u00f3venes que se conocieron en su ni\u00f1ez pero por circunstancias de la vida tuvieron que separarse, logrando que no volvieran a saber nada el uno del otro.\u00a0<\/em><\/div>\n<div><em>Hasta que once a\u00f1os despu\u00e9s por obra del destino se cruzan. \u00c9l ya es el rey de Sylkeria y ella es una ladrona que intenta sobrevivir.<\/em><\/div>\n<div><em>Erick le ofrece un lugar en su palacio solo para tenerla cerca y poder revelarle que \u00e9l es el ni\u00f1o que hace once a\u00f1os atr\u00e1s conoci\u00f3, pero adem\u00e1s de ese secreto hay otro m\u00e1s oscuro y terrible.\u00a0<\/em><em>Deber\u00e1n enfrentarse a sus miedos y prejuicios para poder estar juntos.\u00a0<\/em><\/div>\n<div><em>Hay misterios y traiciones que se revelar\u00e1n poco a poco.\u00a0<\/em><\/div>\n<div><em>Es una novela corta y f\u00e1cil de leer, muy entretenida.\u00a0<\/em><\/div>\n<div><\/div>\n<div><em>Un dato que no quiero dejar pasar por alto es que M\u00edrificas, la editorial, participa de la Feria Internacional del Libro, por lo que el a\u00f1o que viene podr\u00e1n encontrarme ah\u00ed firmando mi novela.\u00a0<\/em><em>Para quienes quieran conseguirlo, les dejar\u00e9 el link de la p\u00e1gina online de la editorial que es all\u00ed donde se encuentra&#8221;.<\/em><\/div>\n<\/div>\n<\/div>\n<div><\/div>\n<\/div>\n<\/div>\n<\/div>\n<\/div>\n<\/div>\n<\/div>\n","protected":false},"excerpt":{"rendered":"<p>IMPORTANTE LOGRO. EL PRIMER LIBRO ESCRITO. EL TESTIMONIO DE LA AUTORA, UNA JOVEN CAPILLENSE,<\/p>\n","protected":false},"author":3,"featured_media":27398,"comment_status":"open","ping_status":"open","sticky":false,"template":"","format":"standard","meta":{"footnotes":"","jetpack_publicize_message":"","jetpack_publicize_feature_enabled":true,"jetpack_social_post_already_shared":true,"jetpack_social_options":{"image_generator_settings":{"template":"highway","default_image_id":0,"font":"","enabled":false},"version":2}},"categories":[15],"tags":[37,2958,2957],"class_list":["post-27396","post","type-post","status-publish","format-standard","has-post-thumbnail","hentry","category-lo-que-tenes-que-saber","tag-destacada","tag-escritora-capillense","tag-libro"],"jetpack_publicize_connections":[],"jetpack_featured_media_url":"https:\/\/revistaepocadigital.com.ar\/wp-content\/uploads\/2024\/11\/LIBRO.jpg","jetpack_likes_enabled":true,"_links":{"self":[{"href":"https:\/\/revistaepocadigital.com.ar\/index.php?rest_route=\/wp\/v2\/posts\/27396","targetHints":{"allow":["GET"]}}],"collection":[{"href":"https:\/\/revistaepocadigital.com.ar\/index.php?rest_route=\/wp\/v2\/posts"}],"about":[{"href":"https:\/\/revistaepocadigital.com.ar\/index.php?rest_route=\/wp\/v2\/types\/post"}],"author":[{"embeddable":true,"href":"https:\/\/revistaepocadigital.com.ar\/index.php?rest_route=\/wp\/v2\/users\/3"}],"replies":[{"embeddable":true,"href":"https:\/\/revistaepocadigital.com.ar\/index.php?rest_route=%2Fwp%2Fv2%2Fcomments&post=27396"}],"version-history":[{"count":0,"href":"https:\/\/revistaepocadigital.com.ar\/index.php?rest_route=\/wp\/v2\/posts\/27396\/revisions"}],"wp:featuredmedia":[{"embeddable":true,"href":"https:\/\/revistaepocadigital.com.ar\/index.php?rest_route=\/wp\/v2\/media\/27398"}],"wp:attachment":[{"href":"https:\/\/revistaepocadigital.com.ar\/index.php?rest_route=%2Fwp%2Fv2%2Fmedia&parent=27396"}],"wp:term":[{"taxonomy":"category","embeddable":true,"href":"https:\/\/revistaepocadigital.com.ar\/index.php?rest_route=%2Fwp%2Fv2%2Fcategories&post=27396"},{"taxonomy":"post_tag","embeddable":true,"href":"https:\/\/revistaepocadigital.com.ar\/index.php?rest_route=%2Fwp%2Fv2%2Ftags&post=27396"}],"curies":[{"name":"wp","href":"https:\/\/api.w.org\/{rel}","templated":true}]}}