{"id":27431,"date":"2024-11-24T22:39:41","date_gmt":"2024-11-25T01:39:41","guid":{"rendered":"https:\/\/revistaepocadigital.com.ar\/?p=27431"},"modified":"2024-11-24T22:39:41","modified_gmt":"2024-11-25T01:39:41","slug":"el-campo-en-alerta-se-disparan-las-importaciones-de-alimentos-y-productos-agroindustriales","status":"publish","type":"post","link":"https:\/\/revistaepocadigital.com.ar\/?p=27431","title":{"rendered":"El campo en alerta: se disparan las importaciones de alimentos y productos agroindustriales"},"content":{"rendered":"<p><strong>Subieron un 41% interanual en septiembre. Las econom\u00edas regionales comienzan a sentir el impacto de la apreciaci\u00f3n cambiaria y la apertura comercial. Cerdos, vinos y tomate, los productos que m\u00e1s crecen.<\/strong><!--more--><\/p>\n<p>El Gobierno anunci\u00f3 la liberaci\u00f3n de exportaci\u00f3n e importaci\u00f3n de obras de arte<br \/>\nEl fen\u00f3meno de los bazares chinos en Argentina: los nuevos &#8220;Todos x 2 pesos&#8221; que proliferan al calor de la apertura de importaciones<br \/>\nLas econom\u00edas regionales tambi\u00e9n comienzan a mirar de reojo el proceso de apertura.<br \/>\nLas econom\u00edas regionales tambi\u00e9n comienzan a mirar de reojo el proceso de apertura.<\/p>\n<p>Las importaciones se despertaron. Registraron durante octubre su primer incremento interanual en los \u00faltimos dos a\u00f1os. La pol\u00edtica de apertura comienza a sentirse en los sectores productivos. No solo en la industria, tambi\u00e9n en el campo. En septiembre se compraron alimentos por u$s148 millones, lo que marca un crecimiento del 41% en comparaci\u00f3n al 2023. En algunos productos como los vinos o la carne de cerdo la suba es superior al 500% en comparaci\u00f3n al 2023. El Gobierno apunta a bajar los precios dom\u00e9sticos pero los productores advierten que la situaci\u00f3n es asfixiante por la suba de costos. La apreciaci\u00f3n cambiaria y la competitividad argentina en la mira.<\/p>\n<p>El Gobierno avanza de forma acelerada con la apertura del comercio exterior. Los primeros impactos se ven de forma m\u00e1s representativa en la industria que ya alerta sobre los riesgos para las empresas del sector. Pero la llegada de productos extranjeros comienza a encender alarma en distintos sectores.<\/p>\n<p><em>Informate m\u00e1s<\/em><br \/>\n<em>Las pymes temen a una invasi\u00f3nde productos chinos.<\/em><br \/>\n<em>Pymes celebran el permiso del BCRA para pagar importaciones con d\u00f3lares propios, pero hacen una advertencia<\/em><br \/>\n<em>El Gobierno relaja las exigencias para el pago de importaciones.<\/em><br \/>\n<em>El BCRA flexibiliza los pagos de importaciones y acorta los plazos para hacerlos con d\u00f3lares propios<\/em><\/p>\n<p>De acuerdo al informe del Intercambio Comercial Argentino (ICA) del INDEC, en septiembre se destinaron u$s148 millones a la importaci\u00f3n de alimentos y bebidas. Esta cifra marca un incremento interanual del 41% y el punto m\u00e1s alto en los \u00faltimos doce meses. Proyecciones privadas sobre los datos oficiales, indican que en octubre la tendencia se profundiz\u00f3.<\/p>\n<p><img loading=\"lazy\" decoding=\"async\" class=\"aligncenter size-full wp-image-27433\" src=\"https:\/\/revistaepocadigital.com.ar\/wp-content\/uploads\/2024\/11\/silo-campopng-1.webp\" alt=\"\" width=\"655\" height=\"368\" srcset=\"https:\/\/revistaepocadigital.com.ar\/wp-content\/uploads\/2024\/11\/silo-campopng-1.webp 655w, https:\/\/revistaepocadigital.com.ar\/wp-content\/uploads\/2024\/11\/silo-campopng-1-300x169.webp 300w\" sizes=\"auto, (max-width: 655px) 100vw, 655px\" \/><\/p>\n<p>&nbsp;<\/p>\n<p>Carne porcina, vinos y tomate, los que m\u00e1s crecen<br \/>\nUn caso resonante es el de la carne porcina. De un volumen de 476 toneladas en junio escal\u00f3 hasta las 2.552 en septiembre y de acuerdo a consultores del sector en octubre se habr\u00edan superado las 3.300 toneladas. Esto es un 500% m\u00e1s que el a\u00f1o anterior. Los productores locales ya sienten el impacto, sobre todo por la bondiola y el solomillo que llegan desde Brasil.<\/p>\n<p>\u201cHay un impacto negativo para la producci\u00f3n local. El volumen, por ahora, es peque\u00f1o comparado con el consumo total, pero esto juega en contra a la hora de establecer el precio de la cadena de valor\u201d, se\u00f1al\u00f3 una fuente del sector que se mostr\u00f3 poco optimista sobre la posibilidad de que se apliquen barreras al ingreso de estos productos.<\/p>\n<p>Las econom\u00edas regionales tambi\u00e9n comienzan a mirar de reojo el proceso de apertura. Entre enero y septiembre se importaron 12.081 toneladas de pulpa de tomate. Un 104% m\u00e1s que en 2023.<\/p>\n<p>Otro caso: en el vino hay un incremento del 513%. Ingresaron 4.311 toneladas contra 703 en el mismo periodo del a\u00f1o anterior. Los vol\u00famenes por ahora no rompen las cadenas productivas, pero de vuelta son se\u00f1ales que en el sector observan como s\u00edntomas de un cambio de r\u00e9gimen.<\/p>\n<p>P\u00e9rdida de competitividad<br \/>\n\u201cEl fortalecimiento del peso frente al d\u00f3lar en los \u00faltimos once meses ha generado un aumento en d\u00f3lares de determinados costos en pesos que erosionan la competitividad exportadora agroindustrial. En otras palabras, la Argentina est\u00e1 cada vez m\u00e1s cara en d\u00f3lares\u201d, explicaron desde el Instituto de Desarrollo Agroindustrial Argentino.<\/p>\n<p>En esa l\u00ednea, advirtieron que \u201cla pol\u00edtica que lleva adelante Econom\u00eda corre el riesgo de asfixiar a las cadenas productivas que agregan valor a los productos primarios, crean puestos de trabajo de calidad y exportaciones de alto valor unitario\u201d y destacaron: \u201cEstos n\u00fameros pueden ser apenas la punta del iceberg que encienden la luz amarilla sobre el sector agroindustrial\u201d.<\/p>\n<p>En el Gobierno afirman que la apreciaci\u00f3n cambiaria lleg\u00f3 para quedarse. El pr\u00f3ximo paso es la eliminaci\u00f3n por completo del Impuesto PAIS. Luego vendr\u00e1 una reducci\u00f3n del ritmo de devaluaci\u00f3n del tipo de cambio oficial del 2% al 1,5% o incluso 1%. Posteriormente un nuevo esquema cambiario que por las contradicciones en sus declaraciones, ni el propio Javier Milei debe conocer.<\/p>\n<p>fuente: nota publicada en ambito.com<\/p>\n","protected":false},"excerpt":{"rendered":"<p>Subieron un 41% interanual en septiembre. Las econom\u00edas regionales comienzan a sentir el impacto de la apreciaci\u00f3n cambiaria y la apertura comercial. Cerdos, vinos y tomate, los productos que m\u00e1s crecen.<\/p>\n","protected":false},"author":3,"featured_media":27433,"comment_status":"open","ping_status":"open","sticky":false,"template":"","format":"standard","meta":{"footnotes":"","jetpack_publicize_message":"","jetpack_publicize_feature_enabled":true,"jetpack_social_post_already_shared":true,"jetpack_social_options":{"image_generator_settings":{"template":"highway","default_image_id":0,"font":"","enabled":false},"version":2}},"categories":[17],"tags":[610,2959],"class_list":["post-27431","post","type-post","status-publish","format-standard","has-post-thumbnail","hentry","category-politica","tag-campo","tag-importaciones"],"jetpack_publicize_connections":[],"jetpack_featured_media_url":"https:\/\/revistaepocadigital.com.ar\/wp-content\/uploads\/2024\/11\/silo-campopng-1.webp","jetpack_likes_enabled":true,"_links":{"self":[{"href":"https:\/\/revistaepocadigital.com.ar\/index.php?rest_route=\/wp\/v2\/posts\/27431","targetHints":{"allow":["GET"]}}],"collection":[{"href":"https:\/\/revistaepocadigital.com.ar\/index.php?rest_route=\/wp\/v2\/posts"}],"about":[{"href":"https:\/\/revistaepocadigital.com.ar\/index.php?rest_route=\/wp\/v2\/types\/post"}],"author":[{"embeddable":true,"href":"https:\/\/revistaepocadigital.com.ar\/index.php?rest_route=\/wp\/v2\/users\/3"}],"replies":[{"embeddable":true,"href":"https:\/\/revistaepocadigital.com.ar\/index.php?rest_route=%2Fwp%2Fv2%2Fcomments&post=27431"}],"version-history":[{"count":0,"href":"https:\/\/revistaepocadigital.com.ar\/index.php?rest_route=\/wp\/v2\/posts\/27431\/revisions"}],"wp:featuredmedia":[{"embeddable":true,"href":"https:\/\/revistaepocadigital.com.ar\/index.php?rest_route=\/wp\/v2\/media\/27433"}],"wp:attachment":[{"href":"https:\/\/revistaepocadigital.com.ar\/index.php?rest_route=%2Fwp%2Fv2%2Fmedia&parent=27431"}],"wp:term":[{"taxonomy":"category","embeddable":true,"href":"https:\/\/revistaepocadigital.com.ar\/index.php?rest_route=%2Fwp%2Fv2%2Fcategories&post=27431"},{"taxonomy":"post_tag","embeddable":true,"href":"https:\/\/revistaepocadigital.com.ar\/index.php?rest_route=%2Fwp%2Fv2%2Ftags&post=27431"}],"curies":[{"name":"wp","href":"https:\/\/api.w.org\/{rel}","templated":true}]}}