{"id":27436,"date":"2024-11-24T22:53:49","date_gmt":"2024-11-25T01:53:49","guid":{"rendered":"https:\/\/revistaepocadigital.com.ar\/?p=27436"},"modified":"2024-11-25T17:05:12","modified_gmt":"2024-11-25T20:05:12","slug":"scaloni-se-subio-a-la-bici-en-el-sur-y-fue-ovacionado","status":"publish","type":"post","link":"https:\/\/revistaepocadigital.com.ar\/?p=27436","title":{"rendered":"SCALONI SE SUBI\u00d3 A LA BICI EN EL SUR Y FUE OVACIONADO"},"content":{"rendered":"<p><strong>Complet\u00f3 el Gran Fondo de los 7 Lagos y fue ovacionado<\/strong><br \/>\n<strong>Adem\u00e1s del DT, participaron otras figuras del deporte argentino como Pablo Aimar, Walter Samuel, Gabriela Sabatini y Santiago Lange.<\/strong><!--more--><\/p>\n<p>La era Scaloni en la Selecci\u00f3n Argentina: de no estar en el Top 10 a ser la mejor del mundo<br \/>\nScaloni, entrenador y tambi\u00e9n ciclista: el DT compiti\u00f3 en el Gran Fondo 7 Lagos y finaliz\u00f3 35\u00b0 en el Gran Fondo de los 7 Lagos.<\/p>\n<p>El entrenador de la Selecci\u00f3n argentina, Lionel Scaloni, sorprendi\u00f3 al participar del del Gran Fondo 7 Lagos, la competencia de bicicleta de ruta y mountain bike que une San Mart\u00edn de los Andes y Villa La Angostura. El recorrido total de la carrera fue de 110 kil\u00f3metros y participaron 3.500 personas.<\/p>\n<p>El DT no fue la \u00fanica figura del deporte argentino en sumarse al desaf\u00edo. Tambi\u00e9n participaron sus compa\u00f1eros de cuerpo t\u00e9cnico Pablo Aimar y Walter Samuel y los medallistas ol\u00edmpicos Santiago Lange y Gabriela Sabatini. El compromiso deportivo se llev\u00f3 a cabo con paisajes impresionantes, con una ruta que bordea los lagos Espejo, Correntoso, Escondido, Villarino, Falkner, Mach\u00f3nico y L\u00e1car.<\/p>\n<figure id=\"attachment_27442\" aria-describedby=\"caption-attachment-27442\" style=\"width: 730px\" class=\"wp-caption aligncenter\"><img loading=\"lazy\" decoding=\"async\" class=\"size-full wp-image-27442\" src=\"https:\/\/revistaepocadigital.com.ar\/wp-content\/uploads\/2024\/11\/sabati.jpg\" alt=\"\" width=\"730\" height=\"935\" srcset=\"https:\/\/revistaepocadigital.com.ar\/wp-content\/uploads\/2024\/11\/sabati.jpg 730w, https:\/\/revistaepocadigital.com.ar\/wp-content\/uploads\/2024\/11\/sabati-234x300.jpg 234w, https:\/\/revistaepocadigital.com.ar\/wp-content\/uploads\/2024\/11\/sabati-696x891.jpg 696w, https:\/\/revistaepocadigital.com.ar\/wp-content\/uploads\/2024\/11\/sabati-328x420.jpg 328w, https:\/\/revistaepocadigital.com.ar\/wp-content\/uploads\/2024\/11\/sabati-656x840.jpg 656w\" sizes=\"auto, (max-width: 730px) 100vw, 730px\" \/><figcaption id=\"caption-attachment-27442\" class=\"wp-caption-text\">Gabriela Sabatini tambi\u00e9n compiti\u00f3.<\/figcaption><\/figure>\n<p>\u201cLa carrera tiene como objetivo generar un ambiente para que participen todas las personas a las que les apasiona tanto el deporte, la aventura, la vida al aire libre y la naturaleza. En la ruta de los 7 Lagos conviven en delicada armon\u00eda los lagos L\u00e1car, Mach\u00f3nico, Falkner, Villarino, Espejo, Correntoso y Nahuel Huapi, contenidos por los parques nacionales Lan\u00edn y Nahuel Huapi, que adem\u00e1s resguardan arroyos, cascadas, valles y monta\u00f1as\u201d, aseguraron desde el Gran Fondo 7 Lagos.<\/p>\n<p>Furor por Scaloni en el Gran Fondo de los 7 Lagos<br \/>\nTras cruzar la l\u00ednea de llegada en Villa La Angostura, Scaloni, amante del ciclismo, fue ovacionado por los locales. M\u00e1s tarde se mostr\u00f3 cercano a la gente y firm\u00f3 cada aut\u00f3grafo que le pidieron.<\/p>\n<p>El director t\u00e9cnico, campe\u00f3n del mundo en Qatar 2022, complet\u00f3 los 110 kil\u00f3metros en un tiempo de 3h12m58s y finaliz\u00f3 en el puesto 35\u00b0, a 27 minutos del ganador. Por su parte, Samuel finaliz\u00f3 70\u00b0 (04:32:08) y Aimar 72\u00b0 (04:42:16).<\/p>\n<p>\u201cFue una experiencia espectacular. Al final, con el agregado de la lluvia, el fr\u00edo y el viento, fue \u00e9pica. A la media hora de salir empez\u00f3 a llover, y el fr\u00edo fue intenso, as\u00ed que es doblemente gratificante haber podido llegar\u201d, celebr\u00f3 Scaloni. \u201cEs un desaf\u00edo en el que compet\u00eds contra vos mismo, y eso te hace estar bien. Los desaf\u00edos siempre se afrontan mejor cuando est\u00e1s bien\u201d, cerr\u00f3 el nacido en Pujato.<\/p>\n<p>El ganador de la prueba fue Sergio Fredes con un tiempo de 02h45m21s<\/p>\n<p>&nbsp;<\/p>\n<p>nota publicada en ambito.com<\/p>\n","protected":false},"excerpt":{"rendered":"<p>Complet\u00f3 el Gran Fondo de los 7 Lagos y fue ovacionado Adem\u00e1s del DT, participaron otras figuras del deporte argentino como Pablo Aimar, Walter Samuel, Gabriela Sabatini y Santiago Lange.<\/p>\n","protected":false},"author":3,"featured_media":27461,"comment_status":"open","ping_status":"open","sticky":false,"template":"","format":"standard","meta":{"footnotes":"","jetpack_publicize_message":"","jetpack_publicize_feature_enabled":true,"jetpack_social_post_already_shared":true,"jetpack_social_options":{"image_generator_settings":{"template":"highway","default_image_id":0,"font":"","enabled":false},"version":2}},"categories":[9],"tags":[2961,2960],"class_list":["post-27436","post","type-post","status-publish","format-standard","has-post-thumbnail","hentry","category-deportes","tag-competencia","tag-scaloni"],"jetpack_publicize_connections":[],"jetpack_featured_media_url":"https:\/\/revistaepocadigital.com.ar\/wp-content\/uploads\/2024\/11\/sca.jpg","jetpack_likes_enabled":true,"_links":{"self":[{"href":"https:\/\/revistaepocadigital.com.ar\/index.php?rest_route=\/wp\/v2\/posts\/27436","targetHints":{"allow":["GET"]}}],"collection":[{"href":"https:\/\/revistaepocadigital.com.ar\/index.php?rest_route=\/wp\/v2\/posts"}],"about":[{"href":"https:\/\/revistaepocadigital.com.ar\/index.php?rest_route=\/wp\/v2\/types\/post"}],"author":[{"embeddable":true,"href":"https:\/\/revistaepocadigital.com.ar\/index.php?rest_route=\/wp\/v2\/users\/3"}],"replies":[{"embeddable":true,"href":"https:\/\/revistaepocadigital.com.ar\/index.php?rest_route=%2Fwp%2Fv2%2Fcomments&post=27436"}],"version-history":[{"count":0,"href":"https:\/\/revistaepocadigital.com.ar\/index.php?rest_route=\/wp\/v2\/posts\/27436\/revisions"}],"wp:featuredmedia":[{"embeddable":true,"href":"https:\/\/revistaepocadigital.com.ar\/index.php?rest_route=\/wp\/v2\/media\/27461"}],"wp:attachment":[{"href":"https:\/\/revistaepocadigital.com.ar\/index.php?rest_route=%2Fwp%2Fv2%2Fmedia&parent=27436"}],"wp:term":[{"taxonomy":"category","embeddable":true,"href":"https:\/\/revistaepocadigital.com.ar\/index.php?rest_route=%2Fwp%2Fv2%2Fcategories&post=27436"},{"taxonomy":"post_tag","embeddable":true,"href":"https:\/\/revistaepocadigital.com.ar\/index.php?rest_route=%2Fwp%2Fv2%2Ftags&post=27436"}],"curies":[{"name":"wp","href":"https:\/\/api.w.org\/{rel}","templated":true}]}}