{"id":2748,"date":"2019-06-21T14:43:18","date_gmt":"2019-06-21T17:43:18","guid":{"rendered":"https:\/\/revistaepocadigital.com.ar\/?p=2748"},"modified":"2019-06-24T23:42:32","modified_gmt":"2019-06-25T02:42:32","slug":"aqui-estan-estos-son-la-lista-de-luciano-ferreyra","status":"publish","type":"post","link":"https:\/\/revistaepocadigital.com.ar\/?p=2748","title":{"rendered":"Aqu\u00ed est\u00e1n, estos son: la lista de Luciano Ferreyra"},"content":{"rendered":"<div class=\"msg-body P_wpofO iy_A\" data-test-id=\"message-view-body-content\">\n<div class=\"jb_0 X_6MGW N_6Fd5\">\n<div>\n<div id=\"yiv5101980904\">\n<div>\n<div><strong>EL JUSTICIALISTA ENCABEZA LA DEL FRENTE TODOS UNIDOS POR EXALTACI\u00d3N QUE VA A LAS P.A.S.O.<\/strong><\/div>\n<div><!--more--><\/div>\n<div><\/div>\n<div><em>&#8220;Un orgullo que me infla el alma, me brota al referirme a la lista que ha nacido del pueblo de Exaltacion de la Cruz&#8221;<\/em>, ha dicho <strong>Ferreyra <\/strong>al proporcionar la lista a <strong>EPOCA,<\/strong> tal como las ves m\u00e1s abajo<strong>.<br \/>\n<\/strong><\/div>\n<div><\/div>\n<p><em>&#8220;Somos vecinos y vecinas, militantes, trabajadores. Somos un gran colectivo de militantes incansables, que sue\u00f1a con ese glorioso municipio que nos devuelva la alegr\u00eda y la esperanza&#8221;,<\/em> remarc\u00f3 despu\u00e9s. La lista encabezada por Ferreyra apoya la candidatura a presidente y vice de Alberto Fern\u00e1ndez y Cristina Fern\u00e1ndez de Kirchner, y en la provincia de Buenos Aires, las de <span class=\"st\">Axel Kicillof y Ver\u00f3nica Magario como candidatos a gobernador y vice, respectivamente.<\/span><\/p>\n<\/div>\n<\/div>\n<\/div>\n<\/div>\n<div data-test-id=\"message-view-body\">\n<div class=\"msg-body P_wpofO iy_A\" data-test-id=\"message-view-body-content\">\n<div class=\"jb_0 X_6MGW N_6Fd5\">\n<div>\n<div id=\"yiv6407532749\">\n<div dir=\"ltr\">\n<p class=\"yiv6407532749MsoNormal\">Consultado Ferreyra acerca de la conformaci\u00f3n de la lista, sostuvo que result\u00f3 &#8220;una consecuencia de m\u00e1s de 10 a\u00f1os de trabajo, acumulaci\u00f3n, construcci\u00f3n pol\u00edtica y militancia. Somos una construcci\u00f3n social de cambio y transformaci\u00f3n. El distrito necesita j\u00f3venes comprometidos, con ganas, creatividad y experiencia&#8221;.<\/p>\n<p class=\"yiv6407532749MsoNormal\">Y enseguida pormenoriz\u00f3 &#8220;nuestro espacio, financia de manera autogestionada tres centros culturales, uno en Capilla, otro en Robles y otro en Cardales. Adem\u00e1s, apadrina cuatro merenderos y es responsable de dos ferias, una en Robles y otra en Cardales. Demostramos que somos capaces, y tenemos la firme decisi\u00f3n pol\u00edtica de hacer frente a los problemas de la gente, administrar transparente y eficientemente el municipio, sabiendo que podemos demostrar con capacidad creativa que vamos a lograr que el distrito crezca sin perder la tranquilidad&#8221;.<\/p>\n<p class=\"yiv6407532749MsoNormal\">En relaci\u00f3n a las prioridades que se han planteado, detall\u00f3 Ferreyra, &#8220;entre otras ser\u00e1n, el trabajo y devolver la esperanza a nuestros j\u00f3venes y trabajadores que ser\u00e1 clave. Entendemos que podemos generar las condiciones para conectar a nuestros j\u00f3venes con los parques industriales como fuentes de trabajo&#8221;.<\/p>\n<p class=\"yiv6407532749MsoNormal\">Acot\u00f3 luego respecto a lo que platean,<em> &#8220;elevar el dinero circulante en Capilla y el resto del distrito ser\u00e1 prioritario. Las tarifas generaron un problema enorme en la \u00a0econom\u00eda local, y debemos encarar esa problem\u00e1tica generando puestos de trabajo. Por otro lado, fomentar el turismo, cuidar y mejorar la atenci\u00f3n del sistema de salud, trabajar en obras contantes y sonantes, embellecer el centro de cada lugar del distrito; luchar para que nuestros j\u00f3venes se queden a pensar y construir el Exaltaci\u00f3n de la Cruz de los pr\u00f3ximos 50 a\u00f1os&#8221;.<\/em> Adem\u00e1s, puntaliz\u00f3 <strong>Ferreyra<\/strong>, temas como, <em>&#8220;universidad, formaci\u00f3n, seguridad, trabajo y tranquilidad para crecer ordenadamente. Nuestros vecinos no quieren perder tranquilidad. Eso ser\u00e1 prioritario, as\u00ed como planificar el crecimiento y apuntar a un estado municipal transparente y eficiente&#8221;.<\/em><\/p>\n<p class=\"yiv6407532749MsoNormal\">Sobre la decisi\u00f3n de participar en las contiendas electorales, expuso en tono cr\u00edtico, <em>&#8220;nuestra decisi\u00f3n pol\u00edtica fue pelear la interna dentro del peronismo. Dentro del espacio que encabezan Alberto Fern\u00e1ndez y Cristina. Entendemos que es nuestro lugar natural, y no forzamos nada. Como s\u00ed le sucede \u00a0a Diego Nanni, el candidato de Defensa Comunali. Hace a\u00f1os que venimos preparando estas elecciones. El sue\u00f1o que tenemos es demostrarle a nuestro pueblo, que somos capaces de ser grandes administradores de los destinos de Exaltaci\u00f3n de la Cruz, sin tener que ser c\u00f3mplices del actual desmanejo municipal, y tampoco de las pol\u00edticas de ajuste a las que nos someten el gobierno nacional y provincial, como le sucede a Ra\u00fal Sancho&#8221;.<\/em><\/p>\n<p class=\"yiv6407532749MsoNormal\">En lo que hace a los sectores afines, asegur\u00f3, <em>&#8220;hemos logrado sumar muchos sectores; sindicales como Udocba, Utedhic, Apsai y y pol\u00edticos. Tenemos en nuestra lista compa\u00f1eros como Maxi Luciani, un abogado muy querido y capillero de toda la vida y compa\u00f1eras como Ana Alzugaray, psic\u00f3loga y docente muy reconocida de Los Cardales, entre otros. Tambi\u00e9n contamos con representantes de los sectores sindicales como Daniel Guevara (Utedic) y Javier Bravo (Apsai), compa\u00f1eros referentes sociales tales como Napo Le\u00f3n y Valeria C\u00f3ceres. Y un compa\u00f1ero dirigente pol\u00edtico peronista como Beto Llanos, que hoy representa al Frente Grande.\u00a0 A su vez, representantes de la juventud como Marcelo Velazquez y Milagros Morales, y docentes de elite como son Hern\u00e1n Dunjo, Adriana Poiman y Marcelo Mart\u00ednez.\u00a0 Es una gran lista y tenemos un hermoso sue\u00f1o, la de un grandioso Exaltaci\u00f3n de la Cruz&#8221;.<br \/>\n<\/em><\/p>\n<\/div>\n<\/div>\n<\/div>\n<\/div>\n<\/div>\n<\/div>\n<div class=\"jb_0 X_6MGW N_6Fd5\">\n<div>\n<div id=\"yiv5101980904\">\n<div>\n<p>Con Ferreyra a la cabeza, el Frente Todos Unidos por Exaltaci\u00f3n competir\u00e1 en las PASO con las listas encabezadas por<strong> Diego Nanni y Horacio Errazu. <\/strong><\/p>\n<div id=\"yiv5101980904\">\n<div class=\"jb_0 X_6MGW N_6Fd5\">\n<div>\n<div id=\"yiv5101980904\">\n<div>\n<div><strong>La lista.<\/strong><\/div>\n<div><\/div>\n<p>Intendente<br \/>\nLuciano &#8220;Lucho&#8221; Ferreyra<\/p>\n<\/div>\n<div>\n<div><\/div>\n<div>Concejales<\/div>\n<div>1. M\u00e1xi Luc\u00edani (Abogado\u00a0 Capilla del Se\u00f1or)<\/div>\n<div>2. Ana Alzuragaray (Psic\u00f3loga Los Cardales)<\/div>\n<div>3. Daniel Guevara (Sec. Adjunto gremio UTEDYC &#8211; Pav\u00f3n)<\/div>\n<div>4. Marisa Burgos (comerciante &#8211; Docente Capilla del Se\u00f1or)<\/div>\n<div>5 &#8211; Beto Llanos Dirigente Peronista y del Frente Grande<\/div>\n<div>6 &#8211; Valeria Coceres (Militante Barrial Los Cardales)<\/div>\n<div>7- Carlos Napo Le\u00f3n (Dirigente Social Parada Robles)<\/div>\n<div><\/div>\n<div>Concejales Suplentes<\/div>\n<div>1- Marta Pelozo (militante CTA Frente Barrial Los Cardales)<\/div>\n<div>2 &#8211; Javi Bravo (Dir\u00edgente Gremial Robles)<\/div>\n<div>3- Susana Pedalino (Parada Robles, Frente Grande)<\/div>\n<div>4 &#8211; Javi Lizza (comerciante Barrio Sakura)<\/div>\n<div><\/div>\n<div>Concejeros Escolares<\/div>\n<div>1. Hern\u00e1n Dunjo (Docente)<\/div>\n<div>2. Adriana Poiman (Docente &#8211; Inspectora)<\/div>\n<div>3. Marcelo Mart\u00ednez (Director)<\/div>\n<div><\/div>\n<div>Consejeros Escolares Suplentes<\/div>\n<div>1 &#8211; Betina Baldas (Docente Barrio Sakura)<\/div>\n<div>2 &#8211; Marcelo Vel\u00e1zquez ( Ref. Juventud Peronista Exaltaci\u00f3n Capilla del Se\u00f1or)<\/div>\n<div>3 &#8211; Mili Morales (Militante\u00a0 Peronista Estudiante Universitaria Parada Robles)<\/div>\n<\/div>\n<\/div>\n<\/div>\n<\/div>\n<\/div>\n<\/div>\n<\/div>\n<\/div>\n<\/div>\n<\/div>\n<p>&nbsp;<\/p>\n","protected":false},"excerpt":{"rendered":"<p>EL JUSTICIALISTA ENCABEZA LA DEL FRENTE TODOS UNIDOS POR EXALTACI\u00d3N QUE VA A LAS P.A.S.O.<\/p>\n","protected":false},"author":3,"featured_media":2760,"comment_status":"open","ping_status":"open","sticky":false,"template":"","format":"standard","meta":{"footnotes":"","jetpack_publicize_message":"","jetpack_publicize_feature_enabled":true,"jetpack_social_post_already_shared":false,"jetpack_social_options":{"image_generator_settings":{"template":"highway","default_image_id":0,"font":"","enabled":false},"version":2}},"categories":[17],"tags":[43,391],"class_list":["post-2748","post","type-post","status-publish","format-standard","has-post-thumbnail","hentry","category-politica","tag-elecciones","tag-ferreyra"],"jetpack_publicize_connections":[],"jetpack_featured_media_url":"https:\/\/revistaepocadigital.com.ar\/wp-content\/uploads\/2019\/06\/ferreyra-19.jpg","jetpack_likes_enabled":true,"_links":{"self":[{"href":"https:\/\/revistaepocadigital.com.ar\/index.php?rest_route=\/wp\/v2\/posts\/2748","targetHints":{"allow":["GET"]}}],"collection":[{"href":"https:\/\/revistaepocadigital.com.ar\/index.php?rest_route=\/wp\/v2\/posts"}],"about":[{"href":"https:\/\/revistaepocadigital.com.ar\/index.php?rest_route=\/wp\/v2\/types\/post"}],"author":[{"embeddable":true,"href":"https:\/\/revistaepocadigital.com.ar\/index.php?rest_route=\/wp\/v2\/users\/3"}],"replies":[{"embeddable":true,"href":"https:\/\/revistaepocadigital.com.ar\/index.php?rest_route=%2Fwp%2Fv2%2Fcomments&post=2748"}],"version-history":[{"count":0,"href":"https:\/\/revistaepocadigital.com.ar\/index.php?rest_route=\/wp\/v2\/posts\/2748\/revisions"}],"wp:featuredmedia":[{"embeddable":true,"href":"https:\/\/revistaepocadigital.com.ar\/index.php?rest_route=\/wp\/v2\/media\/2760"}],"wp:attachment":[{"href":"https:\/\/revistaepocadigital.com.ar\/index.php?rest_route=%2Fwp%2Fv2%2Fmedia&parent=2748"}],"wp:term":[{"taxonomy":"category","embeddable":true,"href":"https:\/\/revistaepocadigital.com.ar\/index.php?rest_route=%2Fwp%2Fv2%2Fcategories&post=2748"},{"taxonomy":"post_tag","embeddable":true,"href":"https:\/\/revistaepocadigital.com.ar\/index.php?rest_route=%2Fwp%2Fv2%2Ftags&post=2748"}],"curies":[{"name":"wp","href":"https:\/\/api.w.org\/{rel}","templated":true}]}}