{"id":27481,"date":"2024-11-26T02:58:39","date_gmt":"2024-11-26T05:58:39","guid":{"rendered":"https:\/\/revistaepocadigital.com.ar\/?p=27481"},"modified":"2024-11-26T03:02:53","modified_gmt":"2024-11-26T06:02:53","slug":"decorando-en-remeros-plaza-shopping","status":"publish","type":"post","link":"https:\/\/revistaepocadigital.com.ar\/?p=27481","title":{"rendered":"DECORANDO EN REMEROS PLAZA SHOPPING"},"content":{"rendered":"<div><b>Con la Influencer en decoraci\u00f3n Majo Firreri Remeros Plaza Shopping realiza un taller GRATUITO de decoraci\u00f3n de exteriores. Es este jueves 28 de 18 a 20.30 horas. Es en <\/b><strong>Remeros Plaza, va la Segunda Edici\u00f3n de \u201cDecorando\u201d.<\/strong><\/div>\n<p><!--more--><\/p>\n<div>\n<p><span lang=\"ES\">Este\u00a0<\/span><b><span lang=\"ES\">jueves 28 de noviembre de 18 a 20:30 horas<\/span><\/b><span lang=\"ES\">, el Centro Comercial l\u00edder de Zona Norte es escenario de una nueva jornada de aprendizaje para los amantes de la decoraci\u00f3n para el hogar.<\/span><\/p>\n<\/div>\n<figure id=\"attachment_27484\" aria-describedby=\"caption-attachment-27484\" style=\"width: 300px\" class=\"wp-caption aligncenter\"><img loading=\"lazy\" decoding=\"async\" class=\"size-medium wp-image-27484\" src=\"https:\/\/revistaepocadigital.com.ar\/wp-content\/uploads\/2024\/11\/DECORANDO-CRUDO-2024-05-300x300.jpg\" alt=\"\" width=\"300\" height=\"300\" srcset=\"https:\/\/revistaepocadigital.com.ar\/wp-content\/uploads\/2024\/11\/DECORANDO-CRUDO-2024-05-300x300.jpg 300w, https:\/\/revistaepocadigital.com.ar\/wp-content\/uploads\/2024\/11\/DECORANDO-CRUDO-2024-05-150x150.jpg 150w, https:\/\/revistaepocadigital.com.ar\/wp-content\/uploads\/2024\/11\/DECORANDO-CRUDO-2024-05-768x768.jpg 768w, https:\/\/revistaepocadigital.com.ar\/wp-content\/uploads\/2024\/11\/DECORANDO-CRUDO-2024-05-696x696.jpg 696w, https:\/\/revistaepocadigital.com.ar\/wp-content\/uploads\/2024\/11\/DECORANDO-CRUDO-2024-05-420x420.jpg 420w, https:\/\/revistaepocadigital.com.ar\/wp-content\/uploads\/2024\/11\/DECORANDO-CRUDO-2024-05-840x840.jpg 840w, https:\/\/revistaepocadigital.com.ar\/wp-content\/uploads\/2024\/11\/DECORANDO-CRUDO-2024-05.jpg 900w\" sizes=\"auto, (max-width: 300px) 100vw, 300px\" \/><figcaption id=\"caption-attachment-27484\" class=\"wp-caption-text\">DECORANDO 2024<\/figcaption><\/figure>\n<div>\n<p><b><span lang=\"ES\">De la mano de la reconocida dise\u00f1adora de interiores y creadora de contenido, Majo Firreri,\u00a0<\/span><\/b><span lang=\"ES\">se desarrolla en Remeros Plaza Shopping un taller de decoraci\u00f3n donde se brindan diversos tips orientados a la renovaci\u00f3n de espacios exteriores.<\/span><\/p>\n<p><b><span lang=\"ES\">La actividad es libre y gratuita con cupos limitados.<\/span><\/b><\/p>\n<p><b><span lang=\"ES\">Para obtener tu entrada ingresar al siguiente link:<\/span><\/b><\/p>\n<p class=\"yiv7169733423MsoNormal\"><span lang=\"ES\"><a href=\"https:\/\/www.eventbrite.com.ar\/e\/decorando2-by-remeros-plaza-tickets-1083330192769?aff=oddtdtcreator\" target=\"_blank\" rel=\"nofollow noopener noreferrer\">https:\/\/www.eventbrite.com.ar\/e\/decorando2-by-remeros-plaza-tickets-1083330192769?aff=oddtdtcreator<\/a><\/span><\/p>\n<p class=\"yiv7169733423MsoNormal\"><b><span lang=\"ES\">Remeros Plaza Shopping, se encuentra en laa Avenida Santa Mar\u00eda de las Conchas 4711, Tigre, Provincia de Buenos Aires<\/span><\/b><span lang=\"ES\">, y contin\u00faa siendo una zona de influencia por su espacio comercial y de ocio, y vuelve a ser protagonista de la escena poniendo sobre la mesa diversas alternativas que permiten disfrutar de un agradable momento.<\/span><\/p>\n<\/div>\n","protected":false},"excerpt":{"rendered":"<p>Con la Influencer en decoraci\u00f3n Majo Firreri Remeros Plaza Shopping realiza un taller GRATUITO de decoraci\u00f3n de exteriores. Es este jueves 28 de 18 a 20.30 horas. Es en Remeros Plaza, va la Segunda Edici\u00f3n de \u201cDecorando\u201d.<\/p>\n","protected":false},"author":3,"featured_media":27484,"comment_status":"open","ping_status":"open","sticky":false,"template":"","format":"standard","meta":{"footnotes":"","jetpack_publicize_message":"","jetpack_publicize_feature_enabled":true,"jetpack_social_post_already_shared":true,"jetpack_social_options":{"image_generator_settings":{"template":"highway","default_image_id":0,"font":"","enabled":false},"version":2}},"categories":[14],"tags":[2311],"class_list":["post-27481","post","type-post","status-publish","format-standard","has-post-thumbnail","hentry","category-la-gente","tag-remeros-plaza"],"jetpack_publicize_connections":[],"jetpack_featured_media_url":"https:\/\/revistaepocadigital.com.ar\/wp-content\/uploads\/2024\/11\/DECORANDO-CRUDO-2024-05.jpg","jetpack_likes_enabled":true,"_links":{"self":[{"href":"https:\/\/revistaepocadigital.com.ar\/index.php?rest_route=\/wp\/v2\/posts\/27481","targetHints":{"allow":["GET"]}}],"collection":[{"href":"https:\/\/revistaepocadigital.com.ar\/index.php?rest_route=\/wp\/v2\/posts"}],"about":[{"href":"https:\/\/revistaepocadigital.com.ar\/index.php?rest_route=\/wp\/v2\/types\/post"}],"author":[{"embeddable":true,"href":"https:\/\/revistaepocadigital.com.ar\/index.php?rest_route=\/wp\/v2\/users\/3"}],"replies":[{"embeddable":true,"href":"https:\/\/revistaepocadigital.com.ar\/index.php?rest_route=%2Fwp%2Fv2%2Fcomments&post=27481"}],"version-history":[{"count":0,"href":"https:\/\/revistaepocadigital.com.ar\/index.php?rest_route=\/wp\/v2\/posts\/27481\/revisions"}],"wp:featuredmedia":[{"embeddable":true,"href":"https:\/\/revistaepocadigital.com.ar\/index.php?rest_route=\/wp\/v2\/media\/27484"}],"wp:attachment":[{"href":"https:\/\/revistaepocadigital.com.ar\/index.php?rest_route=%2Fwp%2Fv2%2Fmedia&parent=27481"}],"wp:term":[{"taxonomy":"category","embeddable":true,"href":"https:\/\/revistaepocadigital.com.ar\/index.php?rest_route=%2Fwp%2Fv2%2Fcategories&post=27481"},{"taxonomy":"post_tag","embeddable":true,"href":"https:\/\/revistaepocadigital.com.ar\/index.php?rest_route=%2Fwp%2Fv2%2Ftags&post=27481"}],"curies":[{"name":"wp","href":"https:\/\/api.w.org\/{rel}","templated":true}]}}