{"id":27513,"date":"2024-11-29T11:10:02","date_gmt":"2024-11-29T14:10:02","guid":{"rendered":"https:\/\/revistaepocadigital.com.ar\/?p=27513"},"modified":"2024-11-29T11:14:39","modified_gmt":"2024-11-29T14:14:39","slug":"ips-quienes-perciben-haberes-hoy-viernes-29","status":"publish","type":"post","link":"https:\/\/revistaepocadigital.com.ar\/?p=27513","title":{"rendered":"IPS. \u00bfQUI\u00c9NES PERCIBEN HABERES HOY VIERNES 29?"},"content":{"rendered":"<p dir=\"ltr\">El Instituto de Previsi\u00f3n Social (IPS) inform\u00f3.<!--more--><\/p>\n<p dir=\"ltr\"><img loading=\"lazy\" decoding=\"async\" class=\"aligncenter size-full wp-image-27515\" src=\"https:\/\/revistaepocadigital.com.ar\/wp-content\/uploads\/2024\/11\/ips-logo.png\" alt=\"\" width=\"662\" height=\"72\" srcset=\"https:\/\/revistaepocadigital.com.ar\/wp-content\/uploads\/2024\/11\/ips-logo.png 662w, https:\/\/revistaepocadigital.com.ar\/wp-content\/uploads\/2024\/11\/ips-logo-300x33.png 300w\" sizes=\"auto, (max-width: 662px) 100vw, 662px\" \/><\/p>\n<p dir=\"ltr\">Este viernes 29, contin\u00faa el pago de los haberes de noviembre para las personas jubiladas y pensionadas de la provincia de Buenos Aires, seg\u00fan cronograma que se detalla a continuaci\u00f3n:<\/p>\n<ul>\n<li dir=\"ltr\">\n<p dir=\"ltr\">viernes 29 de noviembre: para jubilaciones y pensiones con DNI terminados en 4, 5, 6, 7, 8 y 9.<\/p>\n<\/li>\n<\/ul>\n<p dir=\"ltr\">\u00a0El organismo previsional record\u00f3 adem\u00e1s que el vencimiento del pago por ventanilla ser\u00e1 el 23 de dicie<\/p>\n","protected":false},"excerpt":{"rendered":"<p>El Instituto de Previsi\u00f3n Social (IPS) inform\u00f3.<\/p>\n","protected":false},"author":3,"featured_media":27515,"comment_status":"open","ping_status":"open","sticky":false,"template":"","format":"standard","meta":{"footnotes":"","jetpack_publicize_message":"","jetpack_publicize_feature_enabled":true,"jetpack_social_post_already_shared":true,"jetpack_social_options":{"image_generator_settings":{"template":"highway","default_image_id":0,"font":"","enabled":false},"version":2}},"categories":[14],"tags":[2700],"class_list":["post-27513","post","type-post","status-publish","format-standard","has-post-thumbnail","hentry","category-la-gente","tag-ips"],"jetpack_publicize_connections":[],"jetpack_featured_media_url":"https:\/\/revistaepocadigital.com.ar\/wp-content\/uploads\/2024\/11\/ips-logo.png","jetpack_likes_enabled":true,"_links":{"self":[{"href":"https:\/\/revistaepocadigital.com.ar\/index.php?rest_route=\/wp\/v2\/posts\/27513","targetHints":{"allow":["GET"]}}],"collection":[{"href":"https:\/\/revistaepocadigital.com.ar\/index.php?rest_route=\/wp\/v2\/posts"}],"about":[{"href":"https:\/\/revistaepocadigital.com.ar\/index.php?rest_route=\/wp\/v2\/types\/post"}],"author":[{"embeddable":true,"href":"https:\/\/revistaepocadigital.com.ar\/index.php?rest_route=\/wp\/v2\/users\/3"}],"replies":[{"embeddable":true,"href":"https:\/\/revistaepocadigital.com.ar\/index.php?rest_route=%2Fwp%2Fv2%2Fcomments&post=27513"}],"version-history":[{"count":0,"href":"https:\/\/revistaepocadigital.com.ar\/index.php?rest_route=\/wp\/v2\/posts\/27513\/revisions"}],"wp:featuredmedia":[{"embeddable":true,"href":"https:\/\/revistaepocadigital.com.ar\/index.php?rest_route=\/wp\/v2\/media\/27515"}],"wp:attachment":[{"href":"https:\/\/revistaepocadigital.com.ar\/index.php?rest_route=%2Fwp%2Fv2%2Fmedia&parent=27513"}],"wp:term":[{"taxonomy":"category","embeddable":true,"href":"https:\/\/revistaepocadigital.com.ar\/index.php?rest_route=%2Fwp%2Fv2%2Fcategories&post=27513"},{"taxonomy":"post_tag","embeddable":true,"href":"https:\/\/revistaepocadigital.com.ar\/index.php?rest_route=%2Fwp%2Fv2%2Ftags&post=27513"}],"curies":[{"name":"wp","href":"https:\/\/api.w.org\/{rel}","templated":true}]}}